{"id":3434,"date":"2022-11-02T15:13:54","date_gmt":"2022-11-02T15:13:54","guid":{"rendered":"http:\/\/www.corpsdiplomatique.tg\/?p=3434"},"modified":"2022-11-02T22:31:00","modified_gmt":"2022-11-02T22:31:00","slug":"1er-novembre-un-journaliste-est-alle-se-recueillir-sur-la-tombe-de-feu-joel-egah","status":"publish","type":"post","link":"https:\/\/corpsdiplomaticnews.tg\/index.php\/2022\/11\/02\/1er-novembre-un-journaliste-est-alle-se-recueillir-sur-la-tombe-de-feu-joel-egah\/","title":{"rendered":"Toussaint: \u00a0un journaliste\u00a0 est all\u00e9 se recueillir sur la tombe de\u00a0 feu Jo\u00ebl Egah\u00a0"},"content":{"rendered":"\n<p>Jo\u00ebl Egah, l\u2019une &nbsp;des figures de &nbsp;proue &nbsp;du journalisme togolais a quitt\u00e9 la terre des vivants&nbsp; le dimanche&nbsp; 06 mars &nbsp;2022. &nbsp;Deux semaines plus tard, &nbsp;le samedi 19 mars, il a \u00e9t\u00e9 inhum\u00e9 dans une atmosph\u00e8re tr\u00e8s lourde. <\/p>\n\n\n\n<p><\/p>\n\n\n\n<figure class=\"wp-block-image size-large\"><img loading=\"lazy\" loading=\"lazy\" decoding=\"async\" width=\"1024\" height=\"768\" src=\"http:\/\/www.corpsdiplomatique.tg\/wp-content\/uploads\/2022\/11\/JoelEgah1-1024x768.jpg\" alt=\"\" class=\"wp-image-3435\" srcset=\"https:\/\/corpsdiplomaticnews.tg\/wp-content\/uploads\/2022\/11\/JoelEgah1-1024x768.jpg 1024w, https:\/\/corpsdiplomaticnews.tg\/wp-content\/uploads\/2022\/11\/JoelEgah1-300x225.jpg 300w, https:\/\/corpsdiplomaticnews.tg\/wp-content\/uploads\/2022\/11\/JoelEgah1-768x576.jpg 768w, https:\/\/corpsdiplomaticnews.tg\/wp-content\/uploads\/2022\/11\/JoelEgah1-860x645.jpg 860w, https:\/\/corpsdiplomaticnews.tg\/wp-content\/uploads\/2022\/11\/JoelEgah1.jpg 1200w\" sizes=\"auto, (max-width: 1024px) 100vw, 1024px\" \/><figcaption>                              <strong>Feu Joel EGAH <\/strong><\/figcaption><\/figure>\n\n\n\n<p>Vives \u00e9motions aux obs\u00e8ques de celui qui aura visc\u00e9ralement \u00e9t\u00e9 attach\u00e9 \u00e0 ses principes id\u00e9alistes et aura port\u00e9 le manteau du fer de lance de la presse togolaise. Ce d\u00e9part pr\u00e9matur\u00e9 fait &nbsp;et continue&nbsp; plus que mal \u00e0 la corporation.<\/p>\n\n\n\n<p>Un journaliste, Jean-Baptiste&nbsp; ATTISSO,&nbsp; qui &nbsp;l\u2019a bien&nbsp; connu&nbsp; et c\u00f4toy\u00e9 a profit\u00e9 de la journ\u00e9e de la Toussaint pour aller une fois encore se recueillir sur sa tombe au cimeti\u00e8re municipal \u00e0 &nbsp;B\u00e8-Kpota.&nbsp; L\u00e0, il a implor\u00e9 Dieu afin que son \u00e2me repose en paix et surtout qu\u2019il soit sanctifi\u00e9.<\/p>\n\n\n\n<p><\/p>\n\n\n\n<figure class=\"wp-block-image size-full\"><img loading=\"lazy\" loading=\"lazy\" decoding=\"async\" width=\"788\" height=\"737\" src=\"http:\/\/www.corpsdiplomatique.tg\/wp-content\/uploads\/2022\/11\/1.jpg\" alt=\"\" class=\"wp-image-3438\" srcset=\"https:\/\/corpsdiplomaticnews.tg\/wp-content\/uploads\/2022\/11\/1.jpg 788w, https:\/\/corpsdiplomaticnews.tg\/wp-content\/uploads\/2022\/11\/1-300x281.jpg 300w, https:\/\/corpsdiplomaticnews.tg\/wp-content\/uploads\/2022\/11\/1-768x718.jpg 768w\" sizes=\"auto, (max-width: 788px) 100vw, 788px\" \/><\/figure>\n\n\n\n<p>Pour rappel, Ferdinand Ayit\u00e9\u00a0 et \u00a0Jo\u00ebl Vignon EGAH,\u00a0 \u00a0tous deux journalistes, furent arr\u00eat\u00e9s et priv\u00e9s de libert\u00e9 respectivement les 09 et 10 d\u00e9cembre \u00a0avant d\u2019\u00eatre lib\u00e9r\u00e9s le 31 d\u00e9cembre 2021 apr\u00e8s-avoir \u00e9t\u00e9 plac\u00e9s sous contr\u00f4le judiciaire. Deux mois apr\u00e8s leur lib\u00e9ration, Jo\u00ebl a tir\u00e9 sa r\u00e9v\u00e9rence le 06 mars juste apr\u00e8s avoir pris son petit d\u00e9jeuner\u00a0 chez lui. L\u2019annonce de son d\u00e9c\u00e8s avait\u00a0 constitu\u00e9 \u00a0une onde de choc pour le monde des m\u00e9dias au Togo et \u00e0 travers le monde.<\/p>\n\n\n\n<p><\/p>\n\n\n\n<figure class=\"wp-block-image size-full\"><img loading=\"lazy\" loading=\"lazy\" decoding=\"async\" width=\"793\" height=\"730\" src=\"http:\/\/www.corpsdiplomatique.tg\/wp-content\/uploads\/2022\/11\/IMG-1.jpg\" alt=\"\" class=\"wp-image-3440\" srcset=\"https:\/\/corpsdiplomaticnews.tg\/wp-content\/uploads\/2022\/11\/IMG-1.jpg 793w, https:\/\/corpsdiplomaticnews.tg\/wp-content\/uploads\/2022\/11\/IMG-1-300x276.jpg 300w, https:\/\/corpsdiplomaticnews.tg\/wp-content\/uploads\/2022\/11\/IMG-1-768x707.jpg 768w\" sizes=\"auto, (max-width: 793px) 100vw, 793px\" \/><\/figure>\n\n\n\n<p>Jo\u00ebl Egah fut &nbsp;directeur de publication du journal \u00ab La Fraternit\u00e9 \u00bb. Celui-ci, apr\u00e8s&nbsp; sa lib\u00e9ration, n\u2019a jamais dig\u00e9r\u00e9&nbsp; l\u2019injustice qu\u2019on lui avait inflig\u00e9e.<\/p>\n\n\n\n<p>Rappelons que les deux journalistes &nbsp;avaient&nbsp; \u00e9t\u00e9 &nbsp;interpell\u00e9s et incarc\u00e9r\u00e9s pendant 21 jours \u00e0 la prison civile de Lom\u00e9 suite&nbsp; \u00e0 une plainte pour diffamation d\u00e9pos\u00e9e \u00e0 leur encontre&nbsp; par les Ministres Pius AGBETOME de la Justice et Kodjo ADEDZE&nbsp; du commerce.<\/p>\n\n\n\n<p>Ces journalistes ont \u00e9t\u00e9 accus\u00e9s d\u2019outrage \u00e0 l\u2019autorit\u00e9 et propagation de propos mensongers sur les r\u00e9seaux sociaux, notamment dans &nbsp;l\u2019\u00e9mission \u00ab L\u2019autre journal \u00bb sur Youtube le 30 novembre 2021.<\/p>\n\n\n\n<p>Joel EGAH \u00a0n\u2019a jamais dirig\u00e9 son emprisonnement. Pour lui, il s\u2019agissait d\u2019une \u00ab prise en otage \u00bb de sa libert\u00e9. Il estimait qu\u2019apr\u00e8s presque  62 ans d\u2019ind\u00e9pendance, sa m\u00e9saventure \u00e9tait la preuve qu\u2019il y a encore beaucoup de travail \u00e0 faire au Togo qui tra\u00eene un \u00ab lourd passif d\u2019incons\u00e9quence envers soi-m\u00eame, de culture minimaliste, de calculs sectaires obstrus \u00bb.<\/p>\n\n\n\n<p>Jo\u00ebl EGAH avait  laiss\u00e9 derri\u00e8re lui, cinq &nbsp;orphelins, dont un nourrisson d\u2019\u00e0 peine un  an. <\/p>\n","protected":false},"excerpt":{"rendered":"<p>Jo\u00ebl Egah, l\u2019une &nbsp;des figures de &nbsp;proue &nbsp;du journalisme togolais a quitt\u00e9 la terre des vivants&nbsp; le dimanche&nbsp; 06 mars &nbsp;2022. &nbsp;Deux semaines plus tard, &nbsp;le samedi 19 mars, il a \u00e9t\u00e9 inhum\u00e9 dans une atmosph\u00e8re tr\u00e8s lourde. Vives \u00e9motions aux obs\u00e8ques de celui qui aura visc\u00e9ralement \u00e9t\u00e9 attach\u00e9 \u00e0 ses principes id\u00e9alistes et aura [&hellip;]<\/p>\n","protected":false},"author":2,"featured_media":3435,"comment_status":"open","ping_status":"open","sticky":false,"template":"","format":"standard","meta":{"footnotes":""},"categories":[9,124],"tags":[],"class_list":{"0":"post-3434","1":"post","2":"type-post","3":"status-publish","4":"format-standard","5":"has-post-thumbnail","7":"category-azimuts","8":"category-la-une"},"_links":{"self":[{"href":"https:\/\/corpsdiplomaticnews.tg\/index.php\/wp-json\/wp\/v2\/posts\/3434","targetHints":{"allow":["GET"]}}],"collection":[{"href":"https:\/\/corpsdiplomaticnews.tg\/index.php\/wp-json\/wp\/v2\/posts"}],"about":[{"href":"https:\/\/corpsdiplomaticnews.tg\/index.php\/wp-json\/wp\/v2\/types\/post"}],"author":[{"embeddable":true,"href":"https:\/\/corpsdiplomaticnews.tg\/index.php\/wp-json\/wp\/v2\/users\/2"}],"replies":[{"embeddable":true,"href":"https:\/\/corpsdiplomaticnews.tg\/index.php\/wp-json\/wp\/v2\/comments?post=3434"}],"version-history":[{"count":4,"href":"https:\/\/corpsdiplomaticnews.tg\/index.php\/wp-json\/wp\/v2\/posts\/3434\/revisions"}],"predecessor-version":[{"id":3451,"href":"https:\/\/corpsdiplomaticnews.tg\/index.php\/wp-json\/wp\/v2\/posts\/3434\/revisions\/3451"}],"wp:featuredmedia":[{"embeddable":true,"href":"https:\/\/corpsdiplomaticnews.tg\/index.php\/wp-json\/wp\/v2\/media\/3435"}],"wp:attachment":[{"href":"https:\/\/corpsdiplomaticnews.tg\/index.php\/wp-json\/wp\/v2\/media?parent=3434"}],"wp:term":[{"taxonomy":"category","embeddable":true,"href":"https:\/\/corpsdiplomaticnews.tg\/index.php\/wp-json\/wp\/v2\/categories?post=3434"},{"taxonomy":"post_tag","embeddable":true,"href":"https:\/\/corpsdiplomaticnews.tg\/index.php\/wp-json\/wp\/v2\/tags?post=3434"}],"curies":[{"name":"wp","href":"https:\/\/api.w.org\/{rel}","templated":true}]}}