{"id":3046,"date":"2022-09-28T21:20:40","date_gmt":"2022-09-28T21:20:40","guid":{"rendered":"http:\/\/www.corpsdiplomatique.tg\/?p=3046"},"modified":"2022-09-28T22:42:29","modified_gmt":"2022-09-28T22:42:29","slug":"le-president-du-parlement-de-la-cedeao-dr-sidie-mohamed-tunis-sejourne-a-lome","status":"publish","type":"post","link":"https:\/\/corpsdiplomaticnews.tg\/index.php\/2022\/09\/28\/le-president-du-parlement-de-la-cedeao-dr-sidie-mohamed-tunis-sejourne-a-lome\/","title":{"rendered":"Le pr\u00e9sident du parlement de la CEDEAO, Dr Sidie Mohamed Tunis, en mission \u00e0 Lom\u00e9"},"content":{"rendered":"\n<p>Le Pr\u00e9sident du parlement de la CEDEAO, l\u2019honorable Dr &nbsp;Sidie Mohamed Tunis, puisqu\u2019il s\u2019agit bien de lui, &nbsp;s\u00e9journe \u00e0 Lom\u00e9&nbsp; depuis &nbsp;le 26 septembre 2022. &nbsp;Il participe dans la capitale togolaise&nbsp;&nbsp; aux travaux du s\u00e9minaire parlementaire et de la 2\u00e8me session extraordinaire dudit parlement consacr\u00e9e \u00e0 l\u2019examen du budget exercice 2023. Il a \u00e9t\u00e9 accueilli \u00e0 l\u2019a\u00e9roport international Gnassingb\u00e9 Eyadema par la 3\u00e8me Vice- Pr\u00e9sidente du parlement communautaire, l\u2019Honorable M\u00e9mounatou Ibrahima qui est \u00e9galement&nbsp; 2\u00e8me Vice-Pr\u00e9sidente de l\u2019Assembl\u00e9e nationale togolaise.<\/p>\n\n\n\n<p>Docteur Sidie M. TUNIS\u00a0 a accord\u00e9 une interview \u00a0\u00e0 notre confr\u00e8re,\u00a0 la T\u00e9l\u00e9vision Togolaise (TVT) \u00e0 son arriv\u00e9e \u00e0 Lom\u00e9.\u00a0 \u00a0Nous vous proposons l\u2019int\u00e9gralit\u00e9 de cet entretien.<\/p>\n\n\n\n<figure class=\"wp-block-image size-large\"><img loading=\"lazy\" loading=\"lazy\" decoding=\"async\" width=\"1024\" height=\"687\" src=\"http:\/\/www.corpsdiplomatique.tg\/wp-content\/uploads\/2022\/09\/00SIDIE-2-1024x687.jpeg\" alt=\"\" class=\"wp-image-3029\" srcset=\"https:\/\/corpsdiplomaticnews.tg\/wp-content\/uploads\/2022\/09\/00SIDIE-2-1024x687.jpeg 1024w, https:\/\/corpsdiplomaticnews.tg\/wp-content\/uploads\/2022\/09\/00SIDIE-2-300x201.jpeg 300w, https:\/\/corpsdiplomaticnews.tg\/wp-content\/uploads\/2022\/09\/00SIDIE-2-768x516.jpeg 768w, https:\/\/corpsdiplomaticnews.tg\/wp-content\/uploads\/2022\/09\/00SIDIE-2-330x220.jpeg 330w, https:\/\/corpsdiplomaticnews.tg\/wp-content\/uploads\/2022\/09\/00SIDIE-2-860x577.jpeg 860w, https:\/\/corpsdiplomaticnews.tg\/wp-content\/uploads\/2022\/09\/00SIDIE-2.jpeg 1080w\" sizes=\"auto, (max-width: 1024px) 100vw, 1024px\" \/><figcaption>                                           <strong>Dr Sidie TUNIS et Memounatou Ibrahima <\/strong><\/figcaption><\/figure>\n\n\n\n<p><strong>\u00a0Monsieur Sidie Mohamed TUNIS, bonjour.\u00a0 Vous \u00eates le Pr\u00e9sident du Parlement de la CEDEAO, vous \u00eates \u00e0 Lom\u00e9 pour deux (02) activit\u00e9s importantes de votre Institution : d\u2019abord un s\u00e9minaire parlementaire, puis la session extraordinaire de l\u2019ann\u00e9e 2022 du Parlement qui se tient jusqu\u2019au 08 octobre prochain. \u00a0Dites-nous pourquoi le choix de Lom\u00e9 pour abriter ces deux activit\u00e9s ?<\/strong><\/p>\n\n\n\n<p>Je vous remercie de m\u2019avoir accueilli ici. Je suis tr\u00e8s heureux d\u2019\u00eatre ici au Togo que je consid\u00e8re comme ma deuxi\u00e8me patrie.<\/p>\n\n\n\n<p>Pourquoi nous avons choisi le Togo pour abriter cette session ?  <\/p>\n\n\n\n<p>Parce que le Togo est un membre de la CEDEAO et un membre tr\u00e8s important de la communaut\u00e9 de la CEDEAO. Et aussi, conform\u00e9ment \u00e0 notre acte additionnel, il y a deux (02) sessions ordinaires du parlement et deux (02) sessions extraordinaires au cours de l\u2019ann\u00e9e. Donc cette session, nous avons d\u00e9cid\u00e9 de la tenir ici au Togo. Pourquoi ? Parce que vous avez un Pr\u00e9sident, Son Excellence Monsieur Faure Essozimna Gnassingb\u00e9, qui rend un service tr\u00e8s important \u00e0 la communaut\u00e9 de la CEDEAO. Et pour s\u2019assurer que la paix, la s\u00e9curit\u00e9 pr\u00e9valent dans la sous-r\u00e9gion, il n\u2019est que de bon ton que vous organisiez des programmes ici dans le pays pour montrer la reconnaissance de toute la communaut\u00e9 pour les efforts qu\u2019il fournit. Voil\u00e0 les raisons pour lesquelles nous sommes ici. <\/p>\n\n\n\n<p>&nbsp;<strong>Avant la session extraordinaire des d\u00e9put\u00e9s, il y aura un s\u00e9minaire parlementaire. Qu\u2019est-ce que les d\u00e9put\u00e9s vont pouvoir tirer comme profit ?<\/strong><\/p>\n\n\n\n<p>Chaque fois que nous avons des sessions extraordinaires, elles sont pr\u00e9c\u00e9d\u00e9es par des s\u00e9minaires parlementaires. Et il s\u2019agit des moments de renforcement de capacit\u00e9 pour les d\u00e9put\u00e9s et les parlementaires.<\/p>\n\n\n\n<p>A ce s\u00e9minaire, le th\u00e8me c\u2019est l\u2019appropriation du r\u00e8glement int\u00e9rieur dans le cadre de l\u2019acte additionnel relatif au renforcement des pr\u00e9rogatives du Parlement. Donc il s\u2019agit d\u2019expliquer aux parlementaires leurs r\u00f4les, leurs pouvoirs, leurs fonctions afin qu\u2019ils s\u2019approprient mieux les nouvelles dispositions de l\u2019Acte.<\/p>\n\n\n\n<p><strong>Y-a-t-il des innovations apport\u00e9es au R\u00e8glement int\u00e9rieur en lien avec l\u2019Acte additionnel ?<\/strong><\/p>\n\n\n\n<p>Bien entendu. Parce qu\u2019en dehors des missions r\u00e9galiennes qui sont d\u00e9volues au parlement \u00e0 savoir : la supervision du travail de l\u2019ex\u00e9cutif, les missions d\u2019\u00e9tablissement des faits, le contr\u00f4le budg\u00e9taire, nous voudrions maintenant que le Parlement ait le pouvoir d\u2019exiger la transparence et la redevabilit\u00e9 de l\u2019ex\u00e9cutif. Donc, d\u00e9sormais \u00e0 partir de cet acte additionnel, les rapports de toutes les missions d\u2019audit, dans toutes les agences de la CEDEAO seront pr\u00e9sent\u00e9s au parlement et ces rapports seront d\u00e9battus et discut\u00e9s.<\/p>\n\n\n\n<p>Voil\u00e0 la premi\u00e8re innovation, la principale que nous allons trouver dans le r\u00e8glement int\u00e9rieur du Parlement.<\/p>\n\n\n\n<p><\/p>\n\n\n\n<figure class=\"wp-block-image size-full\"><img loading=\"lazy\" loading=\"lazy\" decoding=\"async\" width=\"640\" height=\"427\" src=\"http:\/\/www.corpsdiplomatique.tg\/wp-content\/uploads\/2022\/09\/00SIDIE3.jpg\" alt=\"\" class=\"wp-image-3030\" srcset=\"https:\/\/corpsdiplomaticnews.tg\/wp-content\/uploads\/2022\/09\/00SIDIE3.jpg 640w, https:\/\/corpsdiplomaticnews.tg\/wp-content\/uploads\/2022\/09\/00SIDIE3-300x200.jpg 300w, https:\/\/corpsdiplomaticnews.tg\/wp-content\/uploads\/2022\/09\/00SIDIE3-330x220.jpg 330w, https:\/\/corpsdiplomaticnews.tg\/wp-content\/uploads\/2022\/09\/00SIDIE3-420x280.jpg 420w, https:\/\/corpsdiplomaticnews.tg\/wp-content\/uploads\/2022\/09\/00SIDIE3-615x410.jpg 615w\" sizes=\"auto, (max-width: 640px) 100vw, 640px\" \/><figcaption>                                            <strong>Dr TUNIS  lors de son entretien avec l&rsquo;\u00e9quipe de la TVT<\/strong><\/figcaption><\/figure>\n\n\n\n<p><strong>&nbsp;Cette session extraordinaire devra permettre d\u2019examiner et d\u2019adopter le budget du parlement de la CEDEAO. Quelle sera l&rsquo;\u00e9tape suivante apr\u00e8s les travaux ?<\/strong><\/p>\n\n\n\n<p>En fait, c\u2019est tout un processus. C\u2019est la proc\u00e9dure qui va commencer \u00e0 Lom\u00e9 o\u00f9 le Parlement va examiner son budget.<\/p>\n\n\n\n<p>Apr\u00e8s avoir \u00e9tudi\u00e9 et adopt\u00e9 son budget en premi\u00e8re lecture, ce budget comme tous les budgets des autres institutions et agences de la CEDEAO que ce soit l\u2019OAS, que ce soit la Cour de justice de la CEDEAO, toutes ces institutions vont consolider leurs budgets. Ces budgets seront envoy\u00e9s \u00e0 cette commission qu\u2019on appelle la commission administrative et financi\u00e8re qui est la CAF et c\u2019est la CAF qui va \u00e9tudier tous ces budgets, consolider ces budgets. Le budget consolid\u00e9 va \u00eatre renvoy\u00e9 encore au Parlement, tout le budget de la communaut\u00e9 de la CEDEAO et le Parlement va encore statuer sur ce budget avant son adoption finale. Donc, c\u2019est tout un processus qui a commenc\u00e9 depuis.<\/p>\n\n\n\n<p>En fait, d\u00e9j\u00e0 la semaine derni\u00e8re, nous avons une commission ad hoc qui a \u00e9tudi\u00e9 le budget et le rapport a \u00e9t\u00e9 pr\u00e9sent\u00e9 par l\u2019honorable Ibrahima M\u00e9mounatou qui est la troisi\u00e8me Vice-pr\u00e9sidente du Parlement de la CEDEAO. C\u2019est ce rapport qui sera \u00e9tudi\u00e9 en session extraordinaire et qui sera adopt\u00e9 avant d\u2019\u00eatre introduit dans le processus qui vient juste de commencer.<\/p>\n\n\n\n<p><strong>Apr\u00e8s cette session extraordinaire, vous avez un programme qui s\u2019\u00e9tend jusqu\u2019au 8 octobre prochain. Parlez-nous bri\u00e8vement des missions d\u00e9volues au parlement ?<\/strong><\/p>\n\n\n\n<p>Le Parlement de la CEDEAO est engag\u00e9 r\u00e9solument dans le renforcement de la paix et de la s\u00e9curit\u00e9 dans la sous-r\u00e9gion.<\/p>\n\n\n\n<p>En fait, ce Parlement de la CEDEAO a une histoire \u00e0 raconter. Lorsqu\u2019il y a eu des \u00e9lections parlementaires en Sierra-L\u00e9one en 2018 et puis il y avait le chaos entre le gouvernement et l\u2019opposition, c\u2019est le Parlement de la CEDEAO qui a conduit une mission de m\u00e9diation afin de r\u00e9soudre le diff\u00e9rend entre les fr\u00e8res Sierra-L\u00e9onais.<\/p>\n\n\n\n<p>Donc nous, en tant que repr\u00e9sentants de la population de la CEDEAO, nous soutenons beaucoup les efforts pour la d\u00e9mocratisation de la sous-r\u00e9gion. Nous sommes tr\u00e8s actifs dans la r\u00e9solution des conflits.<\/p>\n\n\n\n<figure class=\"wp-block-image size-large\"><img loading=\"lazy\" loading=\"lazy\" decoding=\"async\" width=\"723\" height=\"1024\" src=\"http:\/\/www.corpsdiplomatique.tg\/wp-content\/uploads\/2022\/09\/2022iford-723x1024.jpeg\" alt=\"\" class=\"wp-image-2868\" srcset=\"https:\/\/corpsdiplomaticnews.tg\/wp-content\/uploads\/2022\/09\/2022iford-723x1024.jpeg 723w, https:\/\/corpsdiplomaticnews.tg\/wp-content\/uploads\/2022\/09\/2022iford-212x300.jpeg 212w, https:\/\/corpsdiplomaticnews.tg\/wp-content\/uploads\/2022\/09\/2022iford.jpeg 763w\" sizes=\"auto, (max-width: 723px) 100vw, 723px\" \/><\/figure>\n\n\n\n<p><strong>&nbsp;Nous sommes \u00e0 la fin de l\u2019entretien, quel est votre mot de la fin ?<\/strong><\/p>\n\n\n\n<p>Il me reste qu\u2019\u00e0 remercier le peuple togolais, son Pr\u00e9sident Son Excellence Monsieur Faure Essozimna Gnassingb\u00e9, remercier aussi le Parlement togolais sous la conduite de Son Excellence Madame Yawa Djigbodi Ts\u00e8gan, la d\u00e9l\u00e9gation des parlementaires togolais au Parlement de la CEDEAO sous la conduite de son Excellence Madame M\u00e9mounatou pour tout le soutien qu\u2019ils nous ont apport\u00e9 et d\u2019avoir permis que cette session se tienne ici au Togo. Le Togo est un beau pays et nous sommes heureux d\u2019\u00eatre ici. C\u2019est pour cela que nous vous invitons tous \u00e0 vous informer de tout ce qui va se passer au cours de ces moments-l\u00e0.<\/p>\n\n\n\n<p>Particuli\u00e8rement, j\u2019invite la presse \u00e0 s\u2019int\u00e9resser aux activit\u00e9s du Parlement de la CEDEAO, passer l\u2019information, faites savoir \u00e0 la population que la CEDEAO se d\u00e9place pour \u00eatre plus proche d\u2019elle. Puisse qu\u2019on le sait maintenant, c\u2019est d\u00e9sormais la CEDEAO des peuples.<\/p>\n\n\n\n<p>Le Parlement aurait pu &nbsp;se cantonner \u00e0 Abuja &nbsp;et tenir sa session, mais on a d\u00e9cid\u00e9 d\u2019\u00eatre ici pour \u00eatre plus proche de la population. Une fois encore, merci<\/p>\n","protected":false},"excerpt":{"rendered":"<p>Le Pr\u00e9sident du parlement de la CEDEAO, l\u2019honorable Dr &nbsp;Sidie Mohamed Tunis, puisqu\u2019il s\u2019agit bien de lui, &nbsp;s\u00e9journe \u00e0 Lom\u00e9&nbsp; depuis &nbsp;le 26 septembre 2022. &nbsp;Il participe dans la capitale togolaise&nbsp;&nbsp; aux travaux du s\u00e9minaire parlementaire et de la 2\u00e8me session extraordinaire dudit parlement consacr\u00e9e \u00e0 l\u2019examen du budget exercice 2023. Il a \u00e9t\u00e9 accueilli [&hellip;]<\/p>\n","protected":false},"author":2,"featured_media":3031,"comment_status":"open","ping_status":"open","sticky":false,"template":"","format":"standard","meta":{"footnotes":""},"categories":[2,124],"tags":[],"class_list":{"0":"post-3046","1":"post","2":"type-post","3":"status-publish","4":"format-standard","5":"has-post-thumbnail","7":"category-diplomatie","8":"category-la-une"},"_links":{"self":[{"href":"https:\/\/corpsdiplomaticnews.tg\/index.php\/wp-json\/wp\/v2\/posts\/3046","targetHints":{"allow":["GET"]}}],"collection":[{"href":"https:\/\/corpsdiplomaticnews.tg\/index.php\/wp-json\/wp\/v2\/posts"}],"about":[{"href":"https:\/\/corpsdiplomaticnews.tg\/index.php\/wp-json\/wp\/v2\/types\/post"}],"author":[{"embeddable":true,"href":"https:\/\/corpsdiplomaticnews.tg\/index.php\/wp-json\/wp\/v2\/users\/2"}],"replies":[{"embeddable":true,"href":"https:\/\/corpsdiplomaticnews.tg\/index.php\/wp-json\/wp\/v2\/comments?post=3046"}],"version-history":[{"count":2,"href":"https:\/\/corpsdiplomaticnews.tg\/index.php\/wp-json\/wp\/v2\/posts\/3046\/revisions"}],"predecessor-version":[{"id":3049,"href":"https:\/\/corpsdiplomaticnews.tg\/index.php\/wp-json\/wp\/v2\/posts\/3046\/revisions\/3049"}],"wp:featuredmedia":[{"embeddable":true,"href":"https:\/\/corpsdiplomaticnews.tg\/index.php\/wp-json\/wp\/v2\/media\/3031"}],"wp:attachment":[{"href":"https:\/\/corpsdiplomaticnews.tg\/index.php\/wp-json\/wp\/v2\/media?parent=3046"}],"wp:term":[{"taxonomy":"category","embeddable":true,"href":"https:\/\/corpsdiplomaticnews.tg\/index.php\/wp-json\/wp\/v2\/categories?post=3046"},{"taxonomy":"post_tag","embeddable":true,"href":"https:\/\/corpsdiplomaticnews.tg\/index.php\/wp-json\/wp\/v2\/tags?post=3046"}],"curies":[{"name":"wp","href":"https:\/\/api.w.org\/{rel}","templated":true}]}}