{"id":3017,"date":"2022-09-27T19:03:43","date_gmt":"2022-09-27T19:03:43","guid":{"rendered":"http:\/\/www.corpsdiplomatique.tg\/?p=3017"},"modified":"2022-09-27T19:12:51","modified_gmt":"2022-09-27T19:12:51","slug":"77e-session-des-nations-unies-luc-abaki-toujours-mecontent-du-sejour-carceral-ferdinand-ayite-et-de-feu-joel-egah","status":"publish","type":"post","link":"https:\/\/corpsdiplomaticnews.tg\/index.php\/2022\/09\/27\/77e-session-des-nations-unies-luc-abaki-toujours-mecontent-du-sejour-carceral-ferdinand-ayite-et-de-feu-joel-egah\/","title":{"rendered":"77e session des Nations Unies: Luc Abaki toujours m\u00e9content du s\u00e9jour carc\u00e9ral de Ferdinand Ayit\u00e9 et feu Jo\u00ebl Egah"},"content":{"rendered":"\n<p>Comme il a pris l\u2019habitude de faire depuis un certain temps, Luc Koumeabalo ABAKI\u00a0 (photo) a publi\u00e9 encore une tribune concernant la 77<sup>e<\/sup> session des Nations Unies dont les rideaux sont tomb\u00e9s dimanche dernier. Dans sa r\u00e9flexion, cet homme de m\u00e9dias et penseur togolais\u00a0 n\u2019a pas rat\u00e9 les dirigeants du monde entier. Il estime que les discours de ces derniers sont loin des r\u00e9alit\u00e9s que vivent leurs peuples. Aussi pointe-t-il un doigt accusateur sur\u00a0 la d\u00e9gradation de la vie sociale un peu partout dans le monde, le recul des valeurs humaines, le renoncement\u00a0 \u00e0 la culture de l\u2019orthodoxie dans la gouvernance des pays et surtout une forme intol\u00e9rable de banalisation de la vie humaine et le pi\u00e9tinement de la libert\u00e9 d\u2019expression. \u00a0Il n\u2019a pas pass\u00e9 \u00a0sous silence \u00a0un s\u00e9jour carc\u00e9ral des journalistes Ferdinand Ayit\u00e9 et  feu Jo\u00ebl Egah au Togo pendant plus de trois semaines en d\u00e9cembre 2021, en violation flagrante par les autorit\u00e9s judiciaires, du code de la presse et de la communication.<\/p>\n\n\n\n<figure class=\"wp-block-image size-full\"><img loading=\"lazy\" loading=\"lazy\" decoding=\"async\" width=\"640\" height=\"399\" src=\"http:\/\/www.corpsdiplomatique.tg\/wp-content\/uploads\/2022\/09\/866636.jpg\" alt=\"\" class=\"wp-image-3012\" srcset=\"https:\/\/corpsdiplomaticnews.tg\/wp-content\/uploads\/2022\/09\/866636.jpg 640w, https:\/\/corpsdiplomaticnews.tg\/wp-content\/uploads\/2022\/09\/866636-300x187.jpg 300w\" sizes=\"auto, (max-width: 640px) 100vw, 640px\" \/><\/figure>\n\n\n\n<p>Nous vous proposons l\u2019int\u00e9gralit\u00e9 de cette &nbsp;tribune.<\/p>\n\n\n\n<p><strong><u>Tribune de Luc ABAKI<\/u><\/strong><strong>:<\/strong> <strong>77 session des Nations-Unies, entre &nbsp;discours &nbsp;et r\u00e9alit\u00e9s, de l\u2019imp\u00e9ratif &nbsp;de revoir les cartes de la gouvernance mondiale<\/strong>\u2026.<\/p>\n\n\n\n<p>Les Nations-Unies, ce regroupement de tout ce qui est consid\u00e9r\u00e9 comme Etats sur notre plan\u00e8te, ont ouvert leur 77\u00e8me session tout le courant de la semaine derni\u00e8re. Occasion pour chaque chef d\u2019Etat ou chaque dirigeant repr\u00e9sentant son pays, de prendre la parole \u00e0 cette tribune mondiale pour rendre compte au monde entier des actions qu\u2019il m\u00e8ne au plan national pour \u00e9panouir son peuple et d\u00e9velopper son pays, du regard qu\u2019il porte sur l\u2019\u00e9tat actuel du monde et de proposer les solutions qui lui paraissent idoines en vue de favoriser la gouvernance mondiale, le vivre ensemble devant permettre de garantir l\u2019\u00e9volution progressive de notre humanit\u00e9.<\/p>\n\n\n\n<p>Ces discours officiels seront ensuite suivis des travaux en commissions qui vont s\u2019allonger jusqu\u2019en f\u00e9vrier prochain. Mais \u00e0 suivre de pr\u00e8s toutes les interventions et propos qui sont servis \u00e0 cette tribune, chacun des dirigeants se vante d\u2019\u00eatre un vrai \u00e9claireur pour son peuple, un visionnaire dont l\u2019action n\u2019objecte que le meilleur devenir possible de son peuple et m\u00eame de l\u2019humanit\u00e9. Aussi un pays comme la Russie affirme ses bonnes intentions et se fait applaudir, tout comme les USA, la France, le Pakistan, le Rwanda, le Congo et j\u2019en passe.<\/p>\n\n\n\n<p>Tous sur papier, donnent le net sentiment d\u2019\u00eatre de bonne foi et d\u2019\u0153uvrer en tout temps et en tout lieu pour leur peuple avec, \u00e0 la limite, un esprit empathique et un regard constamment bienveillant pour l\u2019\u00eatre humain tout court. Cela a toujours \u00e9t\u00e9 ainsi depuis la cr\u00e9ation en 1945 cette faiti\u00e8re mondiale de r\u00e9gulation de la vie de l\u2019humanit\u00e9, o\u00f9, tous les ans, les&nbsp; dirigeants s\u2019y rendent et incantent \u00e0 cette tribune, leur volont\u00e9 de changer le monde, de le faire \u00e9voluer tout en garantissant \u00e0 l\u2019\u00eatre humain les conditions les plus convenables possibles pour sa vie sur terre.<\/p>\n\n\n\n<p>Seulement voil\u00e0, lorsque l\u2019on questionne la r\u00e9alit\u00e9 du terrain, celle-ci est toute autre. La vie du monde de ce 21\u00e8me est jonch\u00e9e par plusieurs conflits, des instabilit\u00e9s politiques, des agressions ici et l\u00e0, des violations massives des droits humains dans presque tous les coins et recoins de cette plan\u00e8te. En termes d\u2019agressions, l\u2019on peut citer les trois cas les plus r\u00e9v\u00e9lateurs de ces derni\u00e8res ann\u00e9es, notamment l\u2019Irak, la Libye et pr\u00e9sentement l\u2019Ukraine o\u00f9 des puissances d\u00e9cident, sous des pr\u00e9textes fallacieuses, de s\u2019en prendre directement \u00e0 un Etat souverain et de le d\u00e9manteler sous les yeux de la Communaut\u00e9 Internationale qui reste apathique, sinon complice et davantage encore actrice. Ces genres d\u2019intrusions militaires violentes dans la vie int\u00e9rieure de ces Etats s\u2019accompagnent naturellement de cas de violations massives des droit humains que d\u00e9crivent tr\u00e8s souvent, des organisations internationales comme Amnesty, Human Right Watch et bien d\u2019autres sans que cela ne d\u00e9terminent les agresseurs \u00e0 se ressaisir.<\/p>\n\n\n\n<p>Pendant ce temps, des clivages continuent d\u2019apparaitre de partout et sont savamment entretenus par des puissants qui tiennent \u00e0 tout prix \u00e0 dominer les autres quitte m\u00eame \u00e0 les \u00e9craser. Pour ce faire, certains Etats sont instrumentalis\u00e9s pour attaquer leurs voisins, ou se rendre complices des mouvements rebelles comme c\u2019est le cas pr\u00e9sentement en RDC o\u00f9 il est amplement document\u00e9 que le Rwanda de Paul Kagam\u00e9 soutient fermement les rebelles du M23 qui m\u00e8nent la vie dure aux populations \u00e0 l\u2019Est du Congo.<\/p>\n\n\n\n<p>&nbsp;Bien que les Nations-Unies aient pris l\u2019initiative de composer des forces militaires qui s\u00e9journent en leur nom dans certains de ces pays en conflit, en vue de temporiser les bellig\u00e9rances et de travailler au retour de la paix, aucun r\u00e9sultat probant ne pointe vraiment \u00e0 l\u2019horizon. La Minusca en Centrafrique, la Minusma au Mali, la MINUSCO en R\u00e9publique D\u00e9mocratique du Congo, n\u2019ont toujours pas r\u00e9ussi le pari de stabiliser ces pays en prise avec des mouvements rebelles ou djihadistes et de r\u00e9tablir la paix outil indispensable pour construire et d\u00e9velopper un pays.<\/p>\n\n\n\n<p>Au-del\u00e0 de toutes ces r\u00e9alit\u00e9s, des gouvernants, notamment dans plusieurs pays en Afrique, sont de moins en moins port\u00e9s par le bien-\u00eatre de leurs populations, ils versent plus dans les brimades, des \u00e9touffements des droits \u00e9l\u00e9mentaires de ceux-ci et leur emprisonnement, au m\u00eame titre qu\u2019ils man\u0153uvrent pour r\u00e9duire leurs concitoyens au silence, violant ainsi de fait, la libert\u00e9 d\u2019expression caract\u00e9ristique de l\u2019esp\u00e8ce humaine.<\/p>\n\n\n\n<p>\u00ab La libert\u00e9 d\u2019expression et la libert\u00e9 de presse sont fortement r\u00e9prim\u00e9es depuis 2017. Des journalistes ont \u00e9t\u00e9 battus, harcel\u00e9s, soumis \u00e0 des arrestations arbitraires et \u00e0 des man\u0153uvres d\u2019intimidation par les autorit\u00e9s, y compris les membres de la police, de l\u2019arm\u00e9e et d\u2019autres repr\u00e9sentants de l\u2019Etat dans la r\u00e9gion centre-sud de la Somalie et dans le Puntland\u00bb, \u00e9crivait Amnesty International en mars 2021 \u00e0 propos des agissements inadmissibles des dirigeants somaliens sur leurs propres compatriotes, de surcroit journalistes charg\u00e9s &nbsp;par &nbsp;vocation, de rendre compte au peuple de ce que vit le pays dans son ensemble. Il en a \u00e9t\u00e9 aussi des journalistes Ferdinand Ayit\u00e9 et de feu Jo\u00ebl Egah au Togo qui ont d\u00fb passer un s\u00e9jour carc\u00e9ral pendant plus de trois semaines en d\u00e9cembre dernier, en violation flagrante par les autorit\u00e9s judiciaires de notre pays, du code de la presse et de la communication. Comment serait-il possible pour un dirigeant d\u2019\u0153uvrer pour \u00e9panouir son peuple et ensuite d\u00e9velopper son pays, si au m\u00eame moment, il s\u2019\u00e9rige lui-m\u00eame avec son \u00e9quipe en principal pourfendeur des fondamentaux qui permettent \u00e0 un citoyen de mener librement sa vie dans une cit\u00e9? Pourtant aucun de ces dirigeants, une fois \u00e0 la tribune des Nations-Unies, ne reconnait ces genres de d\u00e9rapages qui participent \u00e0 museler leurs peuples et les emp\u00eachent de contribuer, par leurs initiatives et leurs points de vue, \u00e0 la construction de l\u2019\u00e9difice national.<\/p>\n\n\n\n<p>Ils tentent de polir leur image avec des discours polic\u00e9s, qui les d\u00e9douanent de tout manquement, alors que leur gouvernance elle-m\u00eame s\u2019englue dans des fl\u00e9aux tr\u00e8s dangereux comme la corruption, les d\u00e9tournements et un laisser-aller qui sapent litt\u00e9ralement la perspective de construction d\u2019une soci\u00e9t\u00e9 \u00e9quilibr\u00e9e ou r\u00e8gneraient glorieusement la justice, le droit d\u2019autrui, la paix sociale etc.<\/p>\n\n\n\n<p>Dans un tel contexte o\u00f9 l\u2019on note sans doute avec d\u00e9sarroi, la d\u00e9gradation de la vie sociale un peu partout dans le monde, le recul des valeurs humaines, le renoncement &nbsp;\u00e0 la culture de l\u2019orthodoxie dans la gouvernance des pays et surtout une forme intol\u00e9rable de banalisation de la vie humaine par les gouvernants du monde eux-m\u00eames, il y\u2019a s\u00fbrement n\u00e9cessit\u00e9 de repenser le syst\u00e8me de gouvernance de l\u2019humanit\u00e9 dans son ensemble.<\/p>\n\n\n\n<p>Tant il est vrai que la vie se caract\u00e9rise essentiellement par l\u2019\u00e9volution, et d\u00e8s l\u2019instant o\u00f9 le constat s\u2019\u00e9tablit de plus en plus que, par la faute des d\u00e9cideurs du monde, par leurs choix politiques non inspir\u00e9s, par leur avidit\u00e9&nbsp; la gloire et&nbsp; la puissance, l\u2019humanit\u00e9 a entam\u00e9 une marche \u00e0 reculons du point de vue des valeurs humaines, des valeurs d\u00e9mocratiques qui garantissent l\u2019\u00e9panouissement effectif de l\u2019homme, il se pose un besoin d\u2019\u00e9tablir le constat de l\u2019\u00e9chec port\u00e9 par ces meneurs d\u2019aujourd\u2019hui. L\u2019organisation des Nations-Unies, malgr\u00e9 ses nobles objectifs d\u2019\u0153uvrer pour pr\u00e9server la paix dans le monde, n\u2019a, de par sa composition et son m\u00e9canisme actuel de fonctionnement, point les solutions appropri\u00e9es aux diff\u00e9rents d\u00e9fis qui se posent pr\u00e9sentement \u00e0 l\u2019humanit\u00e9.<\/p>\n\n\n\n<p>Ses meneurs d\u2019aujourd\u2019hui se doivent de r\u00e9inventer une nouvelle m\u00e9thode de sa gouvernance, ax\u00e9e principalement sur la culture de la justice, du respect de la vie humaine, de la culture de la v\u00e9rit\u00e9 et du droit d\u2019autrui, quel qu\u2019il soit. Cette politique mondiale donnant pr\u00e9s\u00e9ance \u00e0 la richesse mat\u00e9rielle et financi\u00e8re sur l\u2019\u00eatre humain lui-m\u00eame, sur son droit \u00e0 la vie, doit prendre fin, si tant est que les d\u00e9cideurs du monde tiennent \u00e0 sauver cette humanit\u00e9 de sa d\u00e9ch\u00e9ance quasi programm\u00e9e. Autrement, la pr\u00e9diction de l\u2019ancien pr\u00e9sident am\u00e9ricain, John Kennedy selon laquelle, l\u2019humanit\u00e9 doit mettre un terme \u00e0 la guerre o\u00f9 alors, c\u2019est la guerre qui mettra fin \u00e0 l\u2019humanit\u00e9, risque de s\u2019av\u00e9rer.<\/p>\n\n\n\n<p><strong>Luc ABAKI<\/strong><\/p>\n","protected":false},"excerpt":{"rendered":"<p>Comme il a pris l\u2019habitude de faire depuis un certain temps, Luc Koumeabalo ABAKI\u00a0 (photo) a publi\u00e9 encore une tribune concernant la 77e session des Nations Unies dont les rideaux sont tomb\u00e9s dimanche dernier. Dans sa r\u00e9flexion, cet homme de m\u00e9dias et penseur togolais\u00a0 n\u2019a pas rat\u00e9 les dirigeants du monde entier. Il estime que [&hellip;]<\/p>\n","protected":false},"author":2,"featured_media":3012,"comment_status":"open","ping_status":"open","sticky":false,"template":"","format":"standard","meta":{"footnotes":""},"categories":[9,124,1],"tags":[],"class_list":{"0":"post-3017","1":"post","2":"type-post","3":"status-publish","4":"format-standard","5":"has-post-thumbnail","7":"category-azimuts","8":"category-la-une","9":"category-non-classe"},"_links":{"self":[{"href":"https:\/\/corpsdiplomaticnews.tg\/index.php\/wp-json\/wp\/v2\/posts\/3017","targetHints":{"allow":["GET"]}}],"collection":[{"href":"https:\/\/corpsdiplomaticnews.tg\/index.php\/wp-json\/wp\/v2\/posts"}],"about":[{"href":"https:\/\/corpsdiplomaticnews.tg\/index.php\/wp-json\/wp\/v2\/types\/post"}],"author":[{"embeddable":true,"href":"https:\/\/corpsdiplomaticnews.tg\/index.php\/wp-json\/wp\/v2\/users\/2"}],"replies":[{"embeddable":true,"href":"https:\/\/corpsdiplomaticnews.tg\/index.php\/wp-json\/wp\/v2\/comments?post=3017"}],"version-history":[{"count":4,"href":"https:\/\/corpsdiplomaticnews.tg\/index.php\/wp-json\/wp\/v2\/posts\/3017\/revisions"}],"predecessor-version":[{"id":3022,"href":"https:\/\/corpsdiplomaticnews.tg\/index.php\/wp-json\/wp\/v2\/posts\/3017\/revisions\/3022"}],"wp:featuredmedia":[{"embeddable":true,"href":"https:\/\/corpsdiplomaticnews.tg\/index.php\/wp-json\/wp\/v2\/media\/3012"}],"wp:attachment":[{"href":"https:\/\/corpsdiplomaticnews.tg\/index.php\/wp-json\/wp\/v2\/media?parent=3017"}],"wp:term":[{"taxonomy":"category","embeddable":true,"href":"https:\/\/corpsdiplomaticnews.tg\/index.php\/wp-json\/wp\/v2\/categories?post=3017"},{"taxonomy":"post_tag","embeddable":true,"href":"https:\/\/corpsdiplomaticnews.tg\/index.php\/wp-json\/wp\/v2\/tags?post=3017"}],"curies":[{"name":"wp","href":"https:\/\/api.w.org\/{rel}","templated":true}]}}