{"id":2966,"date":"2022-09-23T01:15:58","date_gmt":"2022-09-23T01:15:58","guid":{"rendered":"http:\/\/www.corpsdiplomatique.tg\/?p=2966"},"modified":"2022-09-23T14:49:11","modified_gmt":"2022-09-23T14:49:11","slug":"echanges-entre-faure-gnassingbe-et-sassou-nguesso","status":"publish","type":"post","link":"https:\/\/corpsdiplomaticnews.tg\/index.php\/2022\/09\/23\/echanges-entre-faure-gnassingbe-et-sassou-nguesso\/","title":{"rendered":"Echanges entre Faure Gnassingb\u00e9 et Sassou Nguesso"},"content":{"rendered":"\n<p>Le Pr\u00e9sident de la R\u00e9publique togolaise, Faure Essozimna Gnassingb\u00e9, s\u2019est entretenu le 20 septembre 2022, \u00e0 Londres en Angleterre avec son homologue du Congo, Denis Sassou Nguesso.<\/p>\n\n\n\n<p><\/p>\n\n\n\n<figure class=\"wp-block-image size-full\"><img loading=\"lazy\" loading=\"lazy\" decoding=\"async\" width=\"770\" height=\"433\" src=\"http:\/\/www.corpsdiplomatique.tg\/wp-content\/uploads\/2022\/09\/00AZS.jpg\" alt=\"\" class=\"wp-image-2987\" srcset=\"https:\/\/corpsdiplomaticnews.tg\/wp-content\/uploads\/2022\/09\/00AZS.jpg 770w, https:\/\/corpsdiplomaticnews.tg\/wp-content\/uploads\/2022\/09\/00AZS-300x169.jpg 300w, https:\/\/corpsdiplomaticnews.tg\/wp-content\/uploads\/2022\/09\/00AZS-768x432.jpg 768w\" sizes=\"auto, (max-width: 770px) 100vw, 770px\" \/><figcaption>                                                         <strong>Faure Gnassingb\u00e9 et Denis Sassou Nguesso<\/strong><\/figcaption><\/figure>\n\n\n\n<p>Les discussions entre les deux Chefs d\u2019Etat ont port\u00e9 non seulement sur des questions bilat\u00e9rales, mais aussi en lien avec la paix et la stabilit\u00e9 continentales. Tour \u00e0 tour, des sujets relatifs au renforcement de la coop\u00e9ration \u00e9conomique entre les deux pays sur fond de mise en \u0153uvre de la Zlecaf, l\u2019exemption de visa ou encore le partenariat entre les ports de Lom\u00e9 et de Pointe-Noire ont \u00e9t\u00e9 abord\u00e9s.<\/p>\n\n\n\n<p>Faure Gnassingb\u00e9 et Denis Sassou Nguesso se concertent r\u00e9guli\u00e8rement sur des sujets d\u2019int\u00e9r\u00eat commun. Il s\u2019agit de la troisi\u00e8me rencontre depuis le d\u00e9but de l\u2019ann\u00e9e, apr\u00e8s celles de F\u00e9vrier et Mai.<\/p>\n","protected":false},"excerpt":{"rendered":"<p>Le Pr\u00e9sident de la R\u00e9publique togolaise, Faure Essozimna Gnassingb\u00e9, s\u2019est entretenu le 20 septembre 2022, \u00e0 Londres en Angleterre avec son homologue du Congo, Denis Sassou Nguesso. Les discussions entre les deux Chefs d\u2019Etat ont port\u00e9 non seulement sur des questions bilat\u00e9rales, mais aussi en lien avec la paix et la stabilit\u00e9 continentales. Tour \u00e0 [&hellip;]<\/p>\n","protected":false},"author":2,"featured_media":2987,"comment_status":"open","ping_status":"open","sticky":false,"template":"","format":"standard","meta":{"footnotes":""},"categories":[2,124,1],"tags":[],"class_list":{"0":"post-2966","1":"post","2":"type-post","3":"status-publish","4":"format-standard","5":"has-post-thumbnail","7":"category-diplomatie","8":"category-la-une","9":"category-non-classe"},"_links":{"self":[{"href":"https:\/\/corpsdiplomaticnews.tg\/index.php\/wp-json\/wp\/v2\/posts\/2966","targetHints":{"allow":["GET"]}}],"collection":[{"href":"https:\/\/corpsdiplomaticnews.tg\/index.php\/wp-json\/wp\/v2\/posts"}],"about":[{"href":"https:\/\/corpsdiplomaticnews.tg\/index.php\/wp-json\/wp\/v2\/types\/post"}],"author":[{"embeddable":true,"href":"https:\/\/corpsdiplomaticnews.tg\/index.php\/wp-json\/wp\/v2\/users\/2"}],"replies":[{"embeddable":true,"href":"https:\/\/corpsdiplomaticnews.tg\/index.php\/wp-json\/wp\/v2\/comments?post=2966"}],"version-history":[{"count":2,"href":"https:\/\/corpsdiplomaticnews.tg\/index.php\/wp-json\/wp\/v2\/posts\/2966\/revisions"}],"predecessor-version":[{"id":2988,"href":"https:\/\/corpsdiplomaticnews.tg\/index.php\/wp-json\/wp\/v2\/posts\/2966\/revisions\/2988"}],"wp:featuredmedia":[{"embeddable":true,"href":"https:\/\/corpsdiplomaticnews.tg\/index.php\/wp-json\/wp\/v2\/media\/2987"}],"wp:attachment":[{"href":"https:\/\/corpsdiplomaticnews.tg\/index.php\/wp-json\/wp\/v2\/media?parent=2966"}],"wp:term":[{"taxonomy":"category","embeddable":true,"href":"https:\/\/corpsdiplomaticnews.tg\/index.php\/wp-json\/wp\/v2\/categories?post=2966"},{"taxonomy":"post_tag","embeddable":true,"href":"https:\/\/corpsdiplomaticnews.tg\/index.php\/wp-json\/wp\/v2\/tags?post=2966"}],"curies":[{"name":"wp","href":"https:\/\/api.w.org\/{rel}","templated":true}]}}