{"id":2964,"date":"2022-09-23T01:05:00","date_gmt":"2022-09-23T01:05:00","guid":{"rendered":"http:\/\/www.corpsdiplomatique.tg\/?p=2964"},"modified":"2022-09-23T01:05:01","modified_gmt":"2022-09-23T01:05:01","slug":"prefecture-du-bas-mono-une-affaire-de-chefferie-trouble-le-vivre-ensemble-a-fiove-dansoupeme","status":"publish","type":"post","link":"https:\/\/corpsdiplomaticnews.tg\/index.php\/2022\/09\/23\/prefecture-du-bas-mono-une-affaire-de-chefferie-trouble-le-vivre-ensemble-a-fiove-dansoupeme\/","title":{"rendered":"Pr\u00e9fecture du Bas-Mono: une affaire de chefferie trouble le vivre ensemble \u00e0 Fiov\u00e9 Dansoup\u00e9m\u00e9"},"content":{"rendered":"\n<p>A Fiov\u00e9 Dansoup\u00e9m\u00e9, &nbsp;village&nbsp; situ\u00e9 &nbsp;dans le canton de Kp\u00e9tsou \u00e0 une dizaine de kilom\u00e8tres \u00e0 l\u2019ouest d\u2019Afagnan, le vivre ensemble est s\u00e9rieusement menac\u00e9 depuis l\u2019intronisation \u00e0 la pr\u00e9fecture du Bas-Mono ( Sud Togo)&nbsp; du tr\u00e8s contest\u00e9 chef N\u2019tsakpo\u00e8 Fogan.<\/p>\n\n\n\n<p>Dans ce village, la succession au tr\u00f4ne royal est patrilin\u00e9aire.&nbsp; En effet, apr\u00e8s le d\u00e9c\u00e8s du dignitaire Hounkpati Bocco en 2021, son fils qui devrait lui&nbsp; &nbsp;succ\u00e9der &nbsp;n\u2019est pas encore &nbsp;intronis\u00e9 quand le sieur N\u2019tsakpo\u00e8 Fogan s\u2019est empar\u00e9 de la chefferie au grand dam de tout le village.<\/p>\n\n\n\n<p>\u00ab&nbsp;Nous \u00e9tions \u00e0 la maison il y a de cela \u00e0 peu pr\u00e8s 11 mois quand un de nos fr\u00e8res nous informe qu\u2019un arr\u00eat\u00e9 minist\u00e9riel &nbsp;le&nbsp; porte \u00e0 la t\u00eate du village. Nous n\u2019\u00e9tions pas d\u2019avis \u00e9tant donn\u00e9 qu\u2019il n\u2019\u00e9tait pas de la lign\u00e9 du chef d\u00e9c\u00e9d\u00e9. &nbsp;&nbsp;Nous sommes all\u00e9s&nbsp; &nbsp;voir le pr\u00e9fet mais malheureusement il nous a fait savoir que nous n\u2019avons aucun droit de le contest\u00e9. A notre grande surprise, le chef pour la premi\u00e8re fois&nbsp;&nbsp; est &nbsp;intronis\u00e9 \u00e0 la pr\u00e9fecture&nbsp;\u00bb,&nbsp; s\u2019est&nbsp; \u00e9tonn\u00e9&nbsp;&nbsp; un septuag\u00e9naire du village.<\/p>\n\n\n\n<p>Pour asseoir son v\u00e9to, le tout puissant chef N\u2019tsakpo\u00e8 Fogan &nbsp;d\u00e9cide de proc\u00e9der par la terreur. Les insoumis sont arr\u00eat\u00e9s et d\u2019autres contraints \u00e0 l\u2019exil. C\u2019est le cas du notable Miglahoun Komi qui, pour une affaire de tombeau est contraint de fuir le village.<\/p>\n\n\n\n<p>\u00ab&nbsp;Mon mari \u00e9tait accus\u00e9 par le \u00ab&nbsp;chef&nbsp;\u00bb&nbsp; d\u2019avoir enterr\u00e9 son oncle dans la chambre. Pour mener leur enqu\u00eate, ils ont demand\u00e9 \u00e0 mon \u00e9poux de creuser pour v\u00e9rifier si r\u00e9ellement la personne n\u2019est pas enterr\u00e9e dans la chambre. Il a accept\u00e9 faire les c\u00e9r\u00e9monies mais leur a fait savoir&nbsp;&nbsp; qu\u2019il n\u2019\u00e9tait pas dispos\u00e9 \u00e0 creuser une nouvelle tombe. Le lendemain une convocation lui a \u00e9t\u00e9 adress\u00e9e. Comme il avait d\u00e9j\u00e0 \u00e9t\u00e9 tortur\u00e9 \u00e0 la gendarmerie, il a pr\u00e9f\u00e9r\u00e9 quitt\u00e9 la maison. A ce jour, &nbsp;nous n\u2019avons pas de ses nouvelles. Je demande l\u2019aide des autorit\u00e9s du pays. Nous avons des difficult\u00e9s \u00e0 joindre les deux bouts \u00e0 son absence&nbsp;\u00bb, indique Mme Hounkpati.&nbsp;<\/p>\n\n\n\n<p>Autrefois appel\u00e9 Fiov\u00e9 Dassoupem\u00e9, le nouveau chef change le nom du village et le rebaptise Fiove Centre. Une appellation qui n\u2019est pas du go\u00fbt des villageois. \u00ab&nbsp;Il fallait au moins mener une petite enqu\u00eate et avoir notre avis avant de nous nommer un chef. Aujourd\u2019hui le chef transforme m\u00eame nos domiciles en r\u00e9serve administrative. Il nous interdit d\u2019enterrer nos morts dans notre cimeti\u00e8re et nous envoie tr\u00e8s loin \u00bb, t\u00e9moigne un habitant de la localit\u00e9.<\/p>\n\n\n\n<p>La population de Fiov\u00e9 Dansoup\u00e9m\u00e9 fatigu\u00e9e des d\u00e9rives de N\u2019tsakpo\u00e8 Fogan, appelle les autorit\u00e9s togolaises \u00e0 l\u2019aide pour permettre au village de retrouver son unit\u00e9 d\u2019antan\/<\/p>\n","protected":false},"excerpt":{"rendered":"<p>A Fiov\u00e9 Dansoup\u00e9m\u00e9, &nbsp;village&nbsp; situ\u00e9 &nbsp;dans le canton de Kp\u00e9tsou \u00e0 une dizaine de kilom\u00e8tres \u00e0 l\u2019ouest d\u2019Afagnan, le vivre ensemble est s\u00e9rieusement menac\u00e9 depuis l\u2019intronisation \u00e0 la pr\u00e9fecture du Bas-Mono ( Sud Togo)&nbsp; du tr\u00e8s contest\u00e9 chef N\u2019tsakpo\u00e8 Fogan. Dans ce village, la succession au tr\u00f4ne royal est patrilin\u00e9aire.&nbsp; En effet, apr\u00e8s le d\u00e9c\u00e8s [&hellip;]<\/p>\n","protected":false},"author":2,"featured_media":0,"comment_status":"open","ping_status":"open","sticky":false,"template":"","format":"standard","meta":{"footnotes":""},"categories":[1],"tags":[],"class_list":{"0":"post-2964","1":"post","2":"type-post","3":"status-publish","4":"format-standard","6":"category-non-classe"},"_links":{"self":[{"href":"https:\/\/corpsdiplomaticnews.tg\/index.php\/wp-json\/wp\/v2\/posts\/2964","targetHints":{"allow":["GET"]}}],"collection":[{"href":"https:\/\/corpsdiplomaticnews.tg\/index.php\/wp-json\/wp\/v2\/posts"}],"about":[{"href":"https:\/\/corpsdiplomaticnews.tg\/index.php\/wp-json\/wp\/v2\/types\/post"}],"author":[{"embeddable":true,"href":"https:\/\/corpsdiplomaticnews.tg\/index.php\/wp-json\/wp\/v2\/users\/2"}],"replies":[{"embeddable":true,"href":"https:\/\/corpsdiplomaticnews.tg\/index.php\/wp-json\/wp\/v2\/comments?post=2964"}],"version-history":[{"count":1,"href":"https:\/\/corpsdiplomaticnews.tg\/index.php\/wp-json\/wp\/v2\/posts\/2964\/revisions"}],"predecessor-version":[{"id":2965,"href":"https:\/\/corpsdiplomaticnews.tg\/index.php\/wp-json\/wp\/v2\/posts\/2964\/revisions\/2965"}],"wp:attachment":[{"href":"https:\/\/corpsdiplomaticnews.tg\/index.php\/wp-json\/wp\/v2\/media?parent=2964"}],"wp:term":[{"taxonomy":"category","embeddable":true,"href":"https:\/\/corpsdiplomaticnews.tg\/index.php\/wp-json\/wp\/v2\/categories?post=2964"},{"taxonomy":"post_tag","embeddable":true,"href":"https:\/\/corpsdiplomaticnews.tg\/index.php\/wp-json\/wp\/v2\/tags?post=2964"}],"curies":[{"name":"wp","href":"https:\/\/api.w.org\/{rel}","templated":true}]}}