{"id":2237,"date":"2022-06-29T11:52:20","date_gmt":"2022-06-29T11:52:20","guid":{"rendered":"http:\/\/www.corpsdiplomatique.tg\/?p=2237"},"modified":"2022-06-29T11:52:21","modified_gmt":"2022-06-29T11:52:21","slug":"qatar-faure-gnassingbe-parle-des-ressorts-de-linclusion-socio-economique-du-togo","status":"publish","type":"post","link":"https:\/\/corpsdiplomaticnews.tg\/index.php\/2022\/06\/29\/qatar-faure-gnassingbe-parle-des-ressorts-de-linclusion-socio-economique-du-togo\/","title":{"rendered":"Qatar: Faure Gnassingb\u00e9 parle des ressorts de l\u2019inclusion socio-\u00e9conomique du Togo"},"content":{"rendered":"\n<p>Le pr\u00e9sident togolais Faure Gnassingb\u00e9 a anim\u00e9, mardi 21 juin 2022, une session d\u00e9di\u00e9e au Togo au premier jour du Forum \u00e9conomique annuel du Qatar qui se tient \u00e0 Doha.<\/p>\n\n\n\n<p>L\u2019exercice auquel ont pris part, des repr\u00e9sentants d\u2019institutions financi\u00e8res internationales, d\u2019entreprises et de diplomates, a \u00e9t\u00e9 l\u2019occasion pour le Pr\u00e9sident togolais, d\u2019\u00e9largir la r\u00e9flexion \u00e9conomique globale en s\u2019inspirant des choix, exp\u00e9riences et perspectives du Togo.<\/p>\n\n\n\n<p>Seul intervenant en provenance d\u2019un pays francophone d\u2019Afrique au cours de la s\u00e9quence consacr\u00e9e au futur du continent, intitul\u00e9e \u00ab In conversation with President Gnassingb\u00e9 \u00bb, le dirigeant togolais a \u00e9voqu\u00e9 les ressorts de l\u2019inclusion socio-\u00e9conomique de notre pays dans un contexte de crise sanitaire et \u00e9conomique, et mentionn\u00e9 les pr\u00e9occupations pos\u00e9es par l\u2019inflation et l\u2019ins\u00e9curit\u00e9 au plan r\u00e9gional.<\/p>\n\n\n\n<p>En outre, le num\u00e9ro 1 togolais n\u2019a pas manqu\u00e9 au cours de son intervention, de mettre en lumi\u00e8re les avantages comp\u00e9titifs du Togo et l\u2019attractivit\u00e9 que repr\u00e9sente la possibilit\u00e9 de d\u00e9velopper des cha\u00eenes de valeurs, tout en profitant de la comp\u00e9titivit\u00e9 du Port autonome de Lom\u00e9.<\/p>\n\n\n\n<p>\u00abFace \u00e0 la d\u00e9gradation du contexte s\u00e9curitaire r\u00e9gional, une r\u00e9ponse multidimensionnelle est apport\u00e9e par le Togo, avec une composante essentielle sur la lutte contre la pauvret\u00e9 \u00bb, a rappel\u00e9 le dirigeant togolais.<\/p>\n\n\n\n<p>Le Togo vise \u00e0 travers la Feuille de route gouvernementale 2020-2025, \u00e0 renforcer l\u2019inclusion et l\u2019harmonie sociales, consolider la paix, dynamiser la cr\u00e9ation d\u2019emplois en s\u2019appuyant sur les forces de l\u2019\u00e9conomie, moderniser le pays et renforcer ses structures, a-t-il ajout\u00e9.<\/p>\n\n\n\n<p>Pour rappel, le Forum \u00e9conomique annuel du Qatar est une plateforme qui r\u00e9unit plusieurs chefs d\u2019Etat et de gouvernement et investisseurs autour de la recherche des strat\u00e9gies visant \u00e0 relever les d\u00e9fis les plus urgents des \u00e9conomies et \u00e0 assurer la reprise \u00e9galitaire de la croissance post-Covid-19. La deuxi\u00e8me \u00e9dition, d\u00e9marr\u00e9e lundi, prend fin mercredi 22 juin 2022.<\/p>\n","protected":false},"excerpt":{"rendered":"<p>Le pr\u00e9sident togolais Faure Gnassingb\u00e9 a anim\u00e9, mardi 21 juin 2022, une session d\u00e9di\u00e9e au Togo au premier jour du Forum \u00e9conomique annuel du Qatar qui se tient \u00e0 Doha. L\u2019exercice auquel ont pris part, des repr\u00e9sentants d\u2019institutions financi\u00e8res internationales, d\u2019entreprises et de diplomates, a \u00e9t\u00e9 l\u2019occasion pour le Pr\u00e9sident togolais, d\u2019\u00e9largir la r\u00e9flexion \u00e9conomique [&hellip;]<\/p>\n","protected":false},"author":2,"featured_media":2238,"comment_status":"open","ping_status":"open","sticky":false,"template":"","format":"standard","meta":{"footnotes":""},"categories":[1],"tags":[],"class_list":{"0":"post-2237","1":"post","2":"type-post","3":"status-publish","4":"format-standard","5":"has-post-thumbnail","7":"category-non-classe"},"_links":{"self":[{"href":"https:\/\/corpsdiplomaticnews.tg\/index.php\/wp-json\/wp\/v2\/posts\/2237","targetHints":{"allow":["GET"]}}],"collection":[{"href":"https:\/\/corpsdiplomaticnews.tg\/index.php\/wp-json\/wp\/v2\/posts"}],"about":[{"href":"https:\/\/corpsdiplomaticnews.tg\/index.php\/wp-json\/wp\/v2\/types\/post"}],"author":[{"embeddable":true,"href":"https:\/\/corpsdiplomaticnews.tg\/index.php\/wp-json\/wp\/v2\/users\/2"}],"replies":[{"embeddable":true,"href":"https:\/\/corpsdiplomaticnews.tg\/index.php\/wp-json\/wp\/v2\/comments?post=2237"}],"version-history":[{"count":1,"href":"https:\/\/corpsdiplomaticnews.tg\/index.php\/wp-json\/wp\/v2\/posts\/2237\/revisions"}],"predecessor-version":[{"id":2239,"href":"https:\/\/corpsdiplomaticnews.tg\/index.php\/wp-json\/wp\/v2\/posts\/2237\/revisions\/2239"}],"wp:featuredmedia":[{"embeddable":true,"href":"https:\/\/corpsdiplomaticnews.tg\/index.php\/wp-json\/wp\/v2\/media\/2238"}],"wp:attachment":[{"href":"https:\/\/corpsdiplomaticnews.tg\/index.php\/wp-json\/wp\/v2\/media?parent=2237"}],"wp:term":[{"taxonomy":"category","embeddable":true,"href":"https:\/\/corpsdiplomaticnews.tg\/index.php\/wp-json\/wp\/v2\/categories?post=2237"},{"taxonomy":"post_tag","embeddable":true,"href":"https:\/\/corpsdiplomaticnews.tg\/index.php\/wp-json\/wp\/v2\/tags?post=2237"}],"curies":[{"name":"wp","href":"https:\/\/api.w.org\/{rel}","templated":true}]}}