{"id":11828,"date":"2026-09-01T08:55:30","date_gmt":"2026-09-01T08:55:30","guid":{"rendered":"https:\/\/corpsdiplomaticnews.tg\/?p=11828"},"modified":"2026-09-01T09:05:45","modified_gmt":"2026-09-01T09:05:45","slug":"faure-gnassingbe-a-bichkek-pour-le-26e-sommet-de-locs","status":"publish","type":"post","link":"https:\/\/corpsdiplomaticnews.tg\/index.php\/2026\/09\/01\/faure-gnassingbe-a-bichkek-pour-le-26e-sommet-de-locs\/","title":{"rendered":"Faure Gnassingb\u00e9 \u00e0 Bichkek pour le 26e sommet de l&rsquo;OCS"},"content":{"rendered":"\n<p class=\"wp-block-paragraph\">Le Premier Ministre togolais, Faure Gnassingb\u00e9, prend part depuis ce lundi 31 ao\u00fbt \u00a0au 26\u1d49 sommet de l&rsquo;Organisation de Coop\u00e9ration de Shanghai (OCS)\u00a0 \u00a0ouvert lundi \u00e0 Bichkek, au Kirghizistan. <\/p>\n\n\n\n<figure class=\"wp-block-image size-full\"><img loading=\"lazy\" loading=\"lazy\" decoding=\"async\" width=\"770\" height=\"433\" src=\"https:\/\/corpsdiplomaticnews.tg\/wp-content\/uploads\/2026\/09\/FAURE-K.jpg\" alt=\"\" class=\"wp-image-11829\" srcset=\"https:\/\/corpsdiplomaticnews.tg\/wp-content\/uploads\/2026\/09\/FAURE-K.jpg 770w, https:\/\/corpsdiplomaticnews.tg\/wp-content\/uploads\/2026\/09\/FAURE-K-300x169.jpg 300w, https:\/\/corpsdiplomaticnews.tg\/wp-content\/uploads\/2026\/09\/FAURE-K-768x432.jpg 768w\" sizes=\"auto, (max-width: 770px) 100vw, 770px\" \/><\/figure>\n\n\n\n<p class=\"wp-block-paragraph\">(<strong>Faure Gnassingb\u00e9 et  le Pr\u00e9sident de la R\u00e9publique kirghize, Sadyr Japarov<\/strong>)<\/p>\n\n\n\n<p class=\"wp-block-paragraph\">Cette rencontre, faut-il le pr\u00e9ciser r\u00e9unit&nbsp; des chefs d&rsquo;\u00c9tat et de gouvernement d&rsquo;Eurasie.<\/p>\n\n\n\n<p class=\"wp-block-paragraph\">Deux pays africains notamment\u00a0 le Togo et l&rsquo;\u00c9gypte sont\u00a0 invit\u00e9s \u00a0\u00e0 ce sommet, charg\u00e9s de porter la voix du continent et de contribuer aux \u00e9changes sur les grands enjeux de la gouvernance mondiale.<\/p>\n\n\n\n<p class=\"wp-block-paragraph\">Au-del\u00e0 des volets \u00e9conomiques et g\u00e9ostrat\u00e9giques, les discussions porteront notamment sur les m\u00e9canismes de lutte contre le terrorisme, l&rsquo;extr\u00e9misme violent et la cybercriminalit\u00e9 dans la r\u00e9gion, ainsi que sur les politiques de d\u00e9veloppement des infrastructures, de connectivit\u00e9 et la cr\u00e9ation d&rsquo;une architecture financi\u00e8re ind\u00e9pendante.&nbsp;<\/p>\n\n\n\n<p class=\"wp-block-paragraph\">Faure  Gnassingb\u00e9 devrait \u00e9galement \u00e9voquer, aux c\u00f4t\u00e9s des enjeux de multilat\u00e9ralisme port\u00e9s par le Sud Global, la situation s\u00e9curitaire et humanitaire de l&rsquo;Afrique de l&rsquo;Ouest et du continent africain, ainsi que la contribution du Togo \u00e0 la recherche de solutions durables \u00e0 ces d\u00e9fis.<\/p>\n\n\n\n<p class=\"wp-block-paragraph\">Cette participation s&rsquo;inscrit dans la diplomatie de diversification men\u00e9e par Lom\u00e9, qui entretient d\u00e9j\u00e0 d&rsquo;excellents partenariats avec plusieurs pays d&rsquo;Eurasie, notamment la Chine, la Russie et l&rsquo;Inde, dans des domaines \u00e0 fort impact \u00e9conomique, s\u00e9curitaire et social.<\/p>\n\n\n\n<p class=\"wp-block-paragraph\">Cr\u00e9\u00e9e en 2001, l&rsquo;OCS regroupe une dizaine de pays d&rsquo;Eurasie. Elle vise \u00e0 d\u00e9velopper une coop\u00e9ration multiforme destin\u00e9e \u00e0 maintenir et renforcer la paix, la s\u00e9curit\u00e9 et la stabilit\u00e9 r\u00e9gionales, tout en \u0153uvrant \u00e0 l&rsquo;\u00e9mergence d&rsquo;un nouvel ordre politique et \u00e9conomique international, plus d\u00e9mocratique, juste et \u00e9quilibr\u00e9.&nbsp;<\/p>\n\n\n\n<p class=\"wp-block-paragraph\">Dans une dynamique d&rsquo;ouverture vers d&rsquo;autres r\u00e9gions du monde, l&rsquo;organisation entend par ailleurs \u00e9tablir un partenariat avec l&rsquo;Union africaine, fond\u00e9 sur le dialogue et la promotion d&rsquo;int\u00e9r\u00eats communs entre pays d&rsquo;Asie et d&rsquo;Afrique partageant ses valeurs et ses id\u00e9aux. <\/p>\n\n\n\n<figure class=\"wp-block-image size-large\"><img loading=\"lazy\" loading=\"lazy\" decoding=\"async\" width=\"1024\" height=\"576\" src=\"https:\/\/corpsdiplomaticnews.tg\/wp-content\/uploads\/2026\/09\/BICHKEK-1024x576.jpg\" alt=\"\" class=\"wp-image-11830\" srcset=\"https:\/\/corpsdiplomaticnews.tg\/wp-content\/uploads\/2026\/09\/BICHKEK-1024x576.jpg 1024w, https:\/\/corpsdiplomaticnews.tg\/wp-content\/uploads\/2026\/09\/BICHKEK-300x169.jpg 300w, https:\/\/corpsdiplomaticnews.tg\/wp-content\/uploads\/2026\/09\/BICHKEK-768x432.jpg 768w, https:\/\/corpsdiplomaticnews.tg\/wp-content\/uploads\/2026\/09\/BICHKEK-1536x864.jpg 1536w, https:\/\/corpsdiplomaticnews.tg\/wp-content\/uploads\/2026\/09\/BICHKEK-860x484.jpg 860w, https:\/\/corpsdiplomaticnews.tg\/wp-content\/uploads\/2026\/09\/BICHKEK.jpg 1920w\" sizes=\"auto, (max-width: 1024px) 100vw, 1024px\" \/><\/figure>\n\n\n\n<p class=\"wp-block-paragraph\">Il faut ajouter des partenaires de dialogue (une cat\u00e9gorie plus large, incluant plusieurs pays du Moyen-Orient et d&rsquo;Asie) : Turquie, Arabie saoudite, Qatar, \u00c9gypte, \u00c9mirats arabes unis, Kowe\u00eft, Bahre\u00efn, Maldives, Myanmar, Sri Lanka, N\u00e9pal, Cambodge, Laos, Arm\u00e9nie, Azerba\u00efdjan. <\/p>\n\n\n\n<p class=\"wp-block-paragraph\"><\/p>\n","protected":false},"excerpt":{"rendered":"<p>Le Premier Ministre togolais, Faure Gnassingb\u00e9, prend part depuis ce lundi 31 ao\u00fbt \u00a0au 26\u1d49 sommet de l&rsquo;Organisation de Coop\u00e9ration de Shanghai (OCS)\u00a0 \u00a0ouvert lundi \u00e0 Bichkek, au Kirghizistan. (Faure Gnassingb\u00e9 et le Pr\u00e9sident de la R\u00e9publique kirghize, Sadyr Japarov) Cette rencontre, faut-il le pr\u00e9ciser r\u00e9unit&nbsp; des chefs d&rsquo;\u00c9tat et de gouvernement d&rsquo;Eurasie. Deux pays [&hellip;]<\/p>\n","protected":false},"author":2,"featured_media":11829,"comment_status":"open","ping_status":"open","sticky":false,"template":"","format":"standard","meta":{"footnotes":""},"categories":[2,124],"tags":[],"class_list":["post-11828","post","type-post","status-publish","format-standard","has-post-thumbnail","category-diplomatie","category-la-une"],"_links":{"self":[{"href":"https:\/\/corpsdiplomaticnews.tg\/index.php\/wp-json\/wp\/v2\/posts\/11828","targetHints":{"allow":["GET"]}}],"collection":[{"href":"https:\/\/corpsdiplomaticnews.tg\/index.php\/wp-json\/wp\/v2\/posts"}],"about":[{"href":"https:\/\/corpsdiplomaticnews.tg\/index.php\/wp-json\/wp\/v2\/types\/post"}],"author":[{"embeddable":true,"href":"https:\/\/corpsdiplomaticnews.tg\/index.php\/wp-json\/wp\/v2\/users\/2"}],"replies":[{"embeddable":true,"href":"https:\/\/corpsdiplomaticnews.tg\/index.php\/wp-json\/wp\/v2\/comments?post=11828"}],"version-history":[{"count":3,"href":"https:\/\/corpsdiplomaticnews.tg\/index.php\/wp-json\/wp\/v2\/posts\/11828\/revisions"}],"predecessor-version":[{"id":11833,"href":"https:\/\/corpsdiplomaticnews.tg\/index.php\/wp-json\/wp\/v2\/posts\/11828\/revisions\/11833"}],"wp:featuredmedia":[{"embeddable":true,"href":"https:\/\/corpsdiplomaticnews.tg\/index.php\/wp-json\/wp\/v2\/media\/11829"}],"wp:attachment":[{"href":"https:\/\/corpsdiplomaticnews.tg\/index.php\/wp-json\/wp\/v2\/media?parent=11828"}],"wp:term":[{"taxonomy":"category","embeddable":true,"href":"https:\/\/corpsdiplomaticnews.tg\/index.php\/wp-json\/wp\/v2\/categories?post=11828"},{"taxonomy":"post_tag","embeddable":true,"href":"https:\/\/corpsdiplomaticnews.tg\/index.php\/wp-json\/wp\/v2\/tags?post=11828"}],"curies":[{"name":"wp","href":"https:\/\/api.w.org\/{rel}","templated":true}]}}