{"id":11635,"date":"2026-04-30T09:15:48","date_gmt":"2026-04-30T09:15:48","guid":{"rendered":"https:\/\/corpsdiplomaticnews.tg\/?p=11635"},"modified":"2026-04-30T09:17:08","modified_gmt":"2026-04-30T09:17:08","slug":"dussey-et-kulubaev-ouvrent-la-voie-a-la-visite-de-faure-gnassingbe-a-bichkek","status":"publish","type":"post","link":"https:\/\/corpsdiplomaticnews.tg\/index.php\/2026\/04\/30\/dussey-et-kulubaev-ouvrent-la-voie-a-la-visite-de-faure-gnassingbe-a-bichkek\/","title":{"rendered":"Dussey et Kulubaev   ont pr\u00e9par\u00e9  la visite de Faure Gnassingb\u00e9 \u00e0 Bichkek"},"content":{"rendered":"\n<p>Les ministres des Affaires \u00e9trang\u00e8res du Togo et du Kirghizistan ont tenu lundi \u00a027 avril\u00a0 2026 une s\u00e9ance de travail pr\u00e9paratoire, jetant les bases d&rsquo;une coop\u00e9ration bilat\u00e9rale in\u00e9dite entre les deux pays.<\/p>\n\n\n\n<figure class=\"wp-block-image size-large\"><img loading=\"lazy\" loading=\"lazy\" decoding=\"async\" width=\"1024\" height=\"576\" src=\"https:\/\/corpsdiplomaticnews.tg\/wp-content\/uploads\/2026\/04\/DUSSEY-TADJI-1024x576.jpg\" alt=\"\" class=\"wp-image-11636\" srcset=\"https:\/\/corpsdiplomaticnews.tg\/wp-content\/uploads\/2026\/04\/DUSSEY-TADJI-1024x576.jpg 1024w, https:\/\/corpsdiplomaticnews.tg\/wp-content\/uploads\/2026\/04\/DUSSEY-TADJI-300x169.jpg 300w, https:\/\/corpsdiplomaticnews.tg\/wp-content\/uploads\/2026\/04\/DUSSEY-TADJI-768x432.jpg 768w, https:\/\/corpsdiplomaticnews.tg\/wp-content\/uploads\/2026\/04\/DUSSEY-TADJI-1536x864.jpg 1536w, https:\/\/corpsdiplomaticnews.tg\/wp-content\/uploads\/2026\/04\/DUSSEY-TADJI-860x484.jpg 860w, https:\/\/corpsdiplomaticnews.tg\/wp-content\/uploads\/2026\/04\/DUSSEY-TADJI.jpg 1920w\" sizes=\"auto, (max-width: 1024px) 100vw, 1024px\" \/><\/figure>\n\n\n\n<p><strong>Les ministres  Dussey et Kulubaev <\/strong><\/p>\n\n\n\n<p>\u00c0 quelques heures de la visite officielle du pr\u00e9sident du Conseil Faure Gnassingb\u00e9 au Kirghizistan, les chefs de la diplomatie des deux pays ont ouvert le bal. Robert Dussey, ministre togolais des Affaires \u00e9trang\u00e8res, s&rsquo;est entretenu lundi \u00e0 Bichkek avec son homologue Kirghiz Zheenbek Kulubaev dans le cadre des pr\u00e9paratifs de cette rencontre.<\/p>\n\n\n\n<p>Les deux officiels ont pass\u00e9 en revue les perspectives de coop\u00e9ration bilat\u00e9rale, deux pays aux trajectoires distinctes mais anim\u00e9s d&rsquo;une m\u00eame volont\u00e9 de diversifier leurs partenariats internationaux.&nbsp;<\/p>\n\n\n\n<p>Les \u00e9changes ont \u00e9galement port\u00e9 sur la coordination au sein des organisations internationales, un volet de plus en plus strat\u00e9gique pour des pays qui cherchent \u00e0 peser davantage sur la sc\u00e8ne multilat\u00e9rale.<\/p>\n\n\n\n<p>Cette r\u00e9union pr\u00e9paratoire t\u00e9moigne du s\u00e9rieux avec lequel Lom\u00e9 aborde ce rapprochement avec Bichkek. Loin d&rsquo;\u00eatre une visite protocolaire, la rencontre entre Faure Gnassingb\u00e9 et le pr\u00e9sident Sadyr Japarov s&rsquo;annonce comme le point de d\u00e9part d&rsquo;une relation bilat\u00e9rale substantielle entre l&rsquo;Afrique de l&rsquo;Ouest et l&rsquo;Asie centrale, deux r\u00e9gions du monde qui se connaissent encore trop peu et ont pourtant beaucoup \u00e0 se dire. <\/p>\n","protected":false},"excerpt":{"rendered":"<p>Les ministres des Affaires \u00e9trang\u00e8res du Togo et du Kirghizistan ont tenu lundi \u00a027 avril\u00a0 2026 une s\u00e9ance de travail pr\u00e9paratoire, jetant les bases d&rsquo;une coop\u00e9ration bilat\u00e9rale in\u00e9dite entre les deux pays. Les ministres Dussey et Kulubaev \u00c0 quelques heures de la visite officielle du pr\u00e9sident du Conseil Faure Gnassingb\u00e9 au Kirghizistan, les chefs de [&hellip;]<\/p>\n","protected":false},"author":2,"featured_media":11636,"comment_status":"open","ping_status":"open","sticky":false,"template":"","format":"standard","meta":{"footnotes":""},"categories":[2,124],"tags":[],"class_list":{"0":"post-11635","1":"post","2":"type-post","3":"status-publish","4":"format-standard","5":"has-post-thumbnail","7":"category-diplomatie","8":"category-la-une"},"_links":{"self":[{"href":"https:\/\/corpsdiplomaticnews.tg\/index.php\/wp-json\/wp\/v2\/posts\/11635","targetHints":{"allow":["GET"]}}],"collection":[{"href":"https:\/\/corpsdiplomaticnews.tg\/index.php\/wp-json\/wp\/v2\/posts"}],"about":[{"href":"https:\/\/corpsdiplomaticnews.tg\/index.php\/wp-json\/wp\/v2\/types\/post"}],"author":[{"embeddable":true,"href":"https:\/\/corpsdiplomaticnews.tg\/index.php\/wp-json\/wp\/v2\/users\/2"}],"replies":[{"embeddable":true,"href":"https:\/\/corpsdiplomaticnews.tg\/index.php\/wp-json\/wp\/v2\/comments?post=11635"}],"version-history":[{"count":3,"href":"https:\/\/corpsdiplomaticnews.tg\/index.php\/wp-json\/wp\/v2\/posts\/11635\/revisions"}],"predecessor-version":[{"id":11639,"href":"https:\/\/corpsdiplomaticnews.tg\/index.php\/wp-json\/wp\/v2\/posts\/11635\/revisions\/11639"}],"wp:featuredmedia":[{"embeddable":true,"href":"https:\/\/corpsdiplomaticnews.tg\/index.php\/wp-json\/wp\/v2\/media\/11636"}],"wp:attachment":[{"href":"https:\/\/corpsdiplomaticnews.tg\/index.php\/wp-json\/wp\/v2\/media?parent=11635"}],"wp:term":[{"taxonomy":"category","embeddable":true,"href":"https:\/\/corpsdiplomaticnews.tg\/index.php\/wp-json\/wp\/v2\/categories?post=11635"},{"taxonomy":"post_tag","embeddable":true,"href":"https:\/\/corpsdiplomaticnews.tg\/index.php\/wp-json\/wp\/v2\/tags?post=11635"}],"curies":[{"name":"wp","href":"https:\/\/api.w.org\/{rel}","templated":true}]}}