{"id":11632,"date":"2026-04-30T08:21:49","date_gmt":"2026-04-30T08:21:49","guid":{"rendered":"https:\/\/corpsdiplomaticnews.tg\/?p=11632"},"modified":"2026-04-30T08:21:50","modified_gmt":"2026-04-30T08:21:50","slug":"commerce-africain-jose-symenouh-appelle-les-entreprises-togolaises-a-se-mobiliser-autour-de-biashara-afrika-2026","status":"publish","type":"post","link":"https:\/\/corpsdiplomaticnews.tg\/index.php\/2026\/04\/30\/commerce-africain-jose-symenouh-appelle-les-entreprises-togolaises-a-se-mobiliser-autour-de-biashara-afrika-2026\/","title":{"rendered":"Commerce africain: Jos\u00e9 \u00a0Sym\u00e9nouh appelle\u00a0 les entreprises togolaises \u00e0 se mobiliser autour de Biashara Afrika 2026"},"content":{"rendered":"\n<p>La troisi\u00e8me \u00e9dition du forum d\u2019affaires Biashara Afrika entre dans sa phase active. Le gouvernement togolais, en collaboration avec le Secr\u00e9tariat ex\u00e9cutif de la Zone de libre-\u00e9change continentale africaine (ZLECAf), a lanc\u00e9 les pr\u00e9paratifs le mercredi 22 avril 2026 \u00e0 Lom\u00e9, lors d\u2019une conf\u00e9rence de presse tenue au minist\u00e8re d\u00e9l\u00e9gu\u00e9 charg\u00e9 du commerce et du contr\u00f4le de la qualit\u00e9. <\/p>\n\n\n\n<figure class=\"wp-block-image size-full\"><img loading=\"lazy\" loading=\"lazy\" decoding=\"async\" width=\"360\" height=\"223\" src=\"https:\/\/corpsdiplomaticnews.tg\/wp-content\/uploads\/2026\/04\/CCIT-A.jpg\" alt=\"\" class=\"wp-image-11633\" srcset=\"https:\/\/corpsdiplomaticnews.tg\/wp-content\/uploads\/2026\/04\/CCIT-A.jpg 360w, https:\/\/corpsdiplomaticnews.tg\/wp-content\/uploads\/2026\/04\/CCIT-A-300x186.jpg 300w\" sizes=\"auto, (max-width: 360px) 100vw, 360px\" \/><\/figure>\n\n\n\n<p>Devant &nbsp;des professionnels des m\u00e9dias, &nbsp;partenaires techniques et financiers ainsi que des &nbsp;acteurs du secteur priv\u00e9, le ministre d\u00e9l\u00e9gu\u00e9 charg\u00e9 du commerce et du contr\u00f4le de la qualit\u00e9, Kossi TENOU a rappel\u00e9 les enjeux de cette initiative continentale. Il a relev\u00e9 que le commerce intra-africain reste limit\u00e9, avec environ 15 % des exportations du continent, en raison de contraintes structurelles telles que la fragmentation des march\u00e9s et les barri\u00e8res commerciales. Dans ce contexte, la ZLECAf appara\u00eet comme un levier majeur pour renforcer l\u2019int\u00e9gration \u00e9conomique et cr\u00e9er un vaste march\u00e9 de plus de 1,3 milliard de consommateurs.<\/p>\n\n\n\n<p>C\u2019est dans cette dynamique que s\u2019inscrit le forum Biashara Afrika, plateforme d\u00e9di\u00e9e \u00e0 la promotion des \u00e9changes commerciaux et de l\u2019investissement intra-africain. Apr\u00e8s l\u2019Afrique du Sud en 2023 et le Rwanda en 2024, Lom\u00e9 accueille la troisi\u00e8me \u00e9dition du 18 au 20 mai 2026 au Palais des Congr\u00e8s, sous le th\u00e8me \u00ab Acc\u00e9l\u00e9rer la transformation \u00e9conomique de l\u2019Afrique gr\u00e2ce \u00e0 la ZLECAf \u00bb. Plus de 1 500 participants issus du continent sont attendus.<\/p>\n\n\n\n<p>Le programme pr\u00e9voit des conf\u00e9rences de haut niveau, des panels, des rencontres B2B, des expositions et une soir\u00e9e de gala. Un pavillon international et un espace \u00ab Village Togo \u00bb mettront en avant les opportunit\u00e9s \u00e9conomiques et le savoir-faire national.<\/p>\n\n\n\n<p>L\u2019accent a \u00e9t\u00e9 mis sur le r\u00f4le central du secteur priv\u00e9, avec la pr\u00e9sence du pr\u00e9sident de la Chambre de commerce et d\u2019industrie du Togo, Dr Jos\u00e9 Kwassi Symenouh, appel\u00e9 \u00e0 mobiliser les entreprises togolaises autour de cet \u00e9v\u00e9nement. Les organisations patronales et plusieurs partenaires, dont le Programme des Nations Unies pour le d\u00e9veloppement, la Deutsche Gesellschaft f\u00fcr Internationale Zusammenarbeit et l\u2019Organisation des Nations unies pour l&rsquo;alimentation et l&rsquo;agriculture, apportent \u00e9galement leur appui \u00e0 l\u2019initiative.<\/p>\n\n\n\n<p>Le gouvernement voit en Biashara Afrika une opportunit\u00e9 de valoriser les r\u00e9formes \u00e9conomiques du pays, d\u2019attirer les investissements et de positionner le Togo comme un hub commercial en Afrique de l\u2019Ouest. Un appel a \u00e9t\u00e9 lanc\u00e9 aux op\u00e9rateurs \u00e9conomiques, notamment aux PME, afin de participer activement \u00e0 cette rencontre et de tirer profit des opportunit\u00e9s offertes par la ZLECAf.<\/p>\n\n\n\n<p><strong>Comment participer \u00e0 ce rendez-vous commercial&nbsp;?<\/strong><\/p>\n\n\n\n<p>Les inscriptions sont ouvertes et des points d\u2019information sont disponibles au minist\u00e8re en charge du commerce ainsi qu\u2019\u00e0 la Chambre de commerce pour accompagner les entreprises int\u00e9ress\u00e9es. Lom\u00e9 se pr\u00e9pare ainsi \u00e0 accueillir un rendez-vous strat\u00e9gique au service de l\u2019int\u00e9gration \u00e9conomique du continent.<\/p>\n\n\n\n<p><strong>David RICARDO<\/strong> <\/p>\n","protected":false},"excerpt":{"rendered":"<p>La troisi\u00e8me \u00e9dition du forum d\u2019affaires Biashara Afrika entre dans sa phase active. Le gouvernement togolais, en collaboration avec le Secr\u00e9tariat ex\u00e9cutif de la Zone de libre-\u00e9change continentale africaine (ZLECAf), a lanc\u00e9 les pr\u00e9paratifs le mercredi 22 avril 2026 \u00e0 Lom\u00e9, lors d\u2019une conf\u00e9rence de presse tenue au minist\u00e8re d\u00e9l\u00e9gu\u00e9 charg\u00e9 du commerce et du [&hellip;]<\/p>\n","protected":false},"author":2,"featured_media":11633,"comment_status":"open","ping_status":"open","sticky":false,"template":"","format":"standard","meta":{"footnotes":""},"categories":[104,124],"tags":[],"class_list":{"0":"post-11632","1":"post","2":"type-post","3":"status-publish","4":"format-standard","5":"has-post-thumbnail","7":"category-economie","8":"category-la-une"},"_links":{"self":[{"href":"https:\/\/corpsdiplomaticnews.tg\/index.php\/wp-json\/wp\/v2\/posts\/11632","targetHints":{"allow":["GET"]}}],"collection":[{"href":"https:\/\/corpsdiplomaticnews.tg\/index.php\/wp-json\/wp\/v2\/posts"}],"about":[{"href":"https:\/\/corpsdiplomaticnews.tg\/index.php\/wp-json\/wp\/v2\/types\/post"}],"author":[{"embeddable":true,"href":"https:\/\/corpsdiplomaticnews.tg\/index.php\/wp-json\/wp\/v2\/users\/2"}],"replies":[{"embeddable":true,"href":"https:\/\/corpsdiplomaticnews.tg\/index.php\/wp-json\/wp\/v2\/comments?post=11632"}],"version-history":[{"count":1,"href":"https:\/\/corpsdiplomaticnews.tg\/index.php\/wp-json\/wp\/v2\/posts\/11632\/revisions"}],"predecessor-version":[{"id":11634,"href":"https:\/\/corpsdiplomaticnews.tg\/index.php\/wp-json\/wp\/v2\/posts\/11632\/revisions\/11634"}],"wp:featuredmedia":[{"embeddable":true,"href":"https:\/\/corpsdiplomaticnews.tg\/index.php\/wp-json\/wp\/v2\/media\/11633"}],"wp:attachment":[{"href":"https:\/\/corpsdiplomaticnews.tg\/index.php\/wp-json\/wp\/v2\/media?parent=11632"}],"wp:term":[{"taxonomy":"category","embeddable":true,"href":"https:\/\/corpsdiplomaticnews.tg\/index.php\/wp-json\/wp\/v2\/categories?post=11632"},{"taxonomy":"post_tag","embeddable":true,"href":"https:\/\/corpsdiplomaticnews.tg\/index.php\/wp-json\/wp\/v2\/tags?post=11632"}],"curies":[{"name":"wp","href":"https:\/\/api.w.org\/{rel}","templated":true}]}}