{"id":11513,"date":"2026-03-16T01:05:46","date_gmt":"2026-03-16T01:05:46","guid":{"rendered":"https:\/\/corpsdiplomaticnews.tg\/?p=11513"},"modified":"2026-03-16T07:37:50","modified_gmt":"2026-03-16T07:37:50","slug":"la-prosperite-et-lespoir-au-menu-du-69e-anniversaire-dindependance-du-ghana","status":"publish","type":"post","link":"https:\/\/corpsdiplomaticnews.tg\/index.php\/2026\/03\/16\/la-prosperite-et-lespoir-au-menu-du-69e-anniversaire-dindependance-du-ghana\/","title":{"rendered":"La prosp\u00e9rit\u00e9 et l&rsquo;espoir au menu du \u00a069e anniversaire d\u2019ind\u00e9pendance du Ghana"},"content":{"rendered":"\n<p>La R\u00e9publique du Ghana &nbsp;a c\u00e9l\u00e9br\u00e9 son 69e anniversaire d&rsquo;ind\u00e9pendance le &nbsp;6 mars 2026, marquant la fin de la domination britannique le 6 mars 1957. Sous le th\u00e8me \u00ab B\u00e2tir la prosp\u00e9rit\u00e9, restaurer l&rsquo;espoir \u00bb, cette comm\u00e9moration, qui c\u00e9l\u00e8bre le premier pays d&rsquo;Afrique subsaharienne \u00e0 se lib\u00e9rer, s\u2019est tenue \u00e0 la Jubilee House \u00e0 Accra &nbsp;&nbsp;o\u00f9 le pr\u00e9sident ghan\u00e9en avait prononc\u00e9 son discours.<\/p>\n\n\n\n<p>A Lom\u00e9, Son Excellence George Kofi NFOJOH, Haut-commissaire de la R\u00e9publique du Ghana pr\u00e8s le Togo a organis\u00e9 une c\u00e9l\u00e9bration solennelle \u00e0 l\u2019occasion de l\u2019accession de son pays \u00e0 la souverainet\u00e9 internationale. <\/p>\n\n\n\n<figure class=\"wp-block-image size-full\"><img loading=\"lazy\" loading=\"lazy\" decoding=\"async\" width=\"862\" height=\"600\" src=\"https:\/\/corpsdiplomaticnews.tg\/wp-content\/uploads\/2026\/03\/AMB-GHANA.webp\" alt=\"\" class=\"wp-image-11517\" srcset=\"https:\/\/corpsdiplomaticnews.tg\/wp-content\/uploads\/2026\/03\/AMB-GHANA.webp 862w, https:\/\/corpsdiplomaticnews.tg\/wp-content\/uploads\/2026\/03\/AMB-GHANA-300x209.webp 300w, https:\/\/corpsdiplomaticnews.tg\/wp-content\/uploads\/2026\/03\/AMB-GHANA-768x535.webp 768w, https:\/\/corpsdiplomaticnews.tg\/wp-content\/uploads\/2026\/03\/AMB-GHANA-860x599.webp 860w\" sizes=\"auto, (max-width: 862px) 100vw, 862px\" \/><\/figure>\n\n\n\n<p><strong>Son Excellence George Kofi NFOJOH, Haut-commissaire de la R\u00e9publique du Ghana pr\u00e8s le Togo<\/strong><\/p>\n\n\n\n<figure class=\"wp-block-image size-full\"><img loading=\"lazy\" loading=\"lazy\" decoding=\"async\" width=\"309\" height=\"163\" src=\"https:\/\/corpsdiplomaticnews.tg\/wp-content\/uploads\/2026\/03\/G0.jpg\" alt=\"\" class=\"wp-image-11514\" srcset=\"https:\/\/corpsdiplomaticnews.tg\/wp-content\/uploads\/2026\/03\/G0.jpg 309w, https:\/\/corpsdiplomaticnews.tg\/wp-content\/uploads\/2026\/03\/G0-300x158.jpg 300w\" sizes=\"auto, (max-width: 309px) 100vw, 309px\" \/><\/figure>\n\n\n\n<p>Diplomates, consuls, hommes d\u2019affaires ghan\u00e9ens, autorit\u00e9s traditionnelles et admnistratives, invit\u00e9s de tous ordres: ils \u00e9taient nombreux \u00e0 occuper le jardin de la r\u00e9sidence du Haut-Commissaire ghan\u00e9en pour honorer cette c\u00e9l\u00e9bration du 69<sup>e<\/sup> anniversaire d\u2019ind\u00e9pendance de ce pays. <\/p>\n\n\n\n<p>Occasion pour l\u2019Ambassadeur NFOJOH, de livrer un discours tr\u00e8s marquant \u00e0 son auditoire sur la construction de la prop\u00e9rit\u00e9 et la restauration de l\u2019espoir \u00e0&nbsp; ses compatriotes. &nbsp;<\/p>\n\n\n\n<p>Ainsi, il &nbsp;a fait comprendre que le th\u00e8me de la c\u00e9l\u00e9bration&nbsp; refl\u00e8te la volont\u00e9 des Ghan\u00e9ens de renforcer la r\u00e9silience \u00e9conomique, de promouvoir une croissance inclusive et veiller \u00e0 ce que le d\u00e9veloppement se traduise par des am\u00e9liorations concr\u00e8tes dans la vie des citoyens. B\u00e2tir la prosp\u00e9rit\u00e9, dit-il, exige une saine gestion \u00e9conomique, le d\u00e9veloppement industriel, la modernisation de l\u2019agriculture, l\u2019innovation num\u00e9rique et le dynamisme du secteur priv\u00e9. Redonner l\u2019espoir, explique-t-il, c\u2019est s\u2019engager pour la gouvernance, la protection sociale, l\u2019autonomisation des jeunes, l\u2019\u00e9galit\u00e9 de genre et l\u2019acc\u00e8s \u00e0 une \u00e9ducation et des soins de qualit\u00e9.<\/p>\n\n\n\n<p>Concernant les relations bilat\u00e9rales, le haut-commissaire a rappel\u00e9 que le Ghana et le Togo partagent non seulement une fronti\u00e8re mais \u00e9galement les liens historiques qui unissent les deux peuples par la g\u00e9ographie, le commerce et les liens de parent\u00e9 ant\u00e9rieure. En mati\u00e8re de s\u00e9curit\u00e9, le diplomate a signifi\u00e9 que les deux pays demeurent exemplaires avec une coop\u00e9ration fructueuse sur les activit\u00e9s criminelles et les crimes frontaliers. <\/p>\n\n\n\n<figure class=\"wp-block-image size-full\"><img loading=\"lazy\" loading=\"lazy\" decoding=\"async\" width=\"904\" height=\"600\" src=\"https:\/\/corpsdiplomaticnews.tg\/wp-content\/uploads\/2026\/03\/G12.webp\" alt=\"\" class=\"wp-image-11523\" srcset=\"https:\/\/corpsdiplomaticnews.tg\/wp-content\/uploads\/2026\/03\/G12.webp 904w, https:\/\/corpsdiplomaticnews.tg\/wp-content\/uploads\/2026\/03\/G12-300x199.webp 300w, https:\/\/corpsdiplomaticnews.tg\/wp-content\/uploads\/2026\/03\/G12-768x510.webp 768w, https:\/\/corpsdiplomaticnews.tg\/wp-content\/uploads\/2026\/03\/G12-330x220.webp 330w, https:\/\/corpsdiplomaticnews.tg\/wp-content\/uploads\/2026\/03\/G12-420x280.webp 420w, https:\/\/corpsdiplomaticnews.tg\/wp-content\/uploads\/2026\/03\/G12-860x571.webp 860w\" sizes=\"auto, (max-width: 904px) 100vw, 904px\" \/><\/figure>\n\n\n\n<p><strong>Vue partielle des invit\u00e9s <\/strong><\/p>\n\n\n\n<p>En perspective, le haut-commissaire estime qu\u2019en renfor\u00e7ant la coop\u00e9ration entre le Togo et le Ghana, en relevant les d\u00e9fis avec s\u00e9r\u00e9nit\u00e9 et en s\u2019appuyant sur les r\u00e9ussites communes, les deux pays peuvent garantir la prosp\u00e9rit\u00e9 et la stabilit\u00e9 des peuples et contribuer de mani\u00e8re significative au d\u00e9veloppement de la sous-r\u00e9gion ouest-africaine. La c\u00e9l\u00e9bration a \u00e9t\u00e9 rehauss\u00e9e par la pr\u00e9sence du D\u00e9put\u00e9 ghan\u00e9en Koku KUMODJI qui a fait le d\u00e9placement de Lom\u00e9. <\/p>\n\n\n\n<p><strong>Des &nbsp;prestations artistiques au menu<\/strong><\/p>\n\n\n\n<p>La c\u00e9l\u00e9bration a \u00e9t\u00e9 l\u2019occasion de mettre en lumi\u00e8re \u00e0 travers des vid\u00e9os, le vaste potentiel touristique du Ghana, son patrimoine culturel dynamique et son environnement d\u2019investissement en pleine expansion. Des riches sites historiques au secteur dynamique des arts cr\u00e9atifs ont \u00e9t\u00e9 aussi pr\u00e9sent\u00e9s sous formes de nombreuses opportunit\u00e9s et d\u2019investissement. <\/p>\n\n\n\n<figure class=\"wp-block-image size-full\"><img loading=\"lazy\" loading=\"lazy\" decoding=\"async\" width=\"895\" height=\"600\" src=\"https:\/\/corpsdiplomaticnews.tg\/wp-content\/uploads\/2026\/03\/G-13.webp\" alt=\"\" class=\"wp-image-11524\" srcset=\"https:\/\/corpsdiplomaticnews.tg\/wp-content\/uploads\/2026\/03\/G-13.webp 895w, https:\/\/corpsdiplomaticnews.tg\/wp-content\/uploads\/2026\/03\/G-13-300x201.webp 300w, https:\/\/corpsdiplomaticnews.tg\/wp-content\/uploads\/2026\/03\/G-13-768x515.webp 768w, https:\/\/corpsdiplomaticnews.tg\/wp-content\/uploads\/2026\/03\/G-13-330x220.webp 330w, https:\/\/corpsdiplomaticnews.tg\/wp-content\/uploads\/2026\/03\/G-13-860x577.webp 860w\" sizes=\"auto, (max-width: 895px) 100vw, 895px\" \/><\/figure>\n\n\n\n<p>C\u2019est aussi l\u2019occasion pour les artistes ghan\u00e9ens de pr\u00e9senter leurs danses du terroir \u00e0 travers des chants traditionnels. A l\u2019issue des danses, les plats traditionnels ont \u00e9t\u00e9 d\u00e9gust\u00e9s dans une ambiance bon enfant. <\/p>\n\n\n\n<p><strong>Jean-Baptiste ATTISSO<\/strong><\/p>\n","protected":false},"excerpt":{"rendered":"<p>La R\u00e9publique du Ghana &nbsp;a c\u00e9l\u00e9br\u00e9 son 69e anniversaire d&rsquo;ind\u00e9pendance le &nbsp;6 mars 2026, marquant la fin de la domination britannique le 6 mars 1957. Sous le th\u00e8me \u00ab B\u00e2tir la prosp\u00e9rit\u00e9, restaurer l&rsquo;espoir \u00bb, cette comm\u00e9moration, qui c\u00e9l\u00e8bre le premier pays d&rsquo;Afrique subsaharienne \u00e0 se lib\u00e9rer, s\u2019est tenue \u00e0 la Jubilee House \u00e0 Accra [&hellip;]<\/p>\n","protected":false},"author":2,"featured_media":11517,"comment_status":"open","ping_status":"open","sticky":false,"template":"","format":"standard","meta":{"footnotes":""},"categories":[2,124],"tags":[],"class_list":{"0":"post-11513","1":"post","2":"type-post","3":"status-publish","4":"format-standard","5":"has-post-thumbnail","7":"category-diplomatie","8":"category-la-une"},"_links":{"self":[{"href":"https:\/\/corpsdiplomaticnews.tg\/index.php\/wp-json\/wp\/v2\/posts\/11513","targetHints":{"allow":["GET"]}}],"collection":[{"href":"https:\/\/corpsdiplomaticnews.tg\/index.php\/wp-json\/wp\/v2\/posts"}],"about":[{"href":"https:\/\/corpsdiplomaticnews.tg\/index.php\/wp-json\/wp\/v2\/types\/post"}],"author":[{"embeddable":true,"href":"https:\/\/corpsdiplomaticnews.tg\/index.php\/wp-json\/wp\/v2\/users\/2"}],"replies":[{"embeddable":true,"href":"https:\/\/corpsdiplomaticnews.tg\/index.php\/wp-json\/wp\/v2\/comments?post=11513"}],"version-history":[{"count":6,"href":"https:\/\/corpsdiplomaticnews.tg\/index.php\/wp-json\/wp\/v2\/posts\/11513\/revisions"}],"predecessor-version":[{"id":11530,"href":"https:\/\/corpsdiplomaticnews.tg\/index.php\/wp-json\/wp\/v2\/posts\/11513\/revisions\/11530"}],"wp:featuredmedia":[{"embeddable":true,"href":"https:\/\/corpsdiplomaticnews.tg\/index.php\/wp-json\/wp\/v2\/media\/11517"}],"wp:attachment":[{"href":"https:\/\/corpsdiplomaticnews.tg\/index.php\/wp-json\/wp\/v2\/media?parent=11513"}],"wp:term":[{"taxonomy":"category","embeddable":true,"href":"https:\/\/corpsdiplomaticnews.tg\/index.php\/wp-json\/wp\/v2\/categories?post=11513"},{"taxonomy":"post_tag","embeddable":true,"href":"https:\/\/corpsdiplomaticnews.tg\/index.php\/wp-json\/wp\/v2\/tags?post=11513"}],"curies":[{"name":"wp","href":"https:\/\/api.w.org\/{rel}","templated":true}]}}