{"id":11496,"date":"2026-03-15T17:51:52","date_gmt":"2026-03-15T17:51:52","guid":{"rendered":"https:\/\/corpsdiplomaticnews.tg\/?p=11496"},"modified":"2026-03-15T17:51:53","modified_gmt":"2026-03-15T17:51:53","slug":"benin-demission-de-yayi-boni-un-salut-pour-la-survie-du-parti-ou-une-possible-alternance-au-sein-de-son-parti","status":"publish","type":"post","link":"https:\/\/corpsdiplomaticnews.tg\/index.php\/2026\/03\/15\/benin-demission-de-yayi-boni-un-salut-pour-la-survie-du-parti-ou-une-possible-alternance-au-sein-de-son-parti\/","title":{"rendered":"\u00a0B\u00c9NIN: D\u00c9MISSION DE YAYI BONI, UN SALUT POUR LA SURVIE DU PARTI OU UNE POSSIBLE ALTERNANCE AU SEIN DE SON PARTI ?"},"content":{"rendered":"\n<p>\u00a0Le 03 mars dernier\u00a0 au Benin, le parti d&rsquo;opposition \u00ab\u00a0Les d\u00e9mocrates&rsquo; a \u00e9t\u00e9 boulevers\u00e9 par l&rsquo;annonce\u00a0 de la d\u00e9mission de son pr\u00e9sident national. Dr Yayi Boni, puisque c&rsquo;est de lui qu&rsquo;il s&rsquo;agit, a envoy\u00e9 au bureau national de son\u00a0 parti sa lettre de d\u00e9mission. L&rsquo;homme justifie sa d\u00e9mission par sa sant\u00e9 fragile.  <\/p>\n\n\n\n<figure class=\"wp-block-image size-large\"><img loading=\"lazy\" loading=\"lazy\" decoding=\"async\" width=\"1024\" height=\"576\" src=\"https:\/\/corpsdiplomaticnews.tg\/wp-content\/uploads\/2026\/03\/Boni-Yayi-1024x576.webp\" alt=\"\" class=\"wp-image-11497\" srcset=\"https:\/\/corpsdiplomaticnews.tg\/wp-content\/uploads\/2026\/03\/Boni-Yayi-1024x576.webp 1024w, https:\/\/corpsdiplomaticnews.tg\/wp-content\/uploads\/2026\/03\/Boni-Yayi-300x169.webp 300w, https:\/\/corpsdiplomaticnews.tg\/wp-content\/uploads\/2026\/03\/Boni-Yayi-768x432.webp 768w, https:\/\/corpsdiplomaticnews.tg\/wp-content\/uploads\/2026\/03\/Boni-Yayi-860x484.webp 860w, https:\/\/corpsdiplomaticnews.tg\/wp-content\/uploads\/2026\/03\/Boni-Yayi.webp 1200w\" sizes=\"auto, (max-width: 1024px) 100vw, 1024px\" \/><\/figure>\n\n\n\n<p>Oui, s&rsquo;il faut accepter la raison sanitaire, il va sans dire que son d\u00e9part valait la peine parce que le parti traverse une situation d\u00e9licate qui porte atteinte \u00e0 ses activit\u00e9s politiques. D&rsquo;abord, pour des raisons li\u00e9es \u00e0 la mauvaise organisation des \u00e9lections, le parti est absent dans les comp\u00e9titions \u00e9lectorales. Ainsi, le parti n&rsquo;a aucun d\u00e9put\u00e9 \u00e0 l&rsquo;assembl\u00e9e nationale, ni de conseillers municipaux.<\/p>\n\n\n\n<p>Toujours est-il que des dissensions internes aussi fragilisent la force du parti qui perd ses zones d&rsquo;influence.<\/p>\n\n\n\n<p>Enfin, il ne faut pas oublier qu&rsquo;on reproche \u00e0 Yayi Boni d&rsquo;entretenir du r\u00e9gionalisme au sein du parti. On parle des membres de son entourage, tr\u00e8s influents qui seraient originaires du Nord.<\/p>\n\n\n\n<p>Au regard de toutes ces raisons, tout porte \u00e0 croire que son d\u00e9part serait la bienvenue. Que nenni ! Les membres du bureau n&rsquo;acceptent pas cette d\u00e9mission. En principe, on aurait assist\u00e9 au contraire, c&rsquo;est-\u00e0-dire accepter qu&rsquo;il parte afin de donner un nouveau souffle au parti. Le paradoxe, c&rsquo;est plut\u00f4t des jeunes membres du parti qui refusent que Dr Yayi Boni quitte la t\u00eate du parti. Ce refus pourrait s&rsquo;expliquer par la culture du multipartisme en Afrique francophone o\u00f9 les fondateurs des partis g\u00e8rent comme leurs propres entreprises car ces derniers demeurent les seuls financiers de ces partis. Par-l\u00e0, ils d\u00e9cident de tout. Ils sont des ma\u00eetres absolus. Aucun courant de pens\u00e9es contraires \u00e0 celui du fondateur n&rsquo;est tol\u00e9r\u00e9. Juste l&rsquo;auteur de ce courant dissident est consid\u00e9r\u00e9 comme rebelle. Des membres issus de la basse classe n&rsquo;ont pas la capacit\u00e9 de cotiser pour les activit\u00e9s du parti. Donc, beaucoup craignent que Dr Yayi Boni ne va plus d\u00e9penser pour le parti s&rsquo;il s&rsquo;av\u00e9rait qu&rsquo;il quitte la t\u00eate du parti.<\/p>\n\n\n\n<p>Dans ce cas d&rsquo;esp\u00e8ce, le d\u00e9part de Yayi Boni est-il une bonne chose ou non pour la relance du parti dans les prochaines \u00e9ch\u00e9ances \u00e9lectorales ? Les jours \u00e0 venir nous instruiront mieux.<\/p>\n\n\n\n<p>En tout cas la culture du multipartisme en Afrique francophone a du plomb dans l\u2019aile car le d\u00e9part du fondateur fait toujours peur pour deux raisons: absence du charisme et embarras financiers. \u00c0 cause du culte de la personnalit\u00e9 dont a b\u00e9n\u00e9fici\u00e9 le pr\u00e9sident fondateur du parti, les membres ont du mal \u00e0 accepter la d\u00e9mission de leur chef. Que faire pour que ce grand parti puisse rena\u00eetre de ses cendres? Malin, &nbsp;sera celui-l\u00e0 &nbsp;qui donnerait une r\u00e9ponse irr\u00e9prochable.<\/p>\n\n\n\n<p><strong>Anges Gbedode<\/strong> <br>\u00a0<\/p>\n","protected":false},"excerpt":{"rendered":"<p>\u00a0Le 03 mars dernier\u00a0 au Benin, le parti d&rsquo;opposition \u00ab\u00a0Les d\u00e9mocrates&rsquo; a \u00e9t\u00e9 boulevers\u00e9 par l&rsquo;annonce\u00a0 de la d\u00e9mission de son pr\u00e9sident national. Dr Yayi Boni, puisque c&rsquo;est de lui qu&rsquo;il s&rsquo;agit, a envoy\u00e9 au bureau national de son\u00a0 parti sa lettre de d\u00e9mission. L&rsquo;homme justifie sa d\u00e9mission par sa sant\u00e9 fragile. Oui, s&rsquo;il faut [&hellip;]<\/p>\n","protected":false},"author":2,"featured_media":11498,"comment_status":"open","ping_status":"open","sticky":false,"template":"","format":"standard","meta":{"footnotes":""},"categories":[124,4],"tags":[],"class_list":{"0":"post-11496","1":"post","2":"type-post","3":"status-publish","4":"format-standard","5":"has-post-thumbnail","7":"category-la-une","8":"category-politique"},"_links":{"self":[{"href":"https:\/\/corpsdiplomaticnews.tg\/index.php\/wp-json\/wp\/v2\/posts\/11496","targetHints":{"allow":["GET"]}}],"collection":[{"href":"https:\/\/corpsdiplomaticnews.tg\/index.php\/wp-json\/wp\/v2\/posts"}],"about":[{"href":"https:\/\/corpsdiplomaticnews.tg\/index.php\/wp-json\/wp\/v2\/types\/post"}],"author":[{"embeddable":true,"href":"https:\/\/corpsdiplomaticnews.tg\/index.php\/wp-json\/wp\/v2\/users\/2"}],"replies":[{"embeddable":true,"href":"https:\/\/corpsdiplomaticnews.tg\/index.php\/wp-json\/wp\/v2\/comments?post=11496"}],"version-history":[{"count":1,"href":"https:\/\/corpsdiplomaticnews.tg\/index.php\/wp-json\/wp\/v2\/posts\/11496\/revisions"}],"predecessor-version":[{"id":11499,"href":"https:\/\/corpsdiplomaticnews.tg\/index.php\/wp-json\/wp\/v2\/posts\/11496\/revisions\/11499"}],"wp:featuredmedia":[{"embeddable":true,"href":"https:\/\/corpsdiplomaticnews.tg\/index.php\/wp-json\/wp\/v2\/media\/11498"}],"wp:attachment":[{"href":"https:\/\/corpsdiplomaticnews.tg\/index.php\/wp-json\/wp\/v2\/media?parent=11496"}],"wp:term":[{"taxonomy":"category","embeddable":true,"href":"https:\/\/corpsdiplomaticnews.tg\/index.php\/wp-json\/wp\/v2\/categories?post=11496"},{"taxonomy":"post_tag","embeddable":true,"href":"https:\/\/corpsdiplomaticnews.tg\/index.php\/wp-json\/wp\/v2\/tags?post=11496"}],"curies":[{"name":"wp","href":"https:\/\/api.w.org\/{rel}","templated":true}]}}