{"id":11494,"date":"2026-03-15T11:02:35","date_gmt":"2026-03-15T11:02:35","guid":{"rendered":"https:\/\/corpsdiplomaticnews.tg\/?p=11494"},"modified":"2026-03-15T11:02:36","modified_gmt":"2026-03-15T11:02:36","slug":"tensions-frontalieres-dans-le-bassin-du-fleuve-mano-la-cedeao-appelle-les-parties-prenantes-a-la-retenue","status":"publish","type":"post","link":"https:\/\/corpsdiplomaticnews.tg\/index.php\/2026\/03\/15\/tensions-frontalieres-dans-le-bassin-du-fleuve-mano-la-cedeao-appelle-les-parties-prenantes-a-la-retenue\/","title":{"rendered":"Tensions frontali\u00e8res dans le bassin du fleuve Mano: la CEDEAO appelle les parties\u00a0 prenantes \u00e0 la retenue"},"content":{"rendered":"\n<p>La \u00a0CEDEAO,\u00a0 Communaut\u00e9 \u00e9conomique des \u00c9tats de l\u2019Afrique de l\u2019Ouest,\u00a0 a exprim\u00e9 \u00ab\u00a0sa vive inqui\u00e9tude face \u00e0 la mont\u00e9e des tensions observ\u00e9es \u00a0ces derniers jours dans le bassin du fleuve Mano, notamment entre la Guin\u00e9e et ses voisins, le Lib\u00e9ria et la Sierra Leone\u00a0\u00bb. C\u2019est \u00e0\u00a0 travers un communiqu\u00e9 rendu public le 12 mars 2026 depuis Abuja, l\u2019organisation sous-r\u00e9gionale appelle les diff\u00e9rentes parties \u00e0 faire preuve de retenue et \u00e0 privil\u00e9gier le r\u00e8glement pacifique des diff\u00e9rends frontaliers. <\/p>\n\n\n\n<figure class=\"wp-block-image size-full\"><img loading=\"lazy\" loading=\"lazy\" decoding=\"async\" width=\"300\" height=\"168\" src=\"https:\/\/corpsdiplomaticnews.tg\/wp-content\/uploads\/2026\/03\/LOGO-CEDEAO.png\" alt=\"\" class=\"wp-image-11444\"\/><\/figure>\n\n\n\n<p>Face \u00e0 l\u2019\u00e9volution de la situation, la Commission de la CEDEAO a annonc\u00e9 le d\u00e9ploiement d\u2019une mission d\u2019\u00e9valuation technique charg\u00e9e d\u2019analyser les tensions signal\u00e9es dans la zone frontali\u00e8re de Yenga entre la Guin\u00e9e et la Sierra Leone. Les r\u00e9cents d\u00e9veloppements le long de la fronti\u00e8re de Lofa entre la Guin\u00e9e et le Lib\u00e9ria ont \u00e9galement conduit l\u2019institution &nbsp;\u00e0 \u00e9largir le mandat de cette mission afin de couvrir l\u2019ensemble des zones sensibles du bassin du fleuve Mano.<\/p>\n\n\n\n<p>Aussi l\u2019organisation a-t-elle \u00a0exhort\u00e9\u00a0 les \u00c9tats concern\u00e9s \u00e0 respecter les fronti\u00e8res internationalement reconnues, \u00e0 \u00e9viter toute action unilat\u00e9rale susceptible d\u2019aggraver les tensions et \u00e0 privil\u00e9gier les m\u00e9canismes diplomatiques mis en place par la CEDEAO. L\u2019organisation r\u00e9affirme par ailleurs sa d\u00e9termination \u00e0 travailler avec les autorit\u00e9s nationales pour favoriser le dialogue, renforcer la coop\u00e9ration et pr\u00e9server une paix durable dans cette r\u00e9gion strat\u00e9gique de l\u2019Afrique de l\u2019Ouest. <\/p>\n\n\n\n<p><\/p>\n","protected":false},"excerpt":{"rendered":"<p>La \u00a0CEDEAO,\u00a0 Communaut\u00e9 \u00e9conomique des \u00c9tats de l\u2019Afrique de l\u2019Ouest,\u00a0 a exprim\u00e9 \u00ab\u00a0sa vive inqui\u00e9tude face \u00e0 la mont\u00e9e des tensions observ\u00e9es \u00a0ces derniers jours dans le bassin du fleuve Mano, notamment entre la Guin\u00e9e et ses voisins, le Lib\u00e9ria et la Sierra Leone\u00a0\u00bb. C\u2019est \u00e0\u00a0 travers un communiqu\u00e9 rendu public le 12 mars 2026 [&hellip;]<\/p>\n","protected":false},"author":2,"featured_media":11444,"comment_status":"open","ping_status":"open","sticky":false,"template":"","format":"standard","meta":{"footnotes":""},"categories":[2,124],"tags":[],"class_list":{"0":"post-11494","1":"post","2":"type-post","3":"status-publish","4":"format-standard","5":"has-post-thumbnail","7":"category-diplomatie","8":"category-la-une"},"_links":{"self":[{"href":"https:\/\/corpsdiplomaticnews.tg\/index.php\/wp-json\/wp\/v2\/posts\/11494","targetHints":{"allow":["GET"]}}],"collection":[{"href":"https:\/\/corpsdiplomaticnews.tg\/index.php\/wp-json\/wp\/v2\/posts"}],"about":[{"href":"https:\/\/corpsdiplomaticnews.tg\/index.php\/wp-json\/wp\/v2\/types\/post"}],"author":[{"embeddable":true,"href":"https:\/\/corpsdiplomaticnews.tg\/index.php\/wp-json\/wp\/v2\/users\/2"}],"replies":[{"embeddable":true,"href":"https:\/\/corpsdiplomaticnews.tg\/index.php\/wp-json\/wp\/v2\/comments?post=11494"}],"version-history":[{"count":1,"href":"https:\/\/corpsdiplomaticnews.tg\/index.php\/wp-json\/wp\/v2\/posts\/11494\/revisions"}],"predecessor-version":[{"id":11495,"href":"https:\/\/corpsdiplomaticnews.tg\/index.php\/wp-json\/wp\/v2\/posts\/11494\/revisions\/11495"}],"wp:featuredmedia":[{"embeddable":true,"href":"https:\/\/corpsdiplomaticnews.tg\/index.php\/wp-json\/wp\/v2\/media\/11444"}],"wp:attachment":[{"href":"https:\/\/corpsdiplomaticnews.tg\/index.php\/wp-json\/wp\/v2\/media?parent=11494"}],"wp:term":[{"taxonomy":"category","embeddable":true,"href":"https:\/\/corpsdiplomaticnews.tg\/index.php\/wp-json\/wp\/v2\/categories?post=11494"},{"taxonomy":"post_tag","embeddable":true,"href":"https:\/\/corpsdiplomaticnews.tg\/index.php\/wp-json\/wp\/v2\/tags?post=11494"}],"curies":[{"name":"wp","href":"https:\/\/api.w.org\/{rel}","templated":true}]}}