{"id":11475,"date":"2026-03-10T23:58:58","date_gmt":"2026-03-10T23:58:58","guid":{"rendered":"https:\/\/corpsdiplomaticnews.tg\/?p=11475"},"modified":"2026-03-15T10:37:54","modified_gmt":"2026-03-15T10:37:54","slug":"reunion-du-club-diplomatique-les-relations-turkiye-afrique-vues-depuis-lome","status":"publish","type":"post","link":"https:\/\/corpsdiplomaticnews.tg\/index.php\/2026\/03\/10\/reunion-du-club-diplomatique-les-relations-turkiye-afrique-vues-depuis-lome\/","title":{"rendered":"R\u00e9union du club diplomatique: les relations T\u00fcrkiye\u2013Afrique vues depuis \u00a0Lom\u00e9"},"content":{"rendered":"\n<p>Le jeudi 5 mars 2026, l\u2019H\u00f4tel 2 F\u00e9vrier&nbsp; a accueilli la toute premi\u00e8re &nbsp;rencontre du Club Diplomatique de Lom\u00e9. Cette r\u00e9union,&nbsp; qui est&nbsp; un cadre de discussions entre les membres du corps diplomatique accr\u00e9dit\u00e9s au Togo,&nbsp; responsables d\u2019institutions nationales et acteurs de la soci\u00e9t\u00e9 civile, &nbsp;&nbsp;a port\u00e9 &nbsp;sur le renforcement des relations entre la T\u00fcrkiye et les pays africains. Occasion pour les participants de d\u00e9battre &nbsp;des enjeux et perspectives de ce partenariat strat\u00e9gique. &nbsp;<\/p>\n\n\n\n<figure class=\"wp-block-image size-large\"><img loading=\"lazy\" loading=\"lazy\" decoding=\"async\" width=\"1024\" height=\"740\" src=\"https:\/\/corpsdiplomaticnews.tg\/wp-content\/uploads\/2026\/03\/CLUB-00-1024x740.jpeg\" alt=\"\" class=\"wp-image-11485\" srcset=\"https:\/\/corpsdiplomaticnews.tg\/wp-content\/uploads\/2026\/03\/CLUB-00-1024x740.jpeg 1024w, https:\/\/corpsdiplomaticnews.tg\/wp-content\/uploads\/2026\/03\/CLUB-00-300x217.jpeg 300w, https:\/\/corpsdiplomaticnews.tg\/wp-content\/uploads\/2026\/03\/CLUB-00-768x555.jpeg 768w, https:\/\/corpsdiplomaticnews.tg\/wp-content\/uploads\/2026\/03\/CLUB-00-860x621.jpeg 860w, https:\/\/corpsdiplomaticnews.tg\/wp-content\/uploads\/2026\/03\/CLUB-00.jpeg 1063w\" sizes=\"auto, (max-width: 1024px) 100vw, 1024px\" \/><\/figure>\n\n\n\n<p><\/p>\n\n\n\n<p>Le d\u00e9cor a&nbsp; \u00e9t\u00e9 plant\u00e9 par l\u2019Ambassadeur de la Turquie au Togo,&nbsp; Madame Muteber KILI\u00c7, l\u2019oratrice principale de la rencontre, en pr\u00e9sence du ministre des Affaires \u00e9trang\u00e8res, Robert Dussey.<\/p>\n\n\n\n<figure class=\"wp-block-image size-large\"><img loading=\"lazy\" loading=\"lazy\" decoding=\"async\" width=\"1024\" height=\"576\" src=\"https:\/\/corpsdiplomaticnews.tg\/wp-content\/uploads\/2026\/03\/DUSS-111-1024x576.jpg\" alt=\"\" class=\"wp-image-11476\" srcset=\"https:\/\/corpsdiplomaticnews.tg\/wp-content\/uploads\/2026\/03\/DUSS-111-1024x576.jpg 1024w, https:\/\/corpsdiplomaticnews.tg\/wp-content\/uploads\/2026\/03\/DUSS-111-300x169.jpg 300w, https:\/\/corpsdiplomaticnews.tg\/wp-content\/uploads\/2026\/03\/DUSS-111-768x432.jpg 768w, https:\/\/corpsdiplomaticnews.tg\/wp-content\/uploads\/2026\/03\/DUSS-111-1536x864.jpg 1536w, https:\/\/corpsdiplomaticnews.tg\/wp-content\/uploads\/2026\/03\/DUSS-111-860x484.jpg 860w, https:\/\/corpsdiplomaticnews.tg\/wp-content\/uploads\/2026\/03\/DUSS-111.jpg 1920w\" sizes=\"auto, (max-width: 1024px) 100vw, 1024px\" \/><\/figure>\n\n\n\n<p><strong>Madame Muteber KILI\u00c7 et le Ministre DUSSEY <\/strong><\/p>\n\n\n\n<p>Dans son message de circonstance, la diplomate a d\u00e9clar\u00e9&nbsp; que depuis 2002, son pays a quadrupl\u00e9&nbsp; sa pr\u00e9sence diplomatique sur le continent, passant de 12 \u00e0 44 ambassades et 4 consulats g\u00e9n\u00e9raux. Le pr\u00e9sident Erdo\u011fan revendique plus de 50 visites dans 31 pays africains, ce qui ferait de lui, le chef d&rsquo;\u00c9tat qui a le plus visit\u00e9 l&rsquo;Afrique au monde. <\/p>\n\n\n\n<figure class=\"wp-block-image size-large\"><img loading=\"lazy\" loading=\"lazy\" decoding=\"async\" width=\"1024\" height=\"740\" src=\"https:\/\/corpsdiplomaticnews.tg\/wp-content\/uploads\/2026\/03\/CLUB-1-1024x740.jpeg\" alt=\"\" class=\"wp-image-11482\" srcset=\"https:\/\/corpsdiplomaticnews.tg\/wp-content\/uploads\/2026\/03\/CLUB-1-1024x740.jpeg 1024w, https:\/\/corpsdiplomaticnews.tg\/wp-content\/uploads\/2026\/03\/CLUB-1-300x217.jpeg 300w, https:\/\/corpsdiplomaticnews.tg\/wp-content\/uploads\/2026\/03\/CLUB-1-768x555.jpeg 768w, https:\/\/corpsdiplomaticnews.tg\/wp-content\/uploads\/2026\/03\/CLUB-1-860x621.jpeg 860w, https:\/\/corpsdiplomaticnews.tg\/wp-content\/uploads\/2026\/03\/CLUB-1.jpeg 1063w\" sizes=\"auto, (max-width: 1024px) 100vw, 1024px\" \/><\/figure>\n\n\n\n<p>Partenaire strat\u00e9gique de l&rsquo;Union africaine depuis 2008, la Turquie a organis\u00e9 trois sommets d\u00e9di\u00e9s au continent et pr\u00e9pare activement le quatri\u00e8me.<\/p>\n\n\n\n<p>Elle a touch\u00e9 du doigt &nbsp;la croissance des \u00e9changes commerciaux sur le continent, l\u2019investissement des entreprises turques et les quelque 15 000 bourses accord\u00e9es par son gouvernement &nbsp;\u00e0 des \u00e9tudiants africains.<\/p>\n\n\n\n<p>Abordant sp\u00e9cifiquement le Togo, &nbsp;l&rsquo;ambassadeur a d\u00e9clar\u00e9&nbsp; que \u00ab Le Togo est le meilleur exemple de l&rsquo;approche africaine de la Turquie \u00bb, avant de poursuivre en &nbsp;disant qu&rsquo;Ankara consid\u00e8re Lom\u00e9 comme \u00ab l&rsquo;un de ses principaux partenaires politiques, \u00e9conomiques et culturels en Afrique \u00bb.<\/p>\n\n\n\n<p>Les chiffres avanc\u00e9s par la partie turque illustrent \u00e0&nbsp; foison cette relation : le volume des \u00e9changes commerciaux serait pass\u00e9 de 128 millions de dollars en 2021 \u00e0 pr\u00e8s de 270 millions en 2024, soit une progression revendiqu\u00e9e de plus de 110% en trois ans.<\/p>\n\n\n\n<p>Les &nbsp;relations bilat\u00e9rales avec le Togo, ont \u00e9t\u00e9 \u00e9tablies officiellement en octobre 2021, &nbsp;par une visite &nbsp;\u00e0 Lom\u00e9&nbsp; de &nbsp;Recep Tayyip Erdogan, le pr\u00e9sident turc en vue &nbsp;de la consolidation de la coop\u00e9ration \u00e9conomique et institutionnelle. <\/p>\n\n\n\n<figure class=\"wp-block-image size-large\"><img loading=\"lazy\" loading=\"lazy\" decoding=\"async\" width=\"1024\" height=\"740\" src=\"https:\/\/corpsdiplomaticnews.tg\/wp-content\/uploads\/2026\/03\/CLUB-2-1024x740.jpeg\" alt=\"\" class=\"wp-image-11484\" srcset=\"https:\/\/corpsdiplomaticnews.tg\/wp-content\/uploads\/2026\/03\/CLUB-2-1024x740.jpeg 1024w, https:\/\/corpsdiplomaticnews.tg\/wp-content\/uploads\/2026\/03\/CLUB-2-300x217.jpeg 300w, https:\/\/corpsdiplomaticnews.tg\/wp-content\/uploads\/2026\/03\/CLUB-2-768x555.jpeg 768w, https:\/\/corpsdiplomaticnews.tg\/wp-content\/uploads\/2026\/03\/CLUB-2-860x621.jpeg 860w, https:\/\/corpsdiplomaticnews.tg\/wp-content\/uploads\/2026\/03\/CLUB-2.jpeg 1063w\" sizes=\"auto, (max-width: 1024px) 100vw, 1024px\" \/><\/figure>\n\n\n\n<p><br>Pour sa part, Robert Dussey a soulign\u00e9 que le Club Diplomatique de Lom\u00e9 reste un cadre privil\u00e9gi\u00e9 pour nourrir le dialogue international et identifier de nouvelles opportunit\u00e9s de partenariat durable.<\/p>\n\n\n\n<p>Pour finir, il a invit\u00e9 les participants et surtout la partie turque \u00e0 se pr\u00e9parer pour la c\u00e9l\u00e9bration du nouvel an africain, un projet qu\u2019il&nbsp; porte beaucoup \u00e0 c\u0153ur. &nbsp;<\/p>\n\n\n\n<figure class=\"wp-block-image size-large\"><img loading=\"lazy\" loading=\"lazy\" decoding=\"async\" width=\"1024\" height=\"739\" src=\"https:\/\/corpsdiplomaticnews.tg\/wp-content\/uploads\/2026\/03\/INDO-01--1024x739.jpeg\" alt=\"\" class=\"wp-image-11470\" srcset=\"https:\/\/corpsdiplomaticnews.tg\/wp-content\/uploads\/2026\/03\/INDO-01--1024x739.jpeg 1024w, https:\/\/corpsdiplomaticnews.tg\/wp-content\/uploads\/2026\/03\/INDO-01--300x217.jpeg 300w, https:\/\/corpsdiplomaticnews.tg\/wp-content\/uploads\/2026\/03\/INDO-01--768x554.jpeg 768w, https:\/\/corpsdiplomaticnews.tg\/wp-content\/uploads\/2026\/03\/INDO-01--1536x1109.jpeg 1536w, https:\/\/corpsdiplomaticnews.tg\/wp-content\/uploads\/2026\/03\/INDO-01--860x621.jpeg 860w, https:\/\/corpsdiplomaticnews.tg\/wp-content\/uploads\/2026\/03\/INDO-01-.jpeg 1600w\" sizes=\"auto, (max-width: 1024px) 100vw, 1024px\" \/><\/figure>\n\n\n\n<p><strong>On reconna\u00eet ici le Ministre DUSSEY, et les Consuls  Kossi IROKO (Indon\u00e9sie)  et  Marie-Th\u00e9r\u00e8se ZOUNGOULA (RCA)<\/strong><\/p>\n\n\n\n<p><strong>Jean-Baptiste ATTISSO <\/strong> <\/p>\n\n\n\n<p><\/p>\n","protected":false},"excerpt":{"rendered":"<p>Le jeudi 5 mars 2026, l\u2019H\u00f4tel 2 F\u00e9vrier&nbsp; a accueilli la toute premi\u00e8re &nbsp;rencontre du Club Diplomatique de Lom\u00e9. Cette r\u00e9union,&nbsp; qui est&nbsp; un cadre de discussions entre les membres du corps diplomatique accr\u00e9dit\u00e9s au Togo,&nbsp; responsables d\u2019institutions nationales et acteurs de la soci\u00e9t\u00e9 civile, &nbsp;&nbsp;a port\u00e9 &nbsp;sur le renforcement des relations entre la T\u00fcrkiye [&hellip;]<\/p>\n","protected":false},"author":2,"featured_media":11476,"comment_status":"open","ping_status":"open","sticky":false,"template":"","format":"standard","meta":{"footnotes":""},"categories":[2,1],"tags":[],"class_list":{"0":"post-11475","1":"post","2":"type-post","3":"status-publish","4":"format-standard","5":"has-post-thumbnail","7":"category-diplomatie","8":"category-non-classe"},"_links":{"self":[{"href":"https:\/\/corpsdiplomaticnews.tg\/index.php\/wp-json\/wp\/v2\/posts\/11475","targetHints":{"allow":["GET"]}}],"collection":[{"href":"https:\/\/corpsdiplomaticnews.tg\/index.php\/wp-json\/wp\/v2\/posts"}],"about":[{"href":"https:\/\/corpsdiplomaticnews.tg\/index.php\/wp-json\/wp\/v2\/types\/post"}],"author":[{"embeddable":true,"href":"https:\/\/corpsdiplomaticnews.tg\/index.php\/wp-json\/wp\/v2\/users\/2"}],"replies":[{"embeddable":true,"href":"https:\/\/corpsdiplomaticnews.tg\/index.php\/wp-json\/wp\/v2\/comments?post=11475"}],"version-history":[{"count":6,"href":"https:\/\/corpsdiplomaticnews.tg\/index.php\/wp-json\/wp\/v2\/posts\/11475\/revisions"}],"predecessor-version":[{"id":11490,"href":"https:\/\/corpsdiplomaticnews.tg\/index.php\/wp-json\/wp\/v2\/posts\/11475\/revisions\/11490"}],"wp:featuredmedia":[{"embeddable":true,"href":"https:\/\/corpsdiplomaticnews.tg\/index.php\/wp-json\/wp\/v2\/media\/11476"}],"wp:attachment":[{"href":"https:\/\/corpsdiplomaticnews.tg\/index.php\/wp-json\/wp\/v2\/media?parent=11475"}],"wp:term":[{"taxonomy":"category","embeddable":true,"href":"https:\/\/corpsdiplomaticnews.tg\/index.php\/wp-json\/wp\/v2\/categories?post=11475"},{"taxonomy":"post_tag","embeddable":true,"href":"https:\/\/corpsdiplomaticnews.tg\/index.php\/wp-json\/wp\/v2\/tags?post=11475"}],"curies":[{"name":"wp","href":"https:\/\/api.w.org\/{rel}","templated":true}]}}