{"id":11461,"date":"2026-03-08T16:50:45","date_gmt":"2026-03-08T16:50:45","guid":{"rendered":"https:\/\/corpsdiplomaticnews.tg\/?p=11461"},"modified":"2026-03-08T17:14:28","modified_gmt":"2026-03-08T17:14:28","slug":"la-77e-edition-de-la-fete-de-la-republique-de-linde-celebree-a-lome","status":"publish","type":"post","link":"https:\/\/corpsdiplomaticnews.tg\/index.php\/2026\/03\/08\/la-77e-edition-de-la-fete-de-la-republique-de-linde-celebree-a-lome\/","title":{"rendered":"La 77e \u00e9dition de la \u00abF\u00eate de la \u00a0\u00a0R\u00e9publique de l\u2019Inde\u00bb \u00a0c\u00e9l\u00e9br\u00e9e \u00e0 Lom\u00e9"},"content":{"rendered":"\n<p>\u00ab&nbsp;C&rsquo;est un honneur de vous accueillir tous \u00e0 la r\u00e9ception de la 77e \u00e9dition&nbsp; de la F\u00eate de la R\u00e9publique de l&rsquo;Inde organis\u00e9e par l\u2019ambassade.&nbsp;\u00bb. Ces propos sont ceux tenus par&nbsp; Son Excellence Syed&nbsp; Razi Haider&nbsp; FAHMI, Ambassadeur &nbsp;de l\u2019Inde en poste au Togo, lors de la c\u00e9l\u00e9bration le 26 janvier 2026 &nbsp;\u00e0 Lom\u00e9.&nbsp; En&nbsp; effet, <strong>le 26 janvier<\/strong> est l&rsquo;une des deux dates importantes dans l&rsquo;histoire de l&rsquo;Inde. Apr\u00e8s que&nbsp; ce pays &nbsp;ait obtenu son ind\u00e9pendance le 15 ao\u00fbt 1347, c&rsquo;est le 26 janvier 1950 qu\u2019il&nbsp; a adopt\u00e9 sa constitution. Et depuis lors cette journ\u00e9e ne passe pas inaper\u00e7ue. <\/p>\n\n\n\n<figure class=\"wp-block-image size-large\"><img loading=\"lazy\" loading=\"lazy\" decoding=\"async\" width=\"1024\" height=\"680\" src=\"https:\/\/corpsdiplomaticnews.tg\/wp-content\/uploads\/2026\/03\/INDE-00-1024x680.jpeg\" alt=\"\" class=\"wp-image-11462\" srcset=\"https:\/\/corpsdiplomaticnews.tg\/wp-content\/uploads\/2026\/03\/INDE-00-1024x680.jpeg 1024w, https:\/\/corpsdiplomaticnews.tg\/wp-content\/uploads\/2026\/03\/INDE-00-300x199.jpeg 300w, https:\/\/corpsdiplomaticnews.tg\/wp-content\/uploads\/2026\/03\/INDE-00-768x510.jpeg 768w, https:\/\/corpsdiplomaticnews.tg\/wp-content\/uploads\/2026\/03\/INDE-00-1536x1020.jpeg 1536w, https:\/\/corpsdiplomaticnews.tg\/wp-content\/uploads\/2026\/03\/INDE-00-330x220.jpeg 330w, https:\/\/corpsdiplomaticnews.tg\/wp-content\/uploads\/2026\/03\/INDE-00-420x280.jpeg 420w, https:\/\/corpsdiplomaticnews.tg\/wp-content\/uploads\/2026\/03\/INDE-00-860x571.jpeg 860w, https:\/\/corpsdiplomaticnews.tg\/wp-content\/uploads\/2026\/03\/INDE-00.jpeg 1600w\" sizes=\"auto, (max-width: 1024px) 100vw, 1024px\" \/><\/figure>\n\n\n\n<p>                      <strong>L&rsquo;Ambassadeur pronon\u00e7ant son discours <\/strong><\/p>\n\n\n\n<p>Cette &nbsp;c\u00e9l\u00e9bration a \u00e9t\u00e9 l\u2019occasion pour le &nbsp;diplomate indien de&nbsp; rappeler&nbsp; un extrait de l\u2019allocution de la pr\u00e9sidente de son pays concernant la loi m\u00e8re: \u00ab Notre constitution est le document fondamental de la plus grande r\u00e9publique de l&rsquo;histoire du monde. Les id\u00e9aux de justice, de libert\u00e9, d&rsquo;\u00e9galit\u00e9 et de fraternit\u00e9 consacr\u00e9s dans notre constitution d\u00e9finissent notre r\u00e9publique. Les r\u00e9dacteurs de la constitution ont fourni une base solide pour l&rsquo;esprit de nationalisme et l&rsquo;unit\u00e9 du pays \u00e0 travers les dispositions constitutionnelles \u00bb, a d\u00e9clar\u00e9 Monsieur FAHMI.<\/p>\n\n\n\n<p>Aussi, a-t-il t\u00e9moign\u00e9 sa gratitude au Pr\u00e9sident du Conseil (<strong>ndlr: Faure Gnassingb\u00e9<\/strong>) &nbsp;pour le soutien que l&rsquo;ambassade a re\u00e7u de la pr\u00e9sidence et d&rsquo;autres parties prenantes, y compris tous les minist\u00e8res, agences, instituts acad\u00e9miques et le peuple ami du Togo. <\/p>\n\n\n\n<figure class=\"wp-block-image size-large\"><img loading=\"lazy\" loading=\"lazy\" decoding=\"async\" width=\"1024\" height=\"680\" src=\"https:\/\/corpsdiplomaticnews.tg\/wp-content\/uploads\/2026\/03\/INDE-1--1024x680.jpeg\" alt=\"\" class=\"wp-image-11465\" srcset=\"https:\/\/corpsdiplomaticnews.tg\/wp-content\/uploads\/2026\/03\/INDE-1--1024x680.jpeg 1024w, https:\/\/corpsdiplomaticnews.tg\/wp-content\/uploads\/2026\/03\/INDE-1--300x199.jpeg 300w, https:\/\/corpsdiplomaticnews.tg\/wp-content\/uploads\/2026\/03\/INDE-1--768x510.jpeg 768w, https:\/\/corpsdiplomaticnews.tg\/wp-content\/uploads\/2026\/03\/INDE-1--1536x1020.jpeg 1536w, https:\/\/corpsdiplomaticnews.tg\/wp-content\/uploads\/2026\/03\/INDE-1--330x220.jpeg 330w, https:\/\/corpsdiplomaticnews.tg\/wp-content\/uploads\/2026\/03\/INDE-1--420x280.jpeg 420w, https:\/\/corpsdiplomaticnews.tg\/wp-content\/uploads\/2026\/03\/INDE-1--860x571.jpeg 860w, https:\/\/corpsdiplomaticnews.tg\/wp-content\/uploads\/2026\/03\/INDE-1-.jpeg 1600w\" sizes=\"auto, (max-width: 1024px) 100vw, 1024px\" \/><\/figure>\n\n\n\n<p>Il a \u00e9galement a pass\u00e9 en revue dans son message de circonstance, les acquis des relations bilat\u00e9rales &nbsp;entre son pays et le Togo.<\/p>\n\n\n\n<p>\u00ab&nbsp;Les deux pays ont pris un certain nombre d&rsquo;initiatives pour approfondir et renforcer davantage nos liens bilat\u00e9raux. L&rsquo;ann\u00e9e 2025 a \u00e9t\u00e9 t\u00e9moin d&rsquo;un \u00e9lan consid\u00e9rable \u00e0 cet \u00e9gard.&nbsp; L&rsquo;Inde a constamment plaid\u00e9 en faveur de la diplomatie et du dialogue pour r\u00e9soudre les diff\u00e9rends et r\u00e9gler les conflits. Dans ce contexte, l&rsquo;Inde appr\u00e9cie les efforts de la direction du Togo pour son r\u00f4le dans l&rsquo;apport de la paix dans la r\u00e9gion des Grands Lacs, ainsi que pour ses efforts en faveur de l&rsquo;int\u00e9gration panafricaine&nbsp;\u00bb, a-t-il martel\u00e9.<\/p>\n\n\n\n<p>Avant de poursuivre en ces termes: \u00ab&nbsp;Notre commerce bilat\u00e9ral a connu une croissance continue depuis longtemps. Aujourd&rsquo;hui, le Togo est le 32\u00e8me partenaire commercial de l&rsquo;Inde. Au cours du dernier exercice financier, le commerce bilat\u00e9ral total s&rsquo;est \u00e9lev\u00e9 \u00e0 348 millions de dollars. L&rsquo;Inde est la plus grande destination d&rsquo;exportation du Togo en dehors de la r\u00e9gion de l&rsquo;Afrique de l&rsquo;Ouest et, pendant certains trimestres de l&rsquo;ann\u00e9e, l&rsquo;Inde a \u00e9t\u00e9 la principale destination mondiale des exportations togolaises\u00bb, &nbsp;a-t-il &nbsp;soutenu.<\/p>\n\n\n\n<p>Le diplomate n\u2019a pas pass\u00e9 sous silence le Programme indien de coop\u00e9ration technique et \u00e9conomique (ITEC en anglais) qui <em>est un programme d&rsquo;assistance bilat\u00e9rale g\u00e9r\u00e9 par&nbsp; son gouvernement &nbsp;et qui <\/em>&nbsp;profite d\u00e9j\u00e0&nbsp; \u00e0 des cadres et \u00e9tudiants togolais \u00e0 travers des opportunit\u00e9s de formation. &nbsp;&nbsp; <\/p>\n\n\n\n<figure class=\"wp-block-image size-large\"><img loading=\"lazy\" loading=\"lazy\" decoding=\"async\" width=\"1024\" height=\"680\" src=\"https:\/\/corpsdiplomaticnews.tg\/wp-content\/uploads\/2026\/03\/INDE-3-1024x680.jpeg\" alt=\"\" class=\"wp-image-11463\" srcset=\"https:\/\/corpsdiplomaticnews.tg\/wp-content\/uploads\/2026\/03\/INDE-3-1024x680.jpeg 1024w, https:\/\/corpsdiplomaticnews.tg\/wp-content\/uploads\/2026\/03\/INDE-3-300x199.jpeg 300w, https:\/\/corpsdiplomaticnews.tg\/wp-content\/uploads\/2026\/03\/INDE-3-768x510.jpeg 768w, https:\/\/corpsdiplomaticnews.tg\/wp-content\/uploads\/2026\/03\/INDE-3-1536x1020.jpeg 1536w, https:\/\/corpsdiplomaticnews.tg\/wp-content\/uploads\/2026\/03\/INDE-3-330x220.jpeg 330w, https:\/\/corpsdiplomaticnews.tg\/wp-content\/uploads\/2026\/03\/INDE-3-420x280.jpeg 420w, https:\/\/corpsdiplomaticnews.tg\/wp-content\/uploads\/2026\/03\/INDE-3-860x571.jpeg 860w, https:\/\/corpsdiplomaticnews.tg\/wp-content\/uploads\/2026\/03\/INDE-3.jpeg 1600w\" sizes=\"auto, (max-width: 1024px) 100vw, 1024px\" \/><\/figure>\n\n\n\n<p>A cette c\u00e9l\u00e9bration, le gouvernement togolais a \u00e9t\u00e9 repr\u00e9sent\u00e9 par le Professeur Gado TCHANGBEDJI, &nbsp;Ministre d\u00e9l\u00e9gu\u00e9 aupr\u00e8s du ministre de l\u2019\u00c9ducation nationale, charg\u00e9 de l\u2019Enseignement sup\u00e9rieur et de la Recherche scientifique &nbsp;et Yackoley Kokou Johnson, ministre d\u00e9l\u00e9gu\u00e9 aupr\u00e8s du ministre des Affaires \u00e9trang\u00e8res Affaires, Charg\u00e9 de la coop\u00e9ration et des Togolais \u00e0 l\u2019\u00e9tranger. &nbsp;Le diplomate &nbsp;leur a \u00e9t\u00e9 t\u00e9moign\u00e9 la gratitude de son pays.<\/p>\n\n\n\n<figure class=\"wp-block-image size-large\"><img loading=\"lazy\" loading=\"lazy\" decoding=\"async\" width=\"1024\" height=\"680\" src=\"https:\/\/corpsdiplomaticnews.tg\/wp-content\/uploads\/2026\/03\/INDE-4-1024x680.jpeg\" alt=\"\" class=\"wp-image-11464\" srcset=\"https:\/\/corpsdiplomaticnews.tg\/wp-content\/uploads\/2026\/03\/INDE-4-1024x680.jpeg 1024w, https:\/\/corpsdiplomaticnews.tg\/wp-content\/uploads\/2026\/03\/INDE-4-300x199.jpeg 300w, https:\/\/corpsdiplomaticnews.tg\/wp-content\/uploads\/2026\/03\/INDE-4-768x510.jpeg 768w, https:\/\/corpsdiplomaticnews.tg\/wp-content\/uploads\/2026\/03\/INDE-4-1536x1020.jpeg 1536w, https:\/\/corpsdiplomaticnews.tg\/wp-content\/uploads\/2026\/03\/INDE-4-330x220.jpeg 330w, https:\/\/corpsdiplomaticnews.tg\/wp-content\/uploads\/2026\/03\/INDE-4-420x280.jpeg 420w, https:\/\/corpsdiplomaticnews.tg\/wp-content\/uploads\/2026\/03\/INDE-4-860x571.jpeg 860w, https:\/\/corpsdiplomaticnews.tg\/wp-content\/uploads\/2026\/03\/INDE-4.jpeg 1600w\" sizes=\"auto, (max-width: 1024px) 100vw, 1024px\" \/><\/figure>\n\n\n\n<p><\/p>\n\n\n\n<figure class=\"wp-block-image size-large\"><img loading=\"lazy\" loading=\"lazy\" decoding=\"async\" width=\"1024\" height=\"680\" src=\"https:\/\/corpsdiplomaticnews.tg\/wp-content\/uploads\/2026\/03\/INDE-5-1024x680.jpeg\" alt=\"\" class=\"wp-image-11467\" srcset=\"https:\/\/corpsdiplomaticnews.tg\/wp-content\/uploads\/2026\/03\/INDE-5-1024x680.jpeg 1024w, https:\/\/corpsdiplomaticnews.tg\/wp-content\/uploads\/2026\/03\/INDE-5-300x199.jpeg 300w, https:\/\/corpsdiplomaticnews.tg\/wp-content\/uploads\/2026\/03\/INDE-5-768x510.jpeg 768w, https:\/\/corpsdiplomaticnews.tg\/wp-content\/uploads\/2026\/03\/INDE-5-1536x1020.jpeg 1536w, https:\/\/corpsdiplomaticnews.tg\/wp-content\/uploads\/2026\/03\/INDE-5-330x220.jpeg 330w, https:\/\/corpsdiplomaticnews.tg\/wp-content\/uploads\/2026\/03\/INDE-5-420x280.jpeg 420w, https:\/\/corpsdiplomaticnews.tg\/wp-content\/uploads\/2026\/03\/INDE-5-860x571.jpeg 860w, https:\/\/corpsdiplomaticnews.tg\/wp-content\/uploads\/2026\/03\/INDE-5.jpeg 1600w\" sizes=\"auto, (max-width: 1024px) 100vw, 1024px\" \/><\/figure>\n\n\n\n<p>Il sied de mentionner que la f\u00eate a \u00e9t\u00e9 agr\u00e9ment\u00e9e par des groupes artistiques et folkloriques tant indiens que togolais, lesquels ont su donner du baume au c\u0153ur des invit\u00e9s. &nbsp;<\/p>\n\n\n\n<p><strong>Jean-Baptiste ATTISSO<\/strong> <\/p>\n","protected":false},"excerpt":{"rendered":"<p>\u00ab&nbsp;C&rsquo;est un honneur de vous accueillir tous \u00e0 la r\u00e9ception de la 77e \u00e9dition&nbsp; de la F\u00eate de la R\u00e9publique de l&rsquo;Inde organis\u00e9e par l\u2019ambassade.&nbsp;\u00bb. Ces propos sont ceux tenus par&nbsp; Son Excellence Syed&nbsp; Razi Haider&nbsp; FAHMI, Ambassadeur &nbsp;de l\u2019Inde en poste au Togo, lors de la c\u00e9l\u00e9bration le 26 janvier 2026 &nbsp;\u00e0 Lom\u00e9.&nbsp; En&nbsp; [&hellip;]<\/p>\n","protected":false},"author":2,"featured_media":11463,"comment_status":"open","ping_status":"open","sticky":false,"template":"","format":"standard","meta":{"footnotes":""},"categories":[2,124],"tags":[],"class_list":{"0":"post-11461","1":"post","2":"type-post","3":"status-publish","4":"format-standard","5":"has-post-thumbnail","7":"category-diplomatie","8":"category-la-une"},"_links":{"self":[{"href":"https:\/\/corpsdiplomaticnews.tg\/index.php\/wp-json\/wp\/v2\/posts\/11461","targetHints":{"allow":["GET"]}}],"collection":[{"href":"https:\/\/corpsdiplomaticnews.tg\/index.php\/wp-json\/wp\/v2\/posts"}],"about":[{"href":"https:\/\/corpsdiplomaticnews.tg\/index.php\/wp-json\/wp\/v2\/types\/post"}],"author":[{"embeddable":true,"href":"https:\/\/corpsdiplomaticnews.tg\/index.php\/wp-json\/wp\/v2\/users\/2"}],"replies":[{"embeddable":true,"href":"https:\/\/corpsdiplomaticnews.tg\/index.php\/wp-json\/wp\/v2\/comments?post=11461"}],"version-history":[{"count":2,"href":"https:\/\/corpsdiplomaticnews.tg\/index.php\/wp-json\/wp\/v2\/posts\/11461\/revisions"}],"predecessor-version":[{"id":11468,"href":"https:\/\/corpsdiplomaticnews.tg\/index.php\/wp-json\/wp\/v2\/posts\/11461\/revisions\/11468"}],"wp:featuredmedia":[{"embeddable":true,"href":"https:\/\/corpsdiplomaticnews.tg\/index.php\/wp-json\/wp\/v2\/media\/11463"}],"wp:attachment":[{"href":"https:\/\/corpsdiplomaticnews.tg\/index.php\/wp-json\/wp\/v2\/media?parent=11461"}],"wp:term":[{"taxonomy":"category","embeddable":true,"href":"https:\/\/corpsdiplomaticnews.tg\/index.php\/wp-json\/wp\/v2\/categories?post=11461"},{"taxonomy":"post_tag","embeddable":true,"href":"https:\/\/corpsdiplomaticnews.tg\/index.php\/wp-json\/wp\/v2\/tags?post=11461"}],"curies":[{"name":"wp","href":"https:\/\/api.w.org\/{rel}","templated":true}]}}