{"id":11448,"date":"2026-03-03T17:17:30","date_gmt":"2026-03-03T17:17:30","guid":{"rendered":"https:\/\/corpsdiplomaticnews.tg\/?p=11448"},"modified":"2026-03-03T17:17:31","modified_gmt":"2026-03-03T17:17:31","slug":"500-entrepreneurs-attendus-au-gala-du-21-mars-2026-a-lhotel-sarakawa","status":"publish","type":"post","link":"https:\/\/corpsdiplomaticnews.tg\/index.php\/2026\/03\/03\/500-entrepreneurs-attendus-au-gala-du-21-mars-2026-a-lhotel-sarakawa\/","title":{"rendered":"500 entrepreneurs attendus au Gala du 21 mars 2026 \u00e0 l\u2019h\u00f4tel Sarakawa"},"content":{"rendered":"\n<p>&nbsp;&nbsp;&nbsp;&nbsp;&nbsp;&nbsp;&nbsp;&nbsp;&nbsp;&nbsp;&nbsp; Aujourd\u2019hui, l\u2019entrepreneuriat appara\u00eet comme la voie de l\u2019\u00e9mancipation parce qu\u2019il permet d\u2019\u00eatre l\u2019acteur de sa propre r\u00e9ussite. La cr\u00e9ation de nouvelles entreprises est un moteur essentiel \u00e0 la croissance \u00e9conomique car elle permet de dynamiser le secteur entrepreneurial&nbsp; d\u2019un pays.<\/p>\n\n\n\n<p>\u00a0\u00a0\u00a0\u00a0\u00a0 \u00a0\u00a0\u00a0\u00a0\u00a0\u00a0\u00a0C\u2019est dans ce cadre que SIMERA CORPORATION organise la 4e \u00e9dition du Gala des Entrepreneurs, la grande\u00a0 rencontre annuelle des entrepreneurs, un rendez-vous d\u2019affaires et de r\u00e9seautage qui accueille pr\u00e8s de 500 entrepreneurs autour d\u2019un d\u00eener. <\/p>\n\n\n\n<figure class=\"wp-block-image size-large\"><img loading=\"lazy\" loading=\"lazy\" decoding=\"async\" width=\"1024\" height=\"650\" src=\"https:\/\/corpsdiplomaticnews.tg\/wp-content\/uploads\/2026\/03\/GALA-11-1024x650.jpg\" alt=\"\" class=\"wp-image-11449\" srcset=\"https:\/\/corpsdiplomaticnews.tg\/wp-content\/uploads\/2026\/03\/GALA-11-1024x650.jpg 1024w, https:\/\/corpsdiplomaticnews.tg\/wp-content\/uploads\/2026\/03\/GALA-11-300x190.jpg 300w, https:\/\/corpsdiplomaticnews.tg\/wp-content\/uploads\/2026\/03\/GALA-11-768x487.jpg 768w, https:\/\/corpsdiplomaticnews.tg\/wp-content\/uploads\/2026\/03\/GALA-11-860x546.jpg 860w, https:\/\/corpsdiplomaticnews.tg\/wp-content\/uploads\/2026\/03\/GALA-11.jpg 1280w\" sizes=\"auto, (max-width: 1024px) 100vw, 1024px\" \/><\/figure>\n\n\n\n<p> <strong>Table d&rsquo;honneur \u00e0 la conf\u00e9rence de lancement <\/strong><\/p>\n\n\n\n<p>Pour le promoteur de l\u2019\u00e9v\u00e8nement, M. Torres AMEDJISSO, repr\u00e9sentant SIMERA CORPORATION, cette soir\u00e9e verra la participation de plusieurs entrepreneurs d\u2019ici et d\u2019ailleurs. \u00ab\u00a0Une belle opportunit\u00e9 pour des entreprises de promouvoir leurs produits et services, de rencontrer de nouveaux partenaires, de renforces leur image de marque\u00a0\u00bb, ajoute-t-il avant de rappeler \u00a0les objectifs\u00a0\u00a0 du Gala des Entrepreneurs. <em>\u00ab\u00a0Cr\u00e9er un cadre d\u2019\u00e9change et de rencontre aux entrepreneurs, offrir une plateforme de visibilit\u00e9 aux entreprises, faciliter les \u00e9changes commerciaux entre les entreprises, promouvoir l\u2019investissement au Togo et en Afrique et faire profiter des offres de services in\u00e9dites\u00a0\u00bb, <\/em>tels sont, selon M. Am\u00e9djisso, les objectifs de ce Gala.<\/p>\n\n\n\n<figure class=\"wp-block-image size-large\"><img loading=\"lazy\" loading=\"lazy\" decoding=\"async\" width=\"1024\" height=\"770\" src=\"https:\/\/corpsdiplomaticnews.tg\/wp-content\/uploads\/2026\/03\/GALA-2-1024x770.jpeg\" alt=\"\" class=\"wp-image-11450\" srcset=\"https:\/\/corpsdiplomaticnews.tg\/wp-content\/uploads\/2026\/03\/GALA-2-1024x770.jpeg 1024w, https:\/\/corpsdiplomaticnews.tg\/wp-content\/uploads\/2026\/03\/GALA-2-300x226.jpeg 300w, https:\/\/corpsdiplomaticnews.tg\/wp-content\/uploads\/2026\/03\/GALA-2-768x578.jpeg 768w, https:\/\/corpsdiplomaticnews.tg\/wp-content\/uploads\/2026\/03\/GALA-2-860x647.jpeg 860w, https:\/\/corpsdiplomaticnews.tg\/wp-content\/uploads\/2026\/03\/GALA-2.jpeg 1280w\" sizes=\"auto, (max-width: 1024px) 100vw, 1024px\" \/><\/figure>\n\n\n\n<p>\u00a0\u00a0\u00a0\u00a0\u00a0\u00a0\u00a0\u00a0\u00a0\u00a0\u00a0 <strong>M. Torres AMEDJISSO<\/strong><\/p>\n\n\n\n<p>Pour le partenaire cl\u00e9 de l\u2019\u00e9v\u00e8nement, Yas Togo, repr\u00e9sent\u00e9e par le charg\u00e9 des relations Presse et M\u00e9dias, M. Eladjaou, Yas Togo sera encore, pour cette 4eme \u00e9dition de cet \u00e9v\u00e8nement du c\u00f4t\u00e9 du promoteur.<\/p>\n\n\n\n<p>&nbsp;&nbsp;&nbsp;&nbsp;&nbsp;&nbsp;&nbsp;&nbsp;&nbsp;&nbsp;&nbsp; \u00ab&nbsp;<em>Avec le r\u00e9seautage, ces responsables d\u2019entreprises auront \u00e0 discuter avec d\u2019autres, &nbsp;et &nbsp;peuvent \u00e9galement avoir gain de cause de tout ce qu\u2019ils veulent composer, par rapport, aux&nbsp; projets. Notre accompagnement \u00e0 cet \u00e9v\u00e8nement s\u2019inscrit dans une d\u00e9marche assez dynamique, de coh\u00e9rence de pouvoir innover. Nous avons, aujourd\u2019hui, &nbsp;notre marketing pr\u00e9sent dans d\u2019autres pays africains&nbsp;\u00bb, <\/em>d\u00e9clare-t-il<em>.<\/em><\/p>\n\n\n\n<p><em>&nbsp;&nbsp;&nbsp;&nbsp;&nbsp;&nbsp;&nbsp;&nbsp;&nbsp;&nbsp;&nbsp; \u00ab&nbsp;Ce qui est important, c\u2019est de voir si cet \u00e9v\u00e8nement pourra \u00e9ventuellement profiter \u00e0 des entreprises qui viennent de toutes les r\u00e9gions d\u2019Afrique. Pour nous, aujourd\u2019hui, c\u2019est une aubaine, avec tout ce que nous avons, que ce soit Mixx by Yas, Yas Business, qui aussi permet aux entrepreneurs de pouvoir avoir tout ce qui peut les&nbsp; outiller pour pouvoir \u00eatre en mesure d\u2019avoir des financements pour faire durer leurs entreprises&nbsp;\u00bb, <\/em>ajoute-t-il avant de rappeler que Yas Business donne \u00e9galement tous avantages aux entreprises \u00e0 travers ces panels et tous ces meetings du c\u00f4t\u00e9 entrepreneuriat du nord jusqu\u2019au sud du Togo<em>.<\/em><\/p>\n\n\n\n<p><em>&nbsp;&nbsp;&nbsp;&nbsp;&nbsp;&nbsp;&nbsp;&nbsp;&nbsp;&nbsp;&nbsp; \u00ab&nbsp;Pour cette occasion, nous y seront au c\u00f4t\u00e9 du promoteur pour pouvoir donner le ton et montrer \u00e0 &nbsp;tous nos abonn\u00e9s de Yas Togo que Yas Togo est pr\u00e9sent dans la communication, mais aussi du c\u00f4t\u00e9 de Mobil Money et du fixe et au-del\u00e0 de tout ce que nous offrons en terme de service et tout<\/em>&nbsp;\u00bb, conclut M. Eladjaou, charg\u00e9&nbsp; des relations presse et m\u00e9dias Yas Togo.<\/p>\n\n\n\n<p>&nbsp;&nbsp;&nbsp;&nbsp;&nbsp;&nbsp;&nbsp;&nbsp;&nbsp;&nbsp;&nbsp; Pour sa part, M. Raoul Bataka, Associ\u00e9 G\u00e9rant du Groupe <em>\u00ab&nbsp;R\u00e9ussite Plus&nbsp;\u00bb <\/em>et Consultant en charge des relations publiques pour SIMERA CORPORATION, les th\u00e9matiques de cette ann\u00e9e tournent autour des financements des entreprises. Il demande aux entrepreneurs &nbsp;d\u2019oser grandir. Pour avoir de la visibilit\u00e9, &nbsp;Il demande aux entrepreneurs d\u2019accompagner l\u2019\u00e9v\u00e8nement, &nbsp;au lieu d\u2019y participer seulement.<\/p>\n\n\n\n<p>&nbsp;&nbsp;&nbsp;&nbsp;&nbsp;&nbsp;&nbsp;&nbsp;&nbsp;&nbsp;&nbsp; <em>\u00ab&nbsp;Au cours de cette conf\u00e9rence, nous avons proc\u00e9d\u00e9 \u00e0 la mise en place du r\u00e9seau. Cette ann\u00e9e nous sommes dans le financement. Il s\u2019agit pour les entrepreneurs de cr\u00e9er un \u00e9cosyst\u00e8me pour les investisseurs qui sont les Banques et les Micro finances viennent rencontrer les petites et moyennes entreprises qui, pour la plupart, ont des projets int\u00e9ressants. Il s\u2019agit \u00e9galement de les r\u00e9unir sur des plates-formes o\u00f9 elles pourront mieux apprendre \u00e0 structurer leurs projets, mieux apprendre \u00e0 pr\u00e9senter leurs projets et surtout \u00e0 pouvoir cr\u00e9er un int\u00e9r\u00eat pour ces partenaires afin d\u2019ici la fin de l\u2019ann\u00e9e nous puissions avoir au moins quelques projets financ\u00e9s par ces banques et micro finances&nbsp;\u00bb, <\/em>laisse-t-il entendre.<\/p>\n\n\n\n<p>&nbsp;&nbsp;&nbsp;&nbsp;&nbsp;&nbsp;&nbsp;&nbsp;&nbsp;&nbsp;&nbsp; Pour participer \u00e0 ce gala, les entreprises doivent s\u2019acquitter des tickets d\u2019entr\u00e9e qui varient de 50.000 FCFA (standard) \u00e0 450.000 FCFA (Pack Entreprise) en passant par 100.000 FCFA (Pass VIP).<\/p>\n\n\n\n<figure class=\"wp-block-image size-full\"><img loading=\"lazy\" loading=\"lazy\" decoding=\"async\" width=\"221\" height=\"228\" src=\"https:\/\/corpsdiplomaticnews.tg\/wp-content\/uploads\/2026\/03\/GALA-4.jpg\" alt=\"\" class=\"wp-image-11451\"\/><\/figure>\n\n\n\n<p>&nbsp;&nbsp;&nbsp;&nbsp;&nbsp;&nbsp;&nbsp;&nbsp;&nbsp;&nbsp;&nbsp; Il sied de rappeler les avantages Pack Entreprise qui sont 2 invitations VIP plus 2 invitations simples ou 6 invitations simples, la diffusion de votre spot publicitaire au cours de la soir\u00e9e ou une dizaine de minutes de pr\u00e9sentation de votre entreprise, un article sur votre entreprise sur un m\u00e9dia partenaire et autres.<\/p>\n\n\n\n<p>&nbsp;&nbsp;&nbsp;&nbsp;&nbsp;&nbsp;&nbsp;&nbsp;&nbsp;&nbsp;&nbsp; Au menu du programme du Gala des Entreprises qui se tiendra le samedi 21 mars 2026 \u00e0 20 h, \u00e0 l\u2019h\u00f4tel Sarakawa de Lom\u00e9, figurent un d\u00eener d\u2019affaires, des panels et Conf\u00e9rences, partages d\u2019exp\u00e9riences, r\u00e9seautage, distinctions et prix, prestations d\u2019artistes, expositions et ventes.&nbsp;<\/p>\n\n\n\n<p>Les informations compl\u00e9mentaires sont \u00e0 obtenir au num\u00e9ro&nbsp;: +228 &nbsp;91 87 57 77 \/ 98 72 26 63<\/p>\n\n\n\n<p>Email&nbsp;: <a href=\"mailto:simeracorporation@gmail.com\">simeracorporation@gmail.com<\/a><\/p>\n\n\n\n<p>Site web&nbsp;: <a href=\"http:\/\/www.simeracorporation.com\">www.simeracorporation.com<\/a><\/p>\n\n\n\n<p>Si\u00e8ge: H\u00e9dzranawo\u00e9 R\u00e9veil d\u2019Or, Lom\u00e9-Togo<\/p>\n\n\n\n<p><strong>ADJANOR Gbedode \u00a0<\/strong> <\/p>\n","protected":false},"excerpt":{"rendered":"<p>&nbsp;&nbsp;&nbsp;&nbsp;&nbsp;&nbsp;&nbsp;&nbsp;&nbsp;&nbsp;&nbsp; Aujourd\u2019hui, l\u2019entrepreneuriat appara\u00eet comme la voie de l\u2019\u00e9mancipation parce qu\u2019il permet d\u2019\u00eatre l\u2019acteur de sa propre r\u00e9ussite. La cr\u00e9ation de nouvelles entreprises est un moteur essentiel \u00e0 la croissance \u00e9conomique car elle permet de dynamiser le secteur entrepreneurial&nbsp; d\u2019un pays. \u00a0\u00a0\u00a0\u00a0\u00a0 \u00a0\u00a0\u00a0\u00a0\u00a0\u00a0\u00a0C\u2019est dans ce cadre que SIMERA CORPORATION organise la 4e \u00e9dition du Gala [&hellip;]<\/p>\n","protected":false},"author":2,"featured_media":11449,"comment_status":"open","ping_status":"open","sticky":false,"template":"","format":"standard","meta":{"footnotes":""},"categories":[104,124],"tags":[],"class_list":{"0":"post-11448","1":"post","2":"type-post","3":"status-publish","4":"format-standard","5":"has-post-thumbnail","7":"category-economie","8":"category-la-une"},"_links":{"self":[{"href":"https:\/\/corpsdiplomaticnews.tg\/index.php\/wp-json\/wp\/v2\/posts\/11448","targetHints":{"allow":["GET"]}}],"collection":[{"href":"https:\/\/corpsdiplomaticnews.tg\/index.php\/wp-json\/wp\/v2\/posts"}],"about":[{"href":"https:\/\/corpsdiplomaticnews.tg\/index.php\/wp-json\/wp\/v2\/types\/post"}],"author":[{"embeddable":true,"href":"https:\/\/corpsdiplomaticnews.tg\/index.php\/wp-json\/wp\/v2\/users\/2"}],"replies":[{"embeddable":true,"href":"https:\/\/corpsdiplomaticnews.tg\/index.php\/wp-json\/wp\/v2\/comments?post=11448"}],"version-history":[{"count":1,"href":"https:\/\/corpsdiplomaticnews.tg\/index.php\/wp-json\/wp\/v2\/posts\/11448\/revisions"}],"predecessor-version":[{"id":11452,"href":"https:\/\/corpsdiplomaticnews.tg\/index.php\/wp-json\/wp\/v2\/posts\/11448\/revisions\/11452"}],"wp:featuredmedia":[{"embeddable":true,"href":"https:\/\/corpsdiplomaticnews.tg\/index.php\/wp-json\/wp\/v2\/media\/11449"}],"wp:attachment":[{"href":"https:\/\/corpsdiplomaticnews.tg\/index.php\/wp-json\/wp\/v2\/media?parent=11448"}],"wp:term":[{"taxonomy":"category","embeddable":true,"href":"https:\/\/corpsdiplomaticnews.tg\/index.php\/wp-json\/wp\/v2\/categories?post=11448"},{"taxonomy":"post_tag","embeddable":true,"href":"https:\/\/corpsdiplomaticnews.tg\/index.php\/wp-json\/wp\/v2\/tags?post=11448"}],"curies":[{"name":"wp","href":"https:\/\/api.w.org\/{rel}","templated":true}]}}