{"id":11289,"date":"2025-12-09T15:53:34","date_gmt":"2025-12-09T15:53:34","guid":{"rendered":"https:\/\/corpsdiplomaticnews.tg\/?p=11289"},"modified":"2025-12-09T15:53:35","modified_gmt":"2025-12-09T15:53:35","slug":"la-compagnie-mali-airlines-projette-son-vol-inaugural-sur-2026","status":"publish","type":"post","link":"https:\/\/corpsdiplomaticnews.tg\/index.php\/2025\/12\/09\/la-compagnie-mali-airlines-projette-son-vol-inaugural-sur-2026\/","title":{"rendered":"La\u00a0 compagnie \u00a0\u00ab\u00a0Mali Airlines\u00a0\u00bb projette son vol \u00a0inaugural\u00a0 sur\u00a0 2026"},"content":{"rendered":"\n<p>Le processus d&rsquo;op\u00e9rationnalisation de la compagnie nationale a\u00e9rienne malienne \u00ab\u00a0Mali Airlines\u00a0\u00bb S.A est sur la bonne voie. Et la preuve est donn\u00e9e\u00a0 avec la tenue, le jeudi 04 d\u00e9cembre 2025, de la premi\u00e8re session de son Conseil d&rsquo;Administration. <\/p>\n\n\n\n<figure class=\"wp-block-image size-full\"><img loading=\"lazy\" loading=\"lazy\" decoding=\"async\" width=\"678\" height=\"452\" src=\"https:\/\/corpsdiplomaticnews.tg\/wp-content\/uploads\/2025\/12\/MALI-AIR-2.jpg\" alt=\"\" class=\"wp-image-11291\" srcset=\"https:\/\/corpsdiplomaticnews.tg\/wp-content\/uploads\/2025\/12\/MALI-AIR-2.jpg 678w, https:\/\/corpsdiplomaticnews.tg\/wp-content\/uploads\/2025\/12\/MALI-AIR-2-300x200.jpg 300w, https:\/\/corpsdiplomaticnews.tg\/wp-content\/uploads\/2025\/12\/MALI-AIR-2-330x220.jpg 330w, https:\/\/corpsdiplomaticnews.tg\/wp-content\/uploads\/2025\/12\/MALI-AIR-2-420x280.jpg 420w, https:\/\/corpsdiplomaticnews.tg\/wp-content\/uploads\/2025\/12\/MALI-AIR-2-615x410.jpg 615w\" sizes=\"auto, (max-width: 678px) 100vw, 678px\" \/><\/figure>\n\n\n\n<p>Cette session strat\u00e9gique,\u00a0 tenue \u00e0 l\u2019A\u00e9roport international Pr\u00e9sident Modibo Ke\u00efta-S\u00e9nou, \u00a0\u00a0\u00e9tait pr\u00e9sid\u00e9e par le Colonel-Major Lassina Togola, Pr\u00e9sident du Conseil d\u2019Administration (PCA), et \u00a0Pr\u00e9sident Directeur G\u00e9n\u00e9ral des A\u00e9roports du Mali (ADM). Cette session inaugurale \u00e0 laquelle a pris part Aristide de Balla Moro Sidib\u00e9, Directeur G\u00e9n\u00e9ral de Mali Airlines S.A., entour\u00e9 pour la circonstance de l\u2019ensemble des administrateurs, marque une avanc\u00e9e importante dans l\u2019op\u00e9rationnalisation effective de la future compagnie. <\/p>\n\n\n\n<figure class=\"wp-block-image size-large\"><img loading=\"lazy\" loading=\"lazy\" decoding=\"async\" width=\"1024\" height=\"840\" src=\"https:\/\/corpsdiplomaticnews.tg\/wp-content\/uploads\/2025\/12\/MALI-AIR-DG-1024x840.jpg\" alt=\"\" class=\"wp-image-11292\" srcset=\"https:\/\/corpsdiplomaticnews.tg\/wp-content\/uploads\/2025\/12\/MALI-AIR-DG-1024x840.jpg 1024w, https:\/\/corpsdiplomaticnews.tg\/wp-content\/uploads\/2025\/12\/MALI-AIR-DG-300x246.jpg 300w, https:\/\/corpsdiplomaticnews.tg\/wp-content\/uploads\/2025\/12\/MALI-AIR-DG-768x630.jpg 768w, https:\/\/corpsdiplomaticnews.tg\/wp-content\/uploads\/2025\/12\/MALI-AIR-DG-860x705.jpg 860w, https:\/\/corpsdiplomaticnews.tg\/wp-content\/uploads\/2025\/12\/MALI-AIR-DG.jpg 1219w\" sizes=\"auto, (max-width: 1024px) 100vw, 1024px\" \/><\/figure>\n\n\n\n<p><strong>Le Colonel-Major Lassina Togola, PCA de \u00ab\u00a0Mali Airlines\u00a0\u00bb S.A<\/strong> <\/p>\n\n\n\n<p>Lors des travaux, les discussions ont essentiellement port\u00e9 sur des points cruciaux, notamment l\u2019\u00e9tat d\u2019avancement du projet, la structure de gouvernance et les perspectives op\u00e9rationnelles. Aussi, un accent particulier a-t-il \u00e9t\u00e9 mis sur les actions n\u00e9cessaires \u00e0 d\u00e9rouler pour garantir que la compagnie atteigne tr\u00e8s rapidement les normes et standards internationaux requis en la mati\u00e8re.<\/p>\n\n\n\n<p>\u00ab Bien plus qu\u2019un simple outil de transport, la nouvelle compagnie a\u00e9rienne se positionne comme un instrument essentiel de d\u00e9senclavement, un levier socio-\u00e9conomique majeur et un marqueur politique fort au sein de la Conf\u00e9d\u00e9ration des \u00c9tats du Sahel (AES) \u00bb, a indiqu\u00e9 le Colonel-Major Lassina Togola. <\/p>\n\n\n\n<figure class=\"wp-block-image size-large\"><img loading=\"lazy\" loading=\"lazy\" decoding=\"async\" width=\"1024\" height=\"656\" src=\"https:\/\/corpsdiplomaticnews.tg\/wp-content\/uploads\/2025\/12\/MALI-AIR-1-1024x656.jpg\" alt=\"\" class=\"wp-image-11290\" srcset=\"https:\/\/corpsdiplomaticnews.tg\/wp-content\/uploads\/2025\/12\/MALI-AIR-1-1024x656.jpg 1024w, https:\/\/corpsdiplomaticnews.tg\/wp-content\/uploads\/2025\/12\/MALI-AIR-1-300x192.jpg 300w, https:\/\/corpsdiplomaticnews.tg\/wp-content\/uploads\/2025\/12\/MALI-AIR-1-768x492.jpg 768w, https:\/\/corpsdiplomaticnews.tg\/wp-content\/uploads\/2025\/12\/MALI-AIR-1-860x551.jpg 860w, https:\/\/corpsdiplomaticnews.tg\/wp-content\/uploads\/2025\/12\/MALI-AIR-1.jpg 1280w\" sizes=\"auto, (max-width: 1024px) 100vw, 1024px\" \/><\/figure>\n\n\n\n<p><strong>Photo de famille des officiels du Conseil d&rsquo;Administration et de l&rsquo;administration de \u00ab\u00a0Mali Airlines\u00a0\u00bb S.A<\/strong><\/p>\n\n\n\n<p>Malgr\u00e9 les d\u00e9fis s\u00e9curitaires et \u00e9conomiques, rench\u00e9rit le Pr\u00e9sident du Conseil d&rsquo;Administration de \u00ab\u00a0Mali Airlines\u00a0\u00bb S.A, l\u2019op\u00e9rationnalisation de ce projet est un d\u00e9fi majeur qui se veut un symbole \u00ab d\u2019importance capitale pour le devenir \u00bb de la compagnie.<\/p>\n\n\n\n<p>En clair, le drapeau du Mali \u00ab volera bient\u00f4t dans les airs \u00bb, ont rassur\u00e9 le PCA et Balla Moro Sidib\u00e9, assurant ainsi l\u2019opinion publique malienne que le projet progresse de mani\u00e8re irr\u00e9versible et que, tr\u00e8s prochainement, les a\u00e9ronefs du Mali voleront dans le ciel africain. Bien au-del\u00e0 de l&rsquo;espace a\u00e9rien national et de celui de l\u2019AES. Le vol inaugural est projet\u00e9 sur 2026.<\/p>\n\n\n\n<p>Il&nbsp; sied de pr\u00e9ciser que les d\u00e9marches de la cr\u00e9ation de cette compagnie&nbsp; remontent en 2024, ceci &nbsp;dans le but de restaurer la souverainet\u00e9 a\u00e9rienne du Mali et renforcer le d\u00e9senclavement int\u00e9rieur et ext\u00e9rieur du pays.<\/p>\n\n\n\n<p><strong>David Ricardo <\/strong><a href=\"https:\/\/lomenews.info\/le-vatican-demande-aux-catholiques-de-ne-plus-considerer-marie-comme\/\"><\/a><\/p>\n","protected":false},"excerpt":{"rendered":"<p>Le processus d&rsquo;op\u00e9rationnalisation de la compagnie nationale a\u00e9rienne malienne \u00ab\u00a0Mali Airlines\u00a0\u00bb S.A est sur la bonne voie. Et la preuve est donn\u00e9e\u00a0 avec la tenue, le jeudi 04 d\u00e9cembre 2025, de la premi\u00e8re session de son Conseil d&rsquo;Administration. Cette session strat\u00e9gique,\u00a0 tenue \u00e0 l\u2019A\u00e9roport international Pr\u00e9sident Modibo Ke\u00efta-S\u00e9nou, \u00a0\u00a0\u00e9tait pr\u00e9sid\u00e9e par le Colonel-Major Lassina Togola, [&hellip;]<\/p>\n","protected":false},"author":2,"featured_media":11290,"comment_status":"open","ping_status":"open","sticky":false,"template":"","format":"standard","meta":{"footnotes":""},"categories":[104,124],"tags":[],"class_list":{"0":"post-11289","1":"post","2":"type-post","3":"status-publish","4":"format-standard","5":"has-post-thumbnail","7":"category-economie","8":"category-la-une"},"_links":{"self":[{"href":"https:\/\/corpsdiplomaticnews.tg\/index.php\/wp-json\/wp\/v2\/posts\/11289","targetHints":{"allow":["GET"]}}],"collection":[{"href":"https:\/\/corpsdiplomaticnews.tg\/index.php\/wp-json\/wp\/v2\/posts"}],"about":[{"href":"https:\/\/corpsdiplomaticnews.tg\/index.php\/wp-json\/wp\/v2\/types\/post"}],"author":[{"embeddable":true,"href":"https:\/\/corpsdiplomaticnews.tg\/index.php\/wp-json\/wp\/v2\/users\/2"}],"replies":[{"embeddable":true,"href":"https:\/\/corpsdiplomaticnews.tg\/index.php\/wp-json\/wp\/v2\/comments?post=11289"}],"version-history":[{"count":1,"href":"https:\/\/corpsdiplomaticnews.tg\/index.php\/wp-json\/wp\/v2\/posts\/11289\/revisions"}],"predecessor-version":[{"id":11293,"href":"https:\/\/corpsdiplomaticnews.tg\/index.php\/wp-json\/wp\/v2\/posts\/11289\/revisions\/11293"}],"wp:featuredmedia":[{"embeddable":true,"href":"https:\/\/corpsdiplomaticnews.tg\/index.php\/wp-json\/wp\/v2\/media\/11290"}],"wp:attachment":[{"href":"https:\/\/corpsdiplomaticnews.tg\/index.php\/wp-json\/wp\/v2\/media?parent=11289"}],"wp:term":[{"taxonomy":"category","embeddable":true,"href":"https:\/\/corpsdiplomaticnews.tg\/index.php\/wp-json\/wp\/v2\/categories?post=11289"},{"taxonomy":"post_tag","embeddable":true,"href":"https:\/\/corpsdiplomaticnews.tg\/index.php\/wp-json\/wp\/v2\/tags?post=11289"}],"curies":[{"name":"wp","href":"https:\/\/api.w.org\/{rel}","templated":true}]}}