{"id":11275,"date":"2025-12-08T14:18:39","date_gmt":"2025-12-08T14:18:39","guid":{"rendered":"https:\/\/corpsdiplomaticnews.tg\/?p=11275"},"modified":"2025-12-08T14:30:36","modified_gmt":"2025-12-08T14:30:36","slug":"benin-une-tentative-de-coup-detat-rapidement-dejouee","status":"publish","type":"post","link":"https:\/\/corpsdiplomaticnews.tg\/index.php\/2025\/12\/08\/benin-une-tentative-de-coup-detat-rapidement-dejouee\/","title":{"rendered":"B\u00e9nin: une tentative de coup d\u2019\u00c9tat rapidement d\u00e9jou\u00e9e"},"content":{"rendered":"\n<p>Une tentative de coup d\u2019\u00c9tat a \u00e9t\u00e9 d\u00e9jou\u00e9e le &nbsp;dimanche 07&nbsp; d\u00e9cembre 2025 au B\u00e9nin, apr\u00e8s qu\u2019un groupe d\u2019une dizaine de militaires a pris d\u2019assaut la T\u00e9l\u00e9vision nationale. Les mutins ont bri\u00e8vement diffus\u00e9 en boucle un message annon\u00e7ant la destitution du Pr\u00e9sident Patrice Talon et la mise en place d\u2019un comit\u00e9 de transition dirig\u00e9 par un officier le&nbsp; Lieutenant-colonel Tigri Pascal.<\/p>\n\n\n\n<p>Selon des sources s\u00e9curitaires, la garde r\u00e9publicaine est rapidement intervenue pour neutraliser le groupe et reprendre le contr\u00f4le de&nbsp; l&rsquo;infrastructure strat\u00e9gique.<\/p>\n\n\n\n<p>Les sources s\u00e9curitaires renseignent \u00e9galement que le Pr\u00e9sident Patrice Talon est sain et sauf et se trouve en lieu s\u00fbr.<\/p>\n\n\n\n<figure class=\"wp-block-image size-full\"><img loading=\"lazy\" loading=\"lazy\" decoding=\"async\" width=\"400\" height=\"400\" src=\"https:\/\/corpsdiplomaticnews.tg\/wp-content\/uploads\/2025\/12\/TALON-2.jpg\" alt=\"\" class=\"wp-image-11277\" srcset=\"https:\/\/corpsdiplomaticnews.tg\/wp-content\/uploads\/2025\/12\/TALON-2.jpg 400w, https:\/\/corpsdiplomaticnews.tg\/wp-content\/uploads\/2025\/12\/TALON-2-300x300.jpg 300w, https:\/\/corpsdiplomaticnews.tg\/wp-content\/uploads\/2025\/12\/TALON-2-150x150.jpg 150w\" sizes=\"auto, (max-width: 400px) 100vw, 400px\" \/><\/figure>\n\n\n\n<p><strong>CE QUE JE CROIS:<\/strong><\/p>\n\n\n\n<p>Personnellement le bilan de TALON pour ses deux mandats est irr\u00e9prochable par rapport \u00e0 certains de ses homologues.<\/p>\n\n\n\n<p>Et sa d\u00e9cision de partir et laisser le pouvoir est \u00e0 saluer.<\/p>\n\n\n\n<p>Mais il convient aussi de dire&nbsp; que politiquement le monsieur s&rsquo;est servi de sa position pour tuer pour ne pas dire an\u00e9antir totalement toute l&rsquo;opposition au B\u00e9nin avec des lois et r\u00e9formes trop liberticides qu&rsquo;il a fait&nbsp; adopter.<\/p>\n\n\n\n<p>Au regard de la r\u00e9vision constitutionnelle op\u00e9r\u00e9e tout r\u00e9cemment.<\/p>\n\n\n\n<p>Une chose est de d\u00e9velopper son pays l&rsquo;autre chose aussi est de permettre la contradiction en laissant une opposition libre et non une \u00e9limination quasi totale de l&rsquo;opposition. En toute honn\u00eatet\u00e9 je ne saurai dire que le monsieur aurait quitt\u00e9 le pouvoir apr\u00e8s ces lois et r\u00e9formes politiques op\u00e9r\u00e9es.  Je pense qu&rsquo;\u00eatre un opposant dans une r\u00e9publique c&rsquo;est aussi un droit dont doit jouir tout citoyen qui le souhaite.<\/p>\n\n\n\n<p>Mais je crois pour le moment&nbsp; que ce n&rsquo;est pas le cas au B\u00c9NIN.<\/p>\n\n\n\n<p>Je me dis juste que le monsieur cherche \u00e0 partir sans r\u00e9ellement partir. On ne saura parler d&rsquo;alternance avec une telle l\u00e9gislation et une extr\u00eame classe politique hautement s\u00e9lective issue d&rsquo;une panoplie de lois d&rsquo;exclusion&#8230; Au-del\u00e0 de tout, je ne salue pas le coup d&rsquo;\u00c9tat mais je crois que c&rsquo;est la cons\u00e9quence lorsqu&rsquo;on fait beaucoup de frustr\u00e9s par certaines r\u00e9formes.<\/p>\n\n\n\n<p>Seulement, ces aventuriers militaires doivent comprendre que le coup d&rsquo;Etat n&rsquo;est pas le seul moyen d&rsquo;exprimer son m\u00e9contentement ou de r\u00e9gler le probl\u00e8me constitutionnel.<\/p>\n\n\n\n<p>Il revient plut\u00f4t \u00e0 la classe politique de l&rsquo;opposition de resserrer les rangs \u00e0 l&rsquo;approche de la prochaine \u00e9lection pr\u00e9sidentielle en choisissant un candidat par d\u00e9faut ou de substitution qui r\u00e9pond aux crit\u00e8res de candidature. Ainsi, ils demanderont \u00e0 leurs \u00e9lecteurs de voter pour lui. Voil\u00e0 la strat\u00e9gie \u00e0 adopter au lieu de se cacher derri\u00e8re des militaires qui n&rsquo;ont pas l&rsquo;adh\u00e9sion des autres corps pour renverser le pouvoir de Talon en partance. Quelle erreur politique?<\/p>\n\n\n\n<p><strong>Anges ADJANOR<\/strong> <\/p>\n","protected":false},"excerpt":{"rendered":"<p>Une tentative de coup d\u2019\u00c9tat a \u00e9t\u00e9 d\u00e9jou\u00e9e le &nbsp;dimanche 07&nbsp; d\u00e9cembre 2025 au B\u00e9nin, apr\u00e8s qu\u2019un groupe d\u2019une dizaine de militaires a pris d\u2019assaut la T\u00e9l\u00e9vision nationale. Les mutins ont bri\u00e8vement diffus\u00e9 en boucle un message annon\u00e7ant la destitution du Pr\u00e9sident Patrice Talon et la mise en place d\u2019un comit\u00e9 de transition dirig\u00e9 par [&hellip;]<\/p>\n","protected":false},"author":2,"featured_media":11277,"comment_status":"open","ping_status":"open","sticky":false,"template":"","format":"standard","meta":{"footnotes":""},"categories":[124,4],"tags":[],"class_list":{"0":"post-11275","1":"post","2":"type-post","3":"status-publish","4":"format-standard","5":"has-post-thumbnail","7":"category-la-une","8":"category-politique"},"_links":{"self":[{"href":"https:\/\/corpsdiplomaticnews.tg\/index.php\/wp-json\/wp\/v2\/posts\/11275","targetHints":{"allow":["GET"]}}],"collection":[{"href":"https:\/\/corpsdiplomaticnews.tg\/index.php\/wp-json\/wp\/v2\/posts"}],"about":[{"href":"https:\/\/corpsdiplomaticnews.tg\/index.php\/wp-json\/wp\/v2\/types\/post"}],"author":[{"embeddable":true,"href":"https:\/\/corpsdiplomaticnews.tg\/index.php\/wp-json\/wp\/v2\/users\/2"}],"replies":[{"embeddable":true,"href":"https:\/\/corpsdiplomaticnews.tg\/index.php\/wp-json\/wp\/v2\/comments?post=11275"}],"version-history":[{"count":2,"href":"https:\/\/corpsdiplomaticnews.tg\/index.php\/wp-json\/wp\/v2\/posts\/11275\/revisions"}],"predecessor-version":[{"id":11279,"href":"https:\/\/corpsdiplomaticnews.tg\/index.php\/wp-json\/wp\/v2\/posts\/11275\/revisions\/11279"}],"wp:featuredmedia":[{"embeddable":true,"href":"https:\/\/corpsdiplomaticnews.tg\/index.php\/wp-json\/wp\/v2\/media\/11277"}],"wp:attachment":[{"href":"https:\/\/corpsdiplomaticnews.tg\/index.php\/wp-json\/wp\/v2\/media?parent=11275"}],"wp:term":[{"taxonomy":"category","embeddable":true,"href":"https:\/\/corpsdiplomaticnews.tg\/index.php\/wp-json\/wp\/v2\/categories?post=11275"},{"taxonomy":"post_tag","embeddable":true,"href":"https:\/\/corpsdiplomaticnews.tg\/index.php\/wp-json\/wp\/v2\/tags?post=11275"}],"curies":[{"name":"wp","href":"https:\/\/api.w.org\/{rel}","templated":true}]}}