{"id":11071,"date":"2025-10-26T23:41:00","date_gmt":"2025-10-26T23:41:00","guid":{"rendered":"https:\/\/corpsdiplomaticnews.tg\/?p=11071"},"modified":"2025-10-27T01:35:18","modified_gmt":"2025-10-27T01:35:18","slug":"lacte-7-de-la-campagne-de-commercialisation-du-soja-et-de-ses-derives-officiellement-lance","status":"publish","type":"post","link":"https:\/\/corpsdiplomaticnews.tg\/index.php\/2025\/10\/26\/lacte-7-de-la-campagne-de-commercialisation-du-soja-et-de-ses-derives-officiellement-lance\/","title":{"rendered":"L\u2019acte 7 de la campagne de commercialisation du Soja et de ses d\u00e9riv\u00e9s officiellement lanc\u00e9\u00a0"},"content":{"rendered":"\n<p>&nbsp;&nbsp;&nbsp;&nbsp; Plac\u00e9e sous le th\u00e8me: <strong><em>\u00abquelle strat\u00e9gie de production et de durabilit\u00e9 de la fili\u00e8re Soja dans un contexte de march\u00e9s concurrentiels&nbsp;\u00bb, <\/em><\/strong>la campagne de commercialisation du Soja et de ses d\u00e9riv\u00e9s a \u00e9t\u00e9 &nbsp;lanc\u00e9e officiellement ce 22 octobre 2025 par le minist\u00e8re d\u00e9l\u00e9gu\u00e9 charg\u00e9 du Commerce, du contr\u00f4le et de la qualit\u00e9 des produits, sur la base du prix moyen de 220 FCFA &nbsp;le kilo, en pr\u00e9sence des membres du Conseil interprofessionnel de la Fili\u00e8re du Soja du Togo (CIFS).<\/p>\n\n\n\n<p>\u00a0\u00a0\u00a0\u00a0\u00a0\u00a0\u00a0\u00a0\u00a0\u00a0\u00a0\u00a0 <\/p>\n\n\n\n<figure class=\"wp-block-image size-full\"><img loading=\"lazy\" loading=\"lazy\" decoding=\"async\" width=\"600\" height=\"305\" src=\"https:\/\/corpsdiplomaticnews.tg\/wp-content\/uploads\/2025\/10\/SOJA-1.jpg\" alt=\"\" class=\"wp-image-11082\" srcset=\"https:\/\/corpsdiplomaticnews.tg\/wp-content\/uploads\/2025\/10\/SOJA-1.jpg 600w, https:\/\/corpsdiplomaticnews.tg\/wp-content\/uploads\/2025\/10\/SOJA-1-300x153.jpg 300w\" sizes=\"auto, (max-width: 600px) 100vw, 600px\" \/><\/figure>\n\n\n\n<p>Dans son intervention, le Pr\u00e9sident du Conseil d\u2019Administration \u00a0du CIFS, M. Koriko Mounirou, a annonc\u00e9 la d\u00e9cision du \u00a0gouvernement consistant \u00e0 faire de \u00a0la fili\u00e8re Soja l\u2019une des cultures prioritaires dans la strat\u00e9gie nationale de la promotion\u00a0 de l\u2019agriculture 2025-2034. Il a \u00a0reconnu que dans l\u2019espace de quelques ann\u00e9es, la fili\u00e8re Soja a fait des exploits. <em>\u00ab\u00a0Actuellement de nombreuses unit\u00e9s de transformation sont cr\u00e9\u00e9es\u00a0\u00bb,<\/em> d\u00e9clare-t-il avant d\u2019ajouter que le Soja togolais s\u2019impose aujourd\u2019hui comme un produit phare. Cependant, reconna\u00eet-il, la fili\u00e8re Soja fait face \u00e0 de grands d\u00e9fis. En effet, \u00a0<em>\u00ab\u00a0le Soja togolais n\u2019est pas concurrentiel \u00e0 cause de la faible productivit\u00e9 qui entrave les n\u00e9gociations de contrat et qui d\u00e9soriente les grands acheteurs vers d\u2019autres pays o\u00f9 le prix est le plus offrant. Bref, il y a l\u2019instabilit\u00e9 des prix. \u00a0La fluctuation du march\u00e9 fragilise les producteurs qui freinent leurs investissements, la faible capacit\u00e9 financi\u00e8re des commer\u00e7ants et consommateurs limite leur comp\u00e9titivit\u00e9 et l\u2019acc\u00e8s aux opportunit\u00e9s des march\u00e9s, la rigueur de la r\u00e9glementation internationale pour le soja biologique r\u00e9duit l\u2019acc\u00e8s \u00e9quitable au contrat d\u2019exportation exige une meilleure communication collective (\u2026.) les consommateurs exigent le soja adapt\u00e9 \u00e0 leur go\u00fbt, les enjeux environnementaux qui exigent aux producteurs d\u2019int\u00e9grer pleinement la durabilit\u00e9 et les approches p\u00e9doenvironnementaux\u00a0\u00bb, <\/em>tels sont les d\u00e9fis \u00e9num\u00e9r\u00e9s par le pr\u00e9sident du Conseil d\u2019Administration du CIFS. Et pour relever ces d\u00e9fis, il propose de stabiliser le march\u00e9 par la transparence, renforcer les capacit\u00e9s financi\u00e8res des producteurs, les commer\u00e7ants et des transformateurs gr\u00e2ce \u00e0 des m\u00e9canismes innovants d\u2019acc\u00e8s aux cr\u00e9dits et \u00e0 des investissements, am\u00e9liorer la qualit\u00e9 et la transformation locale des produits d\u00e9riv\u00e9s pour satisfaire des consommateurs togolais et conqu\u00e9rir des march\u00e9s r\u00e9gionaux et internationaux, consolider la coh\u00e9rence de la fili\u00e8re \u00e0 travers une organisation solide unie et proactif, favoriser la durabilit\u00e9 environnemental afin de faire du soja du lait, une r\u00e9f\u00e9rence mondiale en mati\u00e8re de production responsable. Il lance un appel \u00e0 la pers\u00e9v\u00e9rance aux transformateurs qui\u00a0\u00a0 mettent\u00a0 les travailleurs du secteur en cong\u00e9 pendant 9 mois pour cause de l\u2019indisponibilit\u00e9 de soja, \u00e0 trouver des solutions pour relever ces d\u00e9fis.<\/p>\n\n\n\n<p>&nbsp;&nbsp;&nbsp;&nbsp;&nbsp;&nbsp;&nbsp;&nbsp;&nbsp;&nbsp;&nbsp; Il lance, par ailleurs, &nbsp;aux partenaires financiers, un vibrant appel pour la promotion de la circulaire, gage de la durabilit\u00e9 de la fili\u00e8re soja au Togo. Au &nbsp;gouvernement, le CIFS, par la voix de son pr\u00e9sident,&nbsp; sollicite la poursuite et le renforcement des mesures d\u2019accompagnement.<\/p>\n\n\n\n<p>&nbsp;&nbsp;&nbsp;&nbsp;&nbsp;&nbsp;&nbsp;&nbsp;&nbsp;&nbsp;&nbsp; Aussi, a-t-il t\u00e9moign\u00e9 &nbsp;sa gratitude \u00e0 l\u2019AFL qui les accompagne pour une meilleure structuration &nbsp;et le MSC, le principal partenaire logistique qui cherche toujours \u00e0 mieux faire pour la visibilit\u00e9 du CIFS \u00e0 les aider pour le partenariat.<\/p>\n\n\n\n<p>Par ailleurs, il&nbsp; a invit\u00e9 &nbsp;les siens \u00e0 avoir confiance et courage \u00e0 faire du soja un symbole de fiert\u00e9 nationale, du d\u00e9veloppement \u00e9conomique. &nbsp;&nbsp;&nbsp;&nbsp;&nbsp;<\/p>\n\n\n\n<p><\/p>\n\n\n\n<figure class=\"wp-block-image size-large\"><img loading=\"lazy\" loading=\"lazy\" decoding=\"async\" width=\"1024\" height=\"768\" src=\"https:\/\/corpsdiplomaticnews.tg\/wp-content\/uploads\/2025\/10\/SOJA-2-1024x768.jpg\" alt=\"\" class=\"wp-image-11083\" srcset=\"https:\/\/corpsdiplomaticnews.tg\/wp-content\/uploads\/2025\/10\/SOJA-2-1024x768.jpg 1024w, https:\/\/corpsdiplomaticnews.tg\/wp-content\/uploads\/2025\/10\/SOJA-2-300x225.jpg 300w, https:\/\/corpsdiplomaticnews.tg\/wp-content\/uploads\/2025\/10\/SOJA-2-768x576.jpg 768w, https:\/\/corpsdiplomaticnews.tg\/wp-content\/uploads\/2025\/10\/SOJA-2-860x645.jpg 860w, https:\/\/corpsdiplomaticnews.tg\/wp-content\/uploads\/2025\/10\/SOJA-2.jpg 1040w\" sizes=\"auto, (max-width: 1024px) 100vw, 1024px\" \/><\/figure>\n\n\n\n<p>&nbsp;&nbsp;&nbsp;&nbsp;&nbsp;&nbsp;&nbsp;&nbsp;&nbsp;&nbsp;&nbsp; Avant de lancer officiellement la campagne, le Directeur de Cabinet, repr\u00e9sentant du Ministre d\u00e9l\u00e9gu\u00e9 aupr\u00e8s du Ministre de l\u2019Economie et de la Veille strat\u00e9gique \u00e9conomique charg\u00e9 du Commerce et du Contr\u00f4le de la qualit\u00e9, M. Koffi Vignon Messan, a rappel\u00e9 que c\u2019est depuis 2019 que la commercialisation du soja biologique qui&nbsp; occupe la premi\u00e8re place dans l\u2019espace sous-r\u00e9gional,&nbsp;&nbsp; fait face \u00e0 la concurrence. Aussi, a-t-il \u00e9gren\u00e9 les nombreux d\u00e9fis auxquels le soja fait face notamment le prix, la tra\u00e7abilit\u00e9, la certification du soja \u00e0 l\u2019exportation. &nbsp;<em>\u00ab&nbsp;Face \u00e0 ses d\u00e9fis, nous devons am\u00e9liorer la coordination du fili\u00e8re soja pour accro\u00eetre davantage la superficie cultivable&nbsp; du soja, faciliter le droit de financement pour am\u00e9liorer la productivit\u00e9 et le rendement de notre production agricole, pour pr\u00e9server la qualit\u00e9 de notre soja<\/em>&nbsp;\u00bb, ajoute-t-il avant de remercier les acteurs de la fili\u00e8re du soja pour les efforts qui ont permis d\u2019avoir des accords dont il invite \u00e0 respecter les clauses. Il les invite \u00e0 plus d\u2019engagement, \u00e0 plus de professionnalisme <em>\u00ab&nbsp;Nous sommes attentifs au bon d\u00e9roulement de la rencontre pour la campagne&nbsp; du soja et de ses produits d\u00e9riv\u00e9s de la saison 2025-2026&nbsp;\u00bb,<\/em> conclut-il. &nbsp;<\/p>\n\n\n\n<p>&nbsp;&nbsp;&nbsp;&nbsp;&nbsp;&nbsp;&nbsp;&nbsp;&nbsp;&nbsp;&nbsp; Au cours du lancement, le partenaire principal du CIFS, sp\u00e9cialis\u00e9 dans la logistique transport en mer s\u2019est fait d\u00e9couvrir \u00e0 travers une vid\u00e9o. Son repr\u00e9sentant a d\u00e9clar\u00e9 qu\u2019il&nbsp; croit \u00e0 la capacit\u00e9 du Togo \u00e0 s\u2019affirmer comme un acteur majeur sur la sc\u00e8ne africain et mondial. L\u2019engagement du groupe Mediterranean&nbsp; Spiping Company (MSC) traduit la mission, celle d\u2019offrir des solutions fiables et \u00e9mouvantes pour la fili\u00e8re soja. Et cette ambition est celle d\u2019accompagner le d\u00e9veloppement de cette fili\u00e8re en connectant le Togo au reste du monde avec efficacit\u00e9 et s\u00e9v\u00e9rit\u00e9 en connectant sur des cha\u00eenes. <em>\u00ab&nbsp;A travers notre pr\u00e9sence, MSC&nbsp; souhaite \u00eatre un catalyseur de ce mouvement, en favorisant la connectivit\u00e9, la durabilit\u00e9 et la conductibilit\u00e9 des exportateurs togolais<\/em>&nbsp;\u00bb, rappelle-t-il.<\/p>\n\n\n\n<p>&nbsp;&nbsp;&nbsp;&nbsp;&nbsp;&nbsp;&nbsp;&nbsp;&nbsp;&nbsp;&nbsp; Notons qu\u2019\u00e0 la suite du lancement, on a proc\u00e9d\u00e9 \u00e0 la signature des accords entre les Commer\u00e7ants, les Producteurs et les Transformateurs \u00e0 travers leurs repr\u00e9sentants. Le prix fix\u00e9 du soja pour cette campagne agricole saison 2025-2026 est 220 FCFA&nbsp; le kilogramme.<\/p>\n\n\n\n<p>&nbsp; &nbsp;&nbsp;&nbsp;&nbsp;&nbsp;&nbsp;&nbsp;&nbsp;Il sied de rappeler que le CIFS, dont l\u2019une des missions est de d\u00e9velopper le partenariat avec toute institution nationale, r\u00e9gionale ou internationale \u0153uvrant pour la promotion de la fili\u00e8re soja, a pour objectif principal de mobiliser et de g\u00e9rer des ressources techniques et financi\u00e8res en faveur de la fili\u00e8re soja et de faciliter la mise en relation des acteurs intervenant dans la fili\u00e8re soja notamment sur la base des cha\u00eenes de valeur.&nbsp;<\/p>\n\n\n\n<p>Signalons qu\u2019au cours du lancement de cette campagne, des &nbsp;accords ont \u00e9t\u00e9 sign\u00e9s entre &nbsp;la F\u00e9d\u00e9ration nationale des coop\u00e9ratives productrices de soja (FNCPS), l\u2019Association togolaise des transformateurs de soja (ATTS) et l\u2019Association nationale des commer\u00e7ants-exportateurs du soja (ANCES concernant les conditions d\u2019exportation du soja togolais. &nbsp;&nbsp;&nbsp;&nbsp;&nbsp;&nbsp;&nbsp;&nbsp;&nbsp;&nbsp;&nbsp;&nbsp;<\/p>\n\n\n\n<p><strong>A. G. ADJANOR<\/strong> <\/p>\n\n\n\n<p><\/p>\n","protected":false},"excerpt":{"rendered":"<p>&nbsp;&nbsp;&nbsp;&nbsp; Plac\u00e9e sous le th\u00e8me: \u00abquelle strat\u00e9gie de production et de durabilit\u00e9 de la fili\u00e8re Soja dans un contexte de march\u00e9s concurrentiels&nbsp;\u00bb, la campagne de commercialisation du Soja et de ses d\u00e9riv\u00e9s a \u00e9t\u00e9 &nbsp;lanc\u00e9e officiellement ce 22 octobre 2025 par le minist\u00e8re d\u00e9l\u00e9gu\u00e9 charg\u00e9 du Commerce, du contr\u00f4le et de la qualit\u00e9 des produits, [&hellip;]<\/p>\n","protected":false},"author":2,"featured_media":11082,"comment_status":"open","ping_status":"open","sticky":false,"template":"","format":"standard","meta":{"footnotes":""},"categories":[104,124],"tags":[],"class_list":{"0":"post-11071","1":"post","2":"type-post","3":"status-publish","4":"format-standard","5":"has-post-thumbnail","7":"category-economie","8":"category-la-une"},"_links":{"self":[{"href":"https:\/\/corpsdiplomaticnews.tg\/index.php\/wp-json\/wp\/v2\/posts\/11071","targetHints":{"allow":["GET"]}}],"collection":[{"href":"https:\/\/corpsdiplomaticnews.tg\/index.php\/wp-json\/wp\/v2\/posts"}],"about":[{"href":"https:\/\/corpsdiplomaticnews.tg\/index.php\/wp-json\/wp\/v2\/types\/post"}],"author":[{"embeddable":true,"href":"https:\/\/corpsdiplomaticnews.tg\/index.php\/wp-json\/wp\/v2\/users\/2"}],"replies":[{"embeddable":true,"href":"https:\/\/corpsdiplomaticnews.tg\/index.php\/wp-json\/wp\/v2\/comments?post=11071"}],"version-history":[{"count":2,"href":"https:\/\/corpsdiplomaticnews.tg\/index.php\/wp-json\/wp\/v2\/posts\/11071\/revisions"}],"predecessor-version":[{"id":11084,"href":"https:\/\/corpsdiplomaticnews.tg\/index.php\/wp-json\/wp\/v2\/posts\/11071\/revisions\/11084"}],"wp:featuredmedia":[{"embeddable":true,"href":"https:\/\/corpsdiplomaticnews.tg\/index.php\/wp-json\/wp\/v2\/media\/11082"}],"wp:attachment":[{"href":"https:\/\/corpsdiplomaticnews.tg\/index.php\/wp-json\/wp\/v2\/media?parent=11071"}],"wp:term":[{"taxonomy":"category","embeddable":true,"href":"https:\/\/corpsdiplomaticnews.tg\/index.php\/wp-json\/wp\/v2\/categories?post=11071"},{"taxonomy":"post_tag","embeddable":true,"href":"https:\/\/corpsdiplomaticnews.tg\/index.php\/wp-json\/wp\/v2\/tags?post=11071"}],"curies":[{"name":"wp","href":"https:\/\/api.w.org\/{rel}","templated":true}]}}