{"id":11051,"date":"2025-10-23T00:54:05","date_gmt":"2025-10-23T00:54:05","guid":{"rendered":"https:\/\/corpsdiplomaticnews.tg\/?p=11051"},"modified":"2025-10-23T00:54:06","modified_gmt":"2025-10-23T00:54:06","slug":"togo-ledition-2025-du-festival-emergence-se-tient-du-1er-au-6-novembre-a-lome-et-kpalime","status":"publish","type":"post","link":"https:\/\/corpsdiplomaticnews.tg\/index.php\/2025\/10\/23\/togo-ledition-2025-du-festival-emergence-se-tient-du-1er-au-6-novembre-a-lome-et-kpalime\/","title":{"rendered":"Togo: l\u2019\u00e9dition 2025\u00a0 du Festival \u00c9mergence \u00a0se tient du 1er au 6 novembre \u00a0\u00e0 Lom\u00e9 et Kpalim\u00e9"},"content":{"rendered":"\n<p>Les villes togolaises, &nbsp;Lom\u00e9 et Kpalim\u00e9, &nbsp;&nbsp;vont&nbsp; accueillir &nbsp;la 12\u1d49 \u00e9dition du Festival \u00c9mergence Films, du 1er au 6 novembre 2025. &nbsp;Le septi\u00e8me art togolais va &nbsp;vibrer sous les projecteurs d\u2019une nouvelle aventure.<br>L\u2019annonce en a \u00e9t\u00e9 faite lors d\u2019une conf\u00e9rence de presse tenue \u00e0 Lom\u00e9, le vendredi 17 octobre o\u00f9 le comit\u00e9 d\u2019organisation a d\u00e9voil\u00e9 les grandes lignes d\u2019une \u00e9dition prometteuse, plac\u00e9e sous le signe de la cr\u00e9ativit\u00e9 et du partage.<\/p>\n\n\n\n<p><\/p>\n\n\n\n<figure class=\"wp-block-image size-full\"><img loading=\"lazy\" loading=\"lazy\" decoding=\"async\" width=\"628\" height=\"732\" src=\"https:\/\/corpsdiplomaticnews.tg\/wp-content\/uploads\/2025\/10\/EMERGENCE-2.jpg\" alt=\"\" class=\"wp-image-11052\" srcset=\"https:\/\/corpsdiplomaticnews.tg\/wp-content\/uploads\/2025\/10\/EMERGENCE-2.jpg 628w, https:\/\/corpsdiplomaticnews.tg\/wp-content\/uploads\/2025\/10\/EMERGENCE-2-257x300.jpg 257w\" sizes=\"auto, (max-width: 628px) 100vw, 628px\" \/><\/figure>\n\n\n\n<p>Cette \u00e9dition s\u2019ouvre sur une note profond\u00e9ment togolaise avec le long m\u00e9trage \u00ab SIFA, la gardienne de nos terres\u00bb de Dh\u00e9manane Mal\u00e9lba Kafechina, film d\u2019ouverture d&rsquo; 1h 42 qui explore, avec sensibilit\u00e9 et engagement, des th\u00e9matiques universelles : justice fonci\u00e8re, droits des enfants et protection de l\u2019environnement. Une \u0153uvre \u00e0 la fois po\u00e9tique et militante, miroir des luttes et espoirs contemporains du continent.<\/p>\n\n\n\n<p><\/p>\n\n\n\n<figure class=\"wp-block-image size-full\"><img loading=\"lazy\" loading=\"lazy\" decoding=\"async\" width=\"998\" height=\"732\" src=\"https:\/\/corpsdiplomaticnews.tg\/wp-content\/uploads\/2025\/10\/EMERGENCE-3.jpg\" alt=\"\" class=\"wp-image-11053\" srcset=\"https:\/\/corpsdiplomaticnews.tg\/wp-content\/uploads\/2025\/10\/EMERGENCE-3.jpg 998w, https:\/\/corpsdiplomaticnews.tg\/wp-content\/uploads\/2025\/10\/EMERGENCE-3-300x220.jpg 300w, https:\/\/corpsdiplomaticnews.tg\/wp-content\/uploads\/2025\/10\/EMERGENCE-3-768x563.jpg 768w, https:\/\/corpsdiplomaticnews.tg\/wp-content\/uploads\/2025\/10\/EMERGENCE-3-860x631.jpg 860w\" sizes=\"auto, (max-width: 998px) 100vw, 998px\" \/><\/figure>\n\n\n\n<p><strong>Vue partielle des participants \u00e0 la conf\u00e9rence de presse <\/strong><\/p>\n\n\n\n<p>Cette ann\u00e9e, le S\u00e9n\u00e9gal est \u00e0 l\u2019honneur. Une d\u00e9l\u00e9gation d\u2019une quinzaine de professionnels du cin\u00e9ma, conduite par le directeur de la cin\u00e9matographie s\u00e9n\u00e9galaise, rejoindra Lom\u00e9 pour partager son savoir-faire \u00e0 travers des ateliers de formation, des sessions de mentorat et des projections de films embl\u00e9matiques. Une collaboration qui scelle un pont entre deux nations unies par la passion du grand \u00e9cran.<\/p>\n\n\n\n<p>Le festival d\u00e9ploiera \u00e9galement ses cam\u00e9ras \u00e0 Kpalim\u00e9, dans le Grand Kloto, pour des projections, des rencontres entre cin\u00e9astes et des moments d\u2019\u00e9vasion culturelle. Parmi les temps forts, une action sociale au Centre des malvoyants, avec la projection d\u2019un film en audio-description, afin d\u2019offrir aux non-voyants la magie du cin\u00e9ma autrement.<br>Une initiative salu\u00e9e comme un geste d\u2019inclusion rare et profond\u00e9ment humain.<\/p>\n\n\n\n<p>Gr\u00e2ce \u00e0 un appel \u00e0 la mobilit\u00e9, le B\u00e9nin sera \u00e9galement de la partie, soutenu par le Goethe-Institut, qui facilite la venue de plusieurs professionnels. Une preuve suppl\u00e9mentaire que le Festival \u00c9mergence se veut un carrefour de circulation des talents, un espace o\u00f9 les fronti\u00e8res s\u2019effacent au profit de la cr\u00e9ation collective.<\/p>\n\n\n\n<p><strong>Une occasion de formation, d\u2019encadrement et d\u2019\u00e9closion&nbsp;<\/strong><\/p>\n\n\n\n<p>\u00ab C\u2019est officiellement lanc\u00e9 ! Nous avons aujourd\u2019hui une solide exp\u00e9rience et esp\u00e9rons que cette \u00e9dition sera \u00e0 la hauteur des pr\u00e9c\u00e9dentes \u00bb, a d\u00e9clar\u00e9 le promoteur du festival, Jo\u00ebl M&rsquo;Maka TCHEDRE, tr\u00e8s ravi  du chemin parcouru.<\/p>\n\n\n\n<p><\/p>\n\n\n\n<figure class=\"wp-block-image size-full\"><img loading=\"lazy\" loading=\"lazy\" decoding=\"async\" width=\"590\" height=\"425\" src=\"https:\/\/corpsdiplomaticnews.tg\/wp-content\/uploads\/2025\/10\/TCHEDRE.jpg\" alt=\"\" class=\"wp-image-11054\" srcset=\"https:\/\/corpsdiplomaticnews.tg\/wp-content\/uploads\/2025\/10\/TCHEDRE.jpg 590w, https:\/\/corpsdiplomaticnews.tg\/wp-content\/uploads\/2025\/10\/TCHEDRE-300x216.jpg 300w\" sizes=\"auto, (max-width: 590px) 100vw, 590px\" \/><\/figure>\n\n\n\n<p><strong>M. TCHEDRE <\/strong><br>Le programme mettra l\u2019accent sur plusieurs ateliers de formation, notamment sur le court m\u00e9trage, le d\u00e9veloppement du long m\u00e9trage et l\u2019actorat.<br>\u00ab R\u00e9aliser un premier film reste difficile pour les jeunes cin\u00e9astes, souvent frein\u00e9s par le manque de moyens et d\u2019accompagnement. Cet atelier de cr\u00e9ation leur offrira encadrement, \u00e9quipement et accompagnement pour r\u00e9aliser leur premier ou deuxi\u00e8me film \u00bb, a-t-il ajout\u00e9.<\/p>\n\n\n\n<p>Parmi les invit\u00e9es de marque, Clotilde Bertet, cin\u00e9aste fran\u00e7aise install\u00e9e \u00e0 Lom\u00e9, animera le laboratoire de l\u2019\u00e9mergence du film documentaire. Elle accompagnera les porteurs de projets dans l\u2019\u00e9criture, le traitement et la faisabilit\u00e9 de leurs films, en vue d\u2019un pitch final pr\u00e9vu le 6 novembre, dot\u00e9 du Prix Canal+.<br>\u00ab Le Festival \u00c9mergence est un \u00e9v\u00e9nement unique dans le paysage du cin\u00e9ma africain : enti\u00e8rement gratuit, ouvert \u00e0 tous, avec des projections, des master-class et des opportunit\u00e9s pour les jeunes r\u00e9alisateurs \u00bb, a-t-elle confi\u00e9, saluant la qualit\u00e9 des projets re\u00e7us.<\/p>\n\n\n\n<p>Au total, 40 films provenant de 23 pays seront pr\u00e9sent\u00e9s au public: 33 courts m\u00e9trages et 7 longs m\u00e9trages, dont 5 en comp\u00e9tition. Les crit\u00e8res de s\u00e9lection reposent sur la force du sc\u00e9nario, la prestation des acteurs et la valeur artistique et technique des \u0153uvres.<br>Une diversit\u00e9 d\u2019horizons et de sensibilit\u00e9s qui promet un kal\u00e9idoscope d\u2019\u00e9motions et de r\u00e9flexions.<\/p>\n\n\n\n<p>Le Festival \u00c9mergence Films poursuit, avec constance, sa mission premi\u00e8re : promouvoir les jeunes talents africains, favoriser les \u00e9changes professionnels et renforcer la visibilit\u00e9 du cin\u00e9ma \u00e9mergent du continent.<br>\u00c0 Lom\u00e9 comme \u00e0 Kpalim\u00e9, les projecteurs s\u2019allumeront non seulement sur les \u00e9crans, mais aussi dans les esprits, pour c\u00e9l\u00e9brer la puissance du r\u00e9cit africain et la beaut\u00e9 des r\u00eaves mis en images<\/p>\n","protected":false},"excerpt":{"rendered":"<p>Les villes togolaises, &nbsp;Lom\u00e9 et Kpalim\u00e9, &nbsp;&nbsp;vont&nbsp; accueillir &nbsp;la 12\u1d49 \u00e9dition du Festival \u00c9mergence Films, du 1er au 6 novembre 2025. &nbsp;Le septi\u00e8me art togolais va &nbsp;vibrer sous les projecteurs d\u2019une nouvelle aventure.L\u2019annonce en a \u00e9t\u00e9 faite lors d\u2019une conf\u00e9rence de presse tenue \u00e0 Lom\u00e9, le vendredi 17 octobre o\u00f9 le comit\u00e9 d\u2019organisation a d\u00e9voil\u00e9 [&hellip;]<\/p>\n","protected":false},"author":2,"featured_media":11054,"comment_status":"open","ping_status":"open","sticky":false,"template":"","format":"standard","meta":{"footnotes":""},"categories":[18,124],"tags":[],"class_list":{"0":"post-11051","1":"post","2":"type-post","3":"status-publish","4":"format-standard","5":"has-post-thumbnail","7":"category-culture","8":"category-la-une"},"_links":{"self":[{"href":"https:\/\/corpsdiplomaticnews.tg\/index.php\/wp-json\/wp\/v2\/posts\/11051","targetHints":{"allow":["GET"]}}],"collection":[{"href":"https:\/\/corpsdiplomaticnews.tg\/index.php\/wp-json\/wp\/v2\/posts"}],"about":[{"href":"https:\/\/corpsdiplomaticnews.tg\/index.php\/wp-json\/wp\/v2\/types\/post"}],"author":[{"embeddable":true,"href":"https:\/\/corpsdiplomaticnews.tg\/index.php\/wp-json\/wp\/v2\/users\/2"}],"replies":[{"embeddable":true,"href":"https:\/\/corpsdiplomaticnews.tg\/index.php\/wp-json\/wp\/v2\/comments?post=11051"}],"version-history":[{"count":1,"href":"https:\/\/corpsdiplomaticnews.tg\/index.php\/wp-json\/wp\/v2\/posts\/11051\/revisions"}],"predecessor-version":[{"id":11055,"href":"https:\/\/corpsdiplomaticnews.tg\/index.php\/wp-json\/wp\/v2\/posts\/11051\/revisions\/11055"}],"wp:featuredmedia":[{"embeddable":true,"href":"https:\/\/corpsdiplomaticnews.tg\/index.php\/wp-json\/wp\/v2\/media\/11054"}],"wp:attachment":[{"href":"https:\/\/corpsdiplomaticnews.tg\/index.php\/wp-json\/wp\/v2\/media?parent=11051"}],"wp:term":[{"taxonomy":"category","embeddable":true,"href":"https:\/\/corpsdiplomaticnews.tg\/index.php\/wp-json\/wp\/v2\/categories?post=11051"},{"taxonomy":"post_tag","embeddable":true,"href":"https:\/\/corpsdiplomaticnews.tg\/index.php\/wp-json\/wp\/v2\/tags?post=11051"}],"curies":[{"name":"wp","href":"https:\/\/api.w.org\/{rel}","templated":true}]}}