{"id":11045,"date":"2025-10-22T23:29:58","date_gmt":"2025-10-22T23:29:58","guid":{"rendered":"https:\/\/corpsdiplomaticnews.tg\/?p=11045"},"modified":"2025-10-22T23:29:59","modified_gmt":"2025-10-22T23:29:59","slug":"cinq-ans-apres-lassassinat-de-mouammar-kadhafi-nicolas-sarkozy-se-retrouve-en-prison","status":"publish","type":"post","link":"https:\/\/corpsdiplomaticnews.tg\/index.php\/2025\/10\/22\/cinq-ans-apres-lassassinat-de-mouammar-kadhafi-nicolas-sarkozy-se-retrouve-en-prison\/","title":{"rendered":"Cinq ans apr\u00e8s l\u2019assassinat de Mouammar KADHAFI, Nicolas SARKOZY se retrouve en prison"},"content":{"rendered":"\n<p>Nous \u00e9tions au \u00a020 octobre 2011, quand\u00a0 le monde apprit \u00a0la mort de Mouammar Kadhafi \u00e0 Syrte, en Libye, apr\u00e8s l\u2019intervention militaire de l\u2019OTAN men\u00e9e avec le soutien de la France. L\u2019ancien dirigeant libyen, au pouvoir depuis plus de quarante ans, tombait \u00e0 l\u2019issue d\u2019une r\u00e9bellion appuy\u00e9e par les forces occidentales. <\/p>\n\n\n\n<p><\/p>\n\n\n\n<figure class=\"wp-block-image size-full\"><img loading=\"lazy\" loading=\"lazy\" decoding=\"async\" width=\"720\" height=\"545\" src=\"https:\/\/corpsdiplomaticnews.tg\/wp-content\/uploads\/2025\/10\/SARKOZY.jpg\" alt=\"\" class=\"wp-image-11046\" srcset=\"https:\/\/corpsdiplomaticnews.tg\/wp-content\/uploads\/2025\/10\/SARKOZY.jpg 720w, https:\/\/corpsdiplomaticnews.tg\/wp-content\/uploads\/2025\/10\/SARKOZY-300x227.jpg 300w\" sizes=\"auto, (max-width: 720px) 100vw, 720px\" \/><\/figure>\n\n\n\n<p><strong>SARKOZY  et  feu  KHADAFI <\/strong><\/p>\n\n\n\n<p>Quatorze ans plus tard, presque \u00e0 la m\u00eame date, le 21 octobre 2025, l\u2019ancien pr\u00e9sident fran\u00e7ais Nicolas Sarkozy a \u00e9t\u00e9 incarc\u00e9r\u00e9 \u00e0 la prison de la Sant\u00e9 \u00e0 Paris. Cette mesure fait suite \u00e0 plusieurs condamnations judiciaires, dont certaines affaires li\u00e9es \u00e0 sa campagne pr\u00e9sidentielle de 2007, marqu\u00e9e par des soup\u00e7ons de financement en provenance du r\u00e9gime libyen de Kadhafi.<\/p>\n\n\n\n<p>Cette proximit\u00e9 des dates a suscit\u00e9 de nombreux commentaires sur les r\u00e9seaux sociaux et dans la presse internationale. Certains y voient une simple co\u00efncidence du calendrier, d\u2019autres une ironie de l\u2019histoire.<br>Si les deux \u00e9v\u00e9nements n\u2019ont aucun lien juridique direct, ils rappellent tous deux une p\u00e9riode marquante des relations franco-libyennes et les zones d\u2019ombre qui entourent encore la chute du r\u00e9gime de Tripoli.<\/p>\n","protected":false},"excerpt":{"rendered":"<p>Nous \u00e9tions au \u00a020 octobre 2011, quand\u00a0 le monde apprit \u00a0la mort de Mouammar Kadhafi \u00e0 Syrte, en Libye, apr\u00e8s l\u2019intervention militaire de l\u2019OTAN men\u00e9e avec le soutien de la France. L\u2019ancien dirigeant libyen, au pouvoir depuis plus de quarante ans, tombait \u00e0 l\u2019issue d\u2019une r\u00e9bellion appuy\u00e9e par les forces occidentales. SARKOZY et feu KHADAFI [&hellip;]<\/p>\n","protected":false},"author":2,"featured_media":11046,"comment_status":"open","ping_status":"open","sticky":false,"template":"","format":"standard","meta":{"footnotes":""},"categories":[2,124,4],"tags":[],"class_list":{"0":"post-11045","1":"post","2":"type-post","3":"status-publish","4":"format-standard","5":"has-post-thumbnail","7":"category-diplomatie","8":"category-la-une","9":"category-politique"},"_links":{"self":[{"href":"https:\/\/corpsdiplomaticnews.tg\/index.php\/wp-json\/wp\/v2\/posts\/11045","targetHints":{"allow":["GET"]}}],"collection":[{"href":"https:\/\/corpsdiplomaticnews.tg\/index.php\/wp-json\/wp\/v2\/posts"}],"about":[{"href":"https:\/\/corpsdiplomaticnews.tg\/index.php\/wp-json\/wp\/v2\/types\/post"}],"author":[{"embeddable":true,"href":"https:\/\/corpsdiplomaticnews.tg\/index.php\/wp-json\/wp\/v2\/users\/2"}],"replies":[{"embeddable":true,"href":"https:\/\/corpsdiplomaticnews.tg\/index.php\/wp-json\/wp\/v2\/comments?post=11045"}],"version-history":[{"count":1,"href":"https:\/\/corpsdiplomaticnews.tg\/index.php\/wp-json\/wp\/v2\/posts\/11045\/revisions"}],"predecessor-version":[{"id":11047,"href":"https:\/\/corpsdiplomaticnews.tg\/index.php\/wp-json\/wp\/v2\/posts\/11045\/revisions\/11047"}],"wp:featuredmedia":[{"embeddable":true,"href":"https:\/\/corpsdiplomaticnews.tg\/index.php\/wp-json\/wp\/v2\/media\/11046"}],"wp:attachment":[{"href":"https:\/\/corpsdiplomaticnews.tg\/index.php\/wp-json\/wp\/v2\/media?parent=11045"}],"wp:term":[{"taxonomy":"category","embeddable":true,"href":"https:\/\/corpsdiplomaticnews.tg\/index.php\/wp-json\/wp\/v2\/categories?post=11045"},{"taxonomy":"post_tag","embeddable":true,"href":"https:\/\/corpsdiplomaticnews.tg\/index.php\/wp-json\/wp\/v2\/tags?post=11045"}],"curies":[{"name":"wp","href":"https:\/\/api.w.org\/{rel}","templated":true}]}}