{"id":11034,"date":"2025-10-16T08:04:24","date_gmt":"2025-10-16T08:04:24","guid":{"rendered":"https:\/\/corpsdiplomaticnews.tg\/?p=11034"},"modified":"2025-10-16T08:04:25","modified_gmt":"2025-10-16T08:04:25","slug":"decentralisation-mal-comprise-le-togo-continue-ses-incongruites-avec-des-ministres-maires","status":"publish","type":"post","link":"https:\/\/corpsdiplomaticnews.tg\/index.php\/2025\/10\/16\/decentralisation-mal-comprise-le-togo-continue-ses-incongruites-avec-des-ministres-maires\/","title":{"rendered":"D\u00e9centralisation mal comprise: le Togo continue ses incongruit\u00e9s avec des ministres-maires"},"content":{"rendered":"\n<p>Le processus de d\u00e9centralisation amorc\u00e9 au Togo depuis 2007 se poursuit avec des hauts et des bas. En 2019, cela s\u2019est mat\u00e9rialis\u00e9 par des \u00e9lections municipales apr\u00e8s plusieurs modifications de la Loi relative \u00e0 la d\u00e9centralisation et aux libert\u00e9s locales. <\/p>\n\n\n\n<p><\/p>\n\n\n\n<figure class=\"wp-block-image size-full\"><img loading=\"lazy\" loading=\"lazy\" decoding=\"async\" width=\"592\" height=\"296\" src=\"https:\/\/corpsdiplomaticnews.tg\/wp-content\/uploads\/2022\/10\/00FAURE.jpg\" alt=\"\" class=\"wp-image-3225\" srcset=\"https:\/\/corpsdiplomaticnews.tg\/wp-content\/uploads\/2022\/10\/00FAURE.jpg 592w, https:\/\/corpsdiplomaticnews.tg\/wp-content\/uploads\/2022\/10\/00FAURE-300x150.jpg 300w\" sizes=\"auto, (max-width: 592px) 100vw, 592px\" \/><\/figure>\n\n\n\n<p>Des \u00e9lus ont ensuite mis en place des Ex\u00e9cutifs chapeaut\u00e9s par des maires. &nbsp;Chemin faisant, &nbsp;certains maires comme Joseph GOMADO&nbsp; de la commune Golfe 1 et Yawa KOUIGAN&nbsp; de l\u2019Ogou 1 ont&nbsp;&nbsp; \u00e9t\u00e9 nomm\u00e9s Ministres.<\/p>\n\n\n\n<p>Curieusement, ces maires ont gard\u00e9 leurs postes &nbsp;qu\u2019ils ont cumul\u00e9s avec &nbsp;ceux minist\u00e9riels jusqu\u2019\u00e0 ce jour.&nbsp; La &nbsp;question que les Togolais se posent aujourd\u2019hui est de savoir &nbsp;comment &nbsp;un maire peut cumuler son poste avec celui de Ministre. En tant que maire, en acceptant d\u2019\u00eatre nomm\u00e9 ministre, cela suppose qu\u2019on peut occuper n\u2019importe quel &nbsp;portefeuille minist\u00e9riel.&nbsp; &nbsp;<strong>Et la grande aberration est la suivante: si&nbsp; un &nbsp;Maire&nbsp; est nomm\u00e9 &nbsp;Ministre de l\u2019Administration territoriale, de la d\u00e9centralisation et de la chefferie coutumi\u00e8re, \u00e0 quel&nbsp; endroit va-t-il se positionner lorsqu\u2019il y&nbsp; aura une r\u00e9union entre les maires et leur ministre de tutelle&nbsp;?.<\/strong><\/p>\n\n\n\n<p>Une telle incongruit\u00e9 devrait \u00eatre \u00e9vit\u00e9e dans le renouvellement des ex\u00e9cutifs communaux pour le compte de la mandature 2025- 2031. Sinon l\u2019\u00e9lection du ministre Fofona ce 15 octobre&nbsp; 2025 au poste de maire&nbsp; de la Commune d\u2019Agoenyiv\u00e9 4 commence d\u00e9j\u00e0 \u00e0 mal sentir dans la sauce de la d\u00e9centralisation.<\/p>\n","protected":false},"excerpt":{"rendered":"<p>Le processus de d\u00e9centralisation amorc\u00e9 au Togo depuis 2007 se poursuit avec des hauts et des bas. En 2019, cela s\u2019est mat\u00e9rialis\u00e9 par des \u00e9lections municipales apr\u00e8s plusieurs modifications de la Loi relative \u00e0 la d\u00e9centralisation et aux libert\u00e9s locales. Des \u00e9lus ont ensuite mis en place des Ex\u00e9cutifs chapeaut\u00e9s par des maires. &nbsp;Chemin faisant, [&hellip;]<\/p>\n","protected":false},"author":2,"featured_media":3225,"comment_status":"open","ping_status":"open","sticky":false,"template":"","format":"standard","meta":{"footnotes":""},"categories":[9,124,4],"tags":[],"class_list":{"0":"post-11034","1":"post","2":"type-post","3":"status-publish","4":"format-standard","5":"has-post-thumbnail","7":"category-azimuts","8":"category-la-une","9":"category-politique"},"_links":{"self":[{"href":"https:\/\/corpsdiplomaticnews.tg\/index.php\/wp-json\/wp\/v2\/posts\/11034","targetHints":{"allow":["GET"]}}],"collection":[{"href":"https:\/\/corpsdiplomaticnews.tg\/index.php\/wp-json\/wp\/v2\/posts"}],"about":[{"href":"https:\/\/corpsdiplomaticnews.tg\/index.php\/wp-json\/wp\/v2\/types\/post"}],"author":[{"embeddable":true,"href":"https:\/\/corpsdiplomaticnews.tg\/index.php\/wp-json\/wp\/v2\/users\/2"}],"replies":[{"embeddable":true,"href":"https:\/\/corpsdiplomaticnews.tg\/index.php\/wp-json\/wp\/v2\/comments?post=11034"}],"version-history":[{"count":1,"href":"https:\/\/corpsdiplomaticnews.tg\/index.php\/wp-json\/wp\/v2\/posts\/11034\/revisions"}],"predecessor-version":[{"id":11035,"href":"https:\/\/corpsdiplomaticnews.tg\/index.php\/wp-json\/wp\/v2\/posts\/11034\/revisions\/11035"}],"wp:featuredmedia":[{"embeddable":true,"href":"https:\/\/corpsdiplomaticnews.tg\/index.php\/wp-json\/wp\/v2\/media\/3225"}],"wp:attachment":[{"href":"https:\/\/corpsdiplomaticnews.tg\/index.php\/wp-json\/wp\/v2\/media?parent=11034"}],"wp:term":[{"taxonomy":"category","embeddable":true,"href":"https:\/\/corpsdiplomaticnews.tg\/index.php\/wp-json\/wp\/v2\/categories?post=11034"},{"taxonomy":"post_tag","embeddable":true,"href":"https:\/\/corpsdiplomaticnews.tg\/index.php\/wp-json\/wp\/v2\/tags?post=11034"}],"curies":[{"name":"wp","href":"https:\/\/api.w.org\/{rel}","templated":true}]}}