{"id":11020,"date":"2025-10-15T08:13:09","date_gmt":"2025-10-15T08:13:09","guid":{"rendered":"https:\/\/corpsdiplomaticnews.tg\/?p=11020"},"modified":"2025-10-15T08:13:10","modified_gmt":"2025-10-15T08:13:10","slug":"coup-detat-a-madagascar-larmee-sempare-du-pouvoir","status":"publish","type":"post","link":"https:\/\/corpsdiplomaticnews.tg\/index.php\/2025\/10\/15\/coup-detat-a-madagascar-larmee-sempare-du-pouvoir\/","title":{"rendered":"Coup d\u2019\u00c9tat \u00e0 Madagascar: l\u2019arm\u00e9e s\u2019empare du pouvoir"},"content":{"rendered":"\n<p>La tension est mont\u00e9e d\u2019un cran \u00e0 Madagascar. L\u2019arm\u00e9e a renvers\u00e9 le pr\u00e9sident Rajoelina ce mardi 14 octobre 2025 et s\u2019est empar\u00e9e \u00a0du pouvoir. <\/p>\n\n\n\n<figure class=\"wp-block-image size-full\"><img loading=\"lazy\" loading=\"lazy\" decoding=\"async\" width=\"647\" height=\"357\" src=\"https:\/\/corpsdiplomaticnews.tg\/wp-content\/uploads\/2025\/10\/MADA.jpg\" alt=\"\" class=\"wp-image-11021\" srcset=\"https:\/\/corpsdiplomaticnews.tg\/wp-content\/uploads\/2025\/10\/MADA.jpg 647w, https:\/\/corpsdiplomaticnews.tg\/wp-content\/uploads\/2025\/10\/MADA-300x166.jpg 300w\" sizes=\"auto, (max-width: 647px) 100vw, 647px\" \/><\/figure>\n\n\n\n<p>En quelques heures, la crise politique s\u2019est transform\u00e9e en ce qui s\u2019apparente \u00e0 un coup d\u2019\u00c9tat militaire. Contest\u00e9 depuis plusieurs jours dans la rue et port\u00e9 disparu depuis lundi, le pr\u00e9sident Andry Rajoelina a annonc\u00e9 hier mardi 14 octobre, la dissolution de l\u2019Assembl\u00e9e nationale. Une d\u00e9cision qui a provoqu\u00e9 une riposte imm\u00e9diate. 130 des 163 d\u00e9put\u00e9s ont vot\u00e9 sa destitution, atteignant ainsi la majorit\u00e9 qualifi\u00e9e des deux tiers.<\/p>\n\n\n\n<p>Dans la foul\u00e9e, une unit\u00e9 militaire ralli\u00e9e \u00e0 la contestation de la \u00ab Gen Z \u00bb a d\u00e9clar\u00e9 \u00ab prendre le pouvoir \u00bb et suspendre la Constitution. La Haute Cour constitutionnelle a constat\u00e9 la \u00ab vacance \u00bb du pouvoir et invit\u00e9 le colonel Randrianirina Micha\u00ebl \u00e0 exercer les fonctions de chef de l\u2019\u00c9tat par int\u00e9rim.<\/p>\n\n\n\n<p>La pr\u00e9sidence, pour sa part, d\u00e9nonce une \u00ab tentative de coup d\u2019\u00c9tat \u00bb, assurant qu\u2019Andry Rajoelina \u00abdemeure pleinement en fonction\u00bb.<\/p>\n\n\n\n<p>Selon plusieurs sources, le chef de l\u2019\u00c9tat aurait \u00e9t\u00e9 exfiltr\u00e9 du pays lundi par un avion militaire fran\u00e7ais, accentuant encore le flou autour de cette crise politique majeure.<\/p>\n","protected":false},"excerpt":{"rendered":"<p>La tension est mont\u00e9e d\u2019un cran \u00e0 Madagascar. L\u2019arm\u00e9e a renvers\u00e9 le pr\u00e9sident Rajoelina ce mardi 14 octobre 2025 et s\u2019est empar\u00e9e \u00a0du pouvoir. En quelques heures, la crise politique s\u2019est transform\u00e9e en ce qui s\u2019apparente \u00e0 un coup d\u2019\u00c9tat militaire. Contest\u00e9 depuis plusieurs jours dans la rue et port\u00e9 disparu depuis lundi, le pr\u00e9sident [&hellip;]<\/p>\n","protected":false},"author":2,"featured_media":11021,"comment_status":"open","ping_status":"open","sticky":false,"template":"","format":"standard","meta":{"footnotes":""},"categories":[124,4],"tags":[],"class_list":{"0":"post-11020","1":"post","2":"type-post","3":"status-publish","4":"format-standard","5":"has-post-thumbnail","7":"category-la-une","8":"category-politique"},"_links":{"self":[{"href":"https:\/\/corpsdiplomaticnews.tg\/index.php\/wp-json\/wp\/v2\/posts\/11020","targetHints":{"allow":["GET"]}}],"collection":[{"href":"https:\/\/corpsdiplomaticnews.tg\/index.php\/wp-json\/wp\/v2\/posts"}],"about":[{"href":"https:\/\/corpsdiplomaticnews.tg\/index.php\/wp-json\/wp\/v2\/types\/post"}],"author":[{"embeddable":true,"href":"https:\/\/corpsdiplomaticnews.tg\/index.php\/wp-json\/wp\/v2\/users\/2"}],"replies":[{"embeddable":true,"href":"https:\/\/corpsdiplomaticnews.tg\/index.php\/wp-json\/wp\/v2\/comments?post=11020"}],"version-history":[{"count":1,"href":"https:\/\/corpsdiplomaticnews.tg\/index.php\/wp-json\/wp\/v2\/posts\/11020\/revisions"}],"predecessor-version":[{"id":11022,"href":"https:\/\/corpsdiplomaticnews.tg\/index.php\/wp-json\/wp\/v2\/posts\/11020\/revisions\/11022"}],"wp:featuredmedia":[{"embeddable":true,"href":"https:\/\/corpsdiplomaticnews.tg\/index.php\/wp-json\/wp\/v2\/media\/11021"}],"wp:attachment":[{"href":"https:\/\/corpsdiplomaticnews.tg\/index.php\/wp-json\/wp\/v2\/media?parent=11020"}],"wp:term":[{"taxonomy":"category","embeddable":true,"href":"https:\/\/corpsdiplomaticnews.tg\/index.php\/wp-json\/wp\/v2\/categories?post=11020"},{"taxonomy":"post_tag","embeddable":true,"href":"https:\/\/corpsdiplomaticnews.tg\/index.php\/wp-json\/wp\/v2\/tags?post=11020"}],"curies":[{"name":"wp","href":"https:\/\/api.w.org\/{rel}","templated":true}]}}