{"id":11013,"date":"2025-10-13T23:48:01","date_gmt":"2025-10-13T23:48:01","guid":{"rendered":"https:\/\/corpsdiplomaticnews.tg\/?p=11013"},"modified":"2025-10-13T23:48:02","modified_gmt":"2025-10-13T23:48:02","slug":"togo-faure-gnassingbe-poursuit-son-habituelle-rallonge-gouvernementale-avec-trois-nouveaux-ministres","status":"publish","type":"post","link":"https:\/\/corpsdiplomaticnews.tg\/index.php\/2025\/10\/13\/togo-faure-gnassingbe-poursuit-son-habituelle-rallonge-gouvernementale-avec-trois-nouveaux-ministres\/","title":{"rendered":"Togo: FAURE GNASSINGB\u00c9 poursuit son habituelle rallonge gouvernementale avec trois nouveaux ministres"},"content":{"rendered":"\n<p>Le Premier ministre togolais, Faure Gnassingb\u00e9, apr\u00e8s la nomination d\u2019une \u00e9quipe gouvernementale le 08 Octobre dernier, a proc\u00e9d\u00e9 six jours plus tard \u00a0\u00e0 \u00a0\u00a0un prolongement de son gouvernement.\u00a0 \u00a0En effet, trois \u00a0nouvelles nominations ont eu lieu ce lundi 13 octobre\u00a0 pour renforcer la toute premi\u00e8re \u00e9quipe gouvernementale de la 5\u00e8me R\u00e9publique. Un retour en force de l&rsquo;ancien ministre de la S\u00e9curit\u00e9, homme de confiance de Faure Gnassingb\u00e9, l&rsquo;officier sup\u00e9rieur, \u00a0le G\u00e9n\u00e9ral de Brigade Yark DAMEHAME qui \u00a0est nomm\u00e9 au poste du Ministre Directeur de cabinet du Pr\u00e9sident du Conseil.\u00a0\u00a0 Pascal Bodjona, ancien Ministre de l&rsquo;administration territoriale occupe le poste de ministre conseiller du Pr\u00e9sident du Conseil, idem pour Tengu\u00e9 Edem, ancien ministre de l&rsquo;Economie Maritime. <\/p>\n\n\n\n<figure class=\"wp-block-image size-full\"><img loading=\"lazy\" loading=\"lazy\" decoding=\"async\" width=\"860\" height=\"645\" src=\"https:\/\/corpsdiplomaticnews.tg\/wp-content\/uploads\/2025\/10\/3Ministres_Faure-860x645-1.webp\" alt=\"\" class=\"wp-image-11014\" srcset=\"https:\/\/corpsdiplomaticnews.tg\/wp-content\/uploads\/2025\/10\/3Ministres_Faure-860x645-1.webp 860w, https:\/\/corpsdiplomaticnews.tg\/wp-content\/uploads\/2025\/10\/3Ministres_Faure-860x645-1-300x225.webp 300w, https:\/\/corpsdiplomaticnews.tg\/wp-content\/uploads\/2025\/10\/3Ministres_Faure-860x645-1-768x576.webp 768w\" sizes=\"auto, (max-width: 860px) 100vw, 860px\" \/><\/figure>\n\n\n\n<p><strong>Les nouveaux \u00e9lus de Faure Gnassingb\u00e9<\/strong><\/p>\n\n\n\n<p>Ainsi de rafistolage en rafistolage, FAURE GNASSINGB\u00c9 continue de colmater les br\u00e8ches pour r\u00e9pondre \u00e0 un v\u00e9ritable gouvernement de la 5eme R\u00e9publique.<\/p>\n\n\n\n<p>L\u2019on se rappelle le cas de l\u2019ancienne Rose Kayi MIVEDOR SAMBIANI qui avait&nbsp; pris un &nbsp;train d\u00e9j\u00e0 &nbsp;en marche&nbsp; plusieurs mois&nbsp; apr\u00e8s, au d\u00e9partement de la Promotion des investissements.<\/p>\n\n\n\n<p><\/p>\n","protected":false},"excerpt":{"rendered":"<p>Le Premier ministre togolais, Faure Gnassingb\u00e9, apr\u00e8s la nomination d\u2019une \u00e9quipe gouvernementale le 08 Octobre dernier, a proc\u00e9d\u00e9 six jours plus tard \u00a0\u00e0 \u00a0\u00a0un prolongement de son gouvernement.\u00a0 \u00a0En effet, trois \u00a0nouvelles nominations ont eu lieu ce lundi 13 octobre\u00a0 pour renforcer la toute premi\u00e8re \u00e9quipe gouvernementale de la 5\u00e8me R\u00e9publique. Un retour en force [&hellip;]<\/p>\n","protected":false},"author":2,"featured_media":11014,"comment_status":"open","ping_status":"open","sticky":false,"template":"","format":"standard","meta":{"footnotes":""},"categories":[124,4],"tags":[],"class_list":{"0":"post-11013","1":"post","2":"type-post","3":"status-publish","4":"format-standard","5":"has-post-thumbnail","7":"category-la-une","8":"category-politique"},"_links":{"self":[{"href":"https:\/\/corpsdiplomaticnews.tg\/index.php\/wp-json\/wp\/v2\/posts\/11013","targetHints":{"allow":["GET"]}}],"collection":[{"href":"https:\/\/corpsdiplomaticnews.tg\/index.php\/wp-json\/wp\/v2\/posts"}],"about":[{"href":"https:\/\/corpsdiplomaticnews.tg\/index.php\/wp-json\/wp\/v2\/types\/post"}],"author":[{"embeddable":true,"href":"https:\/\/corpsdiplomaticnews.tg\/index.php\/wp-json\/wp\/v2\/users\/2"}],"replies":[{"embeddable":true,"href":"https:\/\/corpsdiplomaticnews.tg\/index.php\/wp-json\/wp\/v2\/comments?post=11013"}],"version-history":[{"count":1,"href":"https:\/\/corpsdiplomaticnews.tg\/index.php\/wp-json\/wp\/v2\/posts\/11013\/revisions"}],"predecessor-version":[{"id":11015,"href":"https:\/\/corpsdiplomaticnews.tg\/index.php\/wp-json\/wp\/v2\/posts\/11013\/revisions\/11015"}],"wp:featuredmedia":[{"embeddable":true,"href":"https:\/\/corpsdiplomaticnews.tg\/index.php\/wp-json\/wp\/v2\/media\/11014"}],"wp:attachment":[{"href":"https:\/\/corpsdiplomaticnews.tg\/index.php\/wp-json\/wp\/v2\/media?parent=11013"}],"wp:term":[{"taxonomy":"category","embeddable":true,"href":"https:\/\/corpsdiplomaticnews.tg\/index.php\/wp-json\/wp\/v2\/categories?post=11013"},{"taxonomy":"post_tag","embeddable":true,"href":"https:\/\/corpsdiplomaticnews.tg\/index.php\/wp-json\/wp\/v2\/tags?post=11013"}],"curies":[{"name":"wp","href":"https:\/\/api.w.org\/{rel}","templated":true}]}}