{"id":10974,"date":"2025-10-09T00:58:44","date_gmt":"2025-10-09T00:58:44","guid":{"rendered":"https:\/\/corpsdiplomaticnews.tg\/?p=10974"},"modified":"2025-10-09T00:58:44","modified_gmt":"2025-10-09T00:58:44","slug":"apres-cinq-mois-dattente-le-togo-a-enfin-son-premier-gouvernement-sous-la-5e-republique","status":"publish","type":"post","link":"https:\/\/corpsdiplomaticnews.tg\/index.php\/2025\/10\/09\/apres-cinq-mois-dattente-le-togo-a-enfin-son-premier-gouvernement-sous-la-5e-republique\/","title":{"rendered":"Apr\u00e8s cinq mois d\u2019attente, le  Togo  a\u00a0 \u00a0enfin son premier \u00a0gouvernement sous la 5e R\u00e9publique"},"content":{"rendered":"\n<p>Nous \u00e9tions au vendredi 02\u00a0 mai 2025,\u00a0 une journ\u00e9e d\u00e9clar\u00e9e f\u00e9ri\u00e9e \u00a0quand l\u2019ancien Premier Ministre Victoire\u00a0 Sid\u00e9m\u00e9ho\u00a0 \u00a0TOMEGAH DOGBE \u00a0remettait la d\u00e9mission de son gouvernement au Pr\u00e9sident de la R\u00e9publique d\u2019alors, Faure Gnassingb\u00e9.\u00a0 Les Togolais ont cru \u00a0qu\u2019une nouvelle \u00e9quipe gouvernement \u00a0serait\u00a0 mise en place dans les brefs d\u00e9lais. Mais nenni.\u00a0 L\u2019attente a \u00e9t\u00e9 la plus\u00a0 longue\u00a0 dans l\u2019histoire du Togo.\u00a0 Plus de \u00a0cinq\u00a0 mois sans gouvernement. Et patratra, \u00a0ce\u00a0 08 octobre 2025, le Secr\u00e9taire G\u00e9n\u00e9ral du gouvernement,\u00a0 Stanislas  BABA\u00a0\u00a0apparut \u00e0 la T\u00e9l\u00e9vision nationale au journal de 20 h \u00a0avec un d\u00e9cret de nomination des membres du gouvernement.\u00a0 \u00a0Ce d\u00e9cret \u00a0de Faure GNASSINGBE\u00a0 devenu \u00a0du Pr\u00e9sident du Conseil depuis le 03 mai 2025, \u00a0porte sur\u00a0 les portefeuilles suivantes :<\/p>\n\n\n\n<figure class=\"wp-block-image size-full\"><img loading=\"lazy\" loading=\"lazy\" decoding=\"async\" width=\"592\" height=\"296\" src=\"https:\/\/corpsdiplomaticnews.tg\/wp-content\/uploads\/2022\/10\/00FAURE.jpg\" alt=\"\" class=\"wp-image-3225\" srcset=\"https:\/\/corpsdiplomaticnews.tg\/wp-content\/uploads\/2022\/10\/00FAURE.jpg 592w, https:\/\/corpsdiplomaticnews.tg\/wp-content\/uploads\/2022\/10\/00FAURE-300x150.jpg 300w\" sizes=\"auto, (max-width: 592px) 100vw, 592px\" \/><\/figure>\n\n\n\n<p>&nbsp;1-Ministre de l\u2019Am\u00e9nagement du territoire, de l\u2019Urbanisme et de l\u2019Habitat : M. Kodjo S\u00e9von T\u00e9p\u00e9 Adedze;<\/p>\n\n\n\n<p>2-Ministre des Relations avec le Parlement et les institutions : M. Gilbert Bawara<\/p>\n\n\n\n<p>3 &#8211; Ministre des Finances et du Budget : Essow\u00e8 George Barcola;<\/p>\n\n\n\n<p>4 -Ministre de l\u2019Efficacit\u00e9 du service public et de la transformation du num\u00e9rique : Mme Cina Lawson;<\/p>\n\n\n\n<p>5 Ministre des Affaires \u00e9trang\u00e8res, de la coop\u00e9ration, de l\u2019int\u00e9gration africaine et des Togolais de l\u2019Ext\u00e9rieur : Prof Komlan Edoh Robert Dussey;<\/p>\n\n\n\n<p>6&nbsp; Ministre de l\u2019Agriculture, de la p\u00eache, des ressources animales et de la souverainet\u00e9 alimentaire : M. Antoine L\u00e9kpa Gb\u00e9gbeni;<\/p>\n\n\n\n<p>7 &#8211; Ministre de l\u2019Administration territoriale, de la gouvernance locale et de la chefferie coutumi\u00e8re : Colonel Awate Hodabalo:<\/p>\n\n\n\n<p>8 Ministre de l\u2019Environnement, des ressources foresti\u00e8res, de la protection c\u00f4ti\u00e8re et du changement climatique : Prof Komlan Dodzi Kokodoko;<\/p>\n\n\n\n<p>9&nbsp;&nbsp; Ministre de l\u2019\u00c9ducation nationale : M. Mama Omorou;<\/p>\n\n\n\n<p>10&nbsp;&nbsp; Ministre de la Communication : Mme Yawa Kouigan;<\/p>\n\n\n\n<p>11&nbsp;&nbsp; Ministre du D\u00e9veloppement \u00e0 la Base et de l\u2019\u00c9conomie sociale et solidaire : Mme Mazama-Esso Assih;<\/p>\n\n\n\n<p>12&nbsp;&nbsp; Ministre de la S\u00e9curit\u00e9 : Colonel Calixte Batossie Madjoulba;<\/p>\n\n\n\n<p>13&nbsp;&nbsp; Ministre de la Sant\u00e9, de l\u2019Hygi\u00e8ne publique, de la couverture sanitaire universelle et des assurances : M. Jean-Marie Tessi<\/p>\n\n\n\n<p>14\u00a0&#8211;\u00a0 Ministre de l\u2019\u00c9conomie et de la veille strat\u00e9gique : M. Badaname Patoki;<\/p>\n\n\n\n<p>15-\u00a0 Garde des Sceaux, Ministre de la Justice et des Droits humains : Me Pac\u00f4me Adjrouvi:<\/p>\n\n\n\n<p>16\u00a0&#8211;\u00a0 Ministre du Tourisme, de la Culture et des Arts : M. Isaac Tchiakpe;<\/p>\n\n\n\n<p>17 &#8211;\u00a0\u00a0\u00a0Ministre des Solidarit\u00e9s, du Genre, de la Famille et de la Protection de l\u2019Enfance : Mme Martine Moni Sankardja;<\/p>\n\n\n\n<p><strong><u>Les ministres d\u00e9l\u00e9gu\u00e9s&nbsp; &nbsp;<\/u><\/strong><\/p>\n\n\n\n<p>18\u00a0&#8211; Ministre d\u00e9l\u00e9gu\u00e9 aupr\u00e8s de du minist\u00e8re de l\u2019Am\u00e9nagement du territoire charg\u00e9 des travaux publics et des infrastructures : M. Sani Yaya;<\/p>\n\n\n\n<p>19\u00a0&#8211;\u00a0 Ministre d\u00e9l\u00e9gu\u00e9 aupr\u00e8s du ministre de l\u2019\u00c9conomie charg\u00e9 de la promotion des investissements, de l\u2019industrie et de la souverainet\u00e9 \u00e9conomique : Mme Manuella Modoukp\u00e8 Santos;<\/p>\n\n\n\n<p>20\u00a0&#8211;\u00a0 Ministre d\u00e9l\u00e9gu\u00e9 aupr\u00e8s du ministre de l\u2019\u00c9conomie charg\u00e9 de l\u2019\u00e9nergie et des ressources mini\u00e8res : M. Robert Koffi Messan Eklo;<\/p>\n\n\n\n<p>21\u00a0&#8211;\u00a0 Ministre d\u00e9l\u00e9gu\u00e9 aupr\u00e8s du ministre de l\u2019Am\u00e9nagement du territoire charg\u00e9 du d\u00e9veloppement local : M. Koamy\u00a0\u00a0 \u00a0Gomado:<\/p>\n\n\n\n<p>22 &#8211;\u00a0 Ministre d\u00e9l\u00e9gu\u00e9 aupr\u00e8s du ministre de la Sant\u00e9 : Prof Tchin Darre;<\/p>\n\n\n\n<p>23\u00a0&#8211; Ministre d\u00e9l\u00e9gu\u00e9 aupr\u00e8s du ministre du D\u00e9veloppement \u00e0 la Base charg\u00e9 de la jeunesse et des sports : M. Abdoul Fahd-Fofana;<\/p>\n\n\n\n<p>24\u00a0&#8211; Ministre d\u00e9l\u00e9gu\u00e9 aupr\u00e8s du ministre de l\u2019Am\u00e9nagement du territoire charg\u00e9 de l\u2019eau et de l\u2019assainissement : M. S\u00e9na Alipui;<\/p>\n\n\n\n<p>25\u00a0&#8211;\u00a0 Ministre d\u00e9l\u00e9gu\u00e9 aupr\u00e8s du ministre des Affaires \u00e9trang\u00e8res charg\u00e9 de la coop\u00e9ration et des Togolais de l\u2019Ext\u00e9rieur : M. Yakol\u00e8 Kokou Johnson;<\/p>\n\n\n\n<p>26\u00a0&#8211;\u00a0 Ministre d\u00e9l\u00e9gu\u00e9 aupr\u00e8s du ministre du Commerce et de la veille strat\u00e9gique charg\u00e9 du commerce et du contr\u00f4le de la qualit\u00e9 : M. Kossi TENOU;<\/p>\n\n\n\n<p>27\u00a0&#8211; Ministre d\u00e9l\u00e9gu\u00e9 aupr\u00e8s du ministre de l\u2019\u00c9ducation nationale\u00a0 charg\u00e9 de l\u2019enseignement sup\u00e9rieur et de la recherche scientifique: \u00a0\u00a0Prof Gado TCHANGBEDJI ;<\/p>\n\n\n\n<p>Enfin, les minist\u00e8res de la D\u00e9fense nationale, de la Fonction publique, du Travail, du Dialogue social et des Transports sont d\u00e9sormais rattach\u00e9s \u00e0 la Pr\u00e9sidence du Conseil.<\/p>\n\n\n\n<p><\/p>\n","protected":false},"excerpt":{"rendered":"<p>Nous \u00e9tions au vendredi 02\u00a0 mai 2025,\u00a0 une journ\u00e9e d\u00e9clar\u00e9e f\u00e9ri\u00e9e \u00a0quand l\u2019ancien Premier Ministre Victoire\u00a0 Sid\u00e9m\u00e9ho\u00a0 \u00a0TOMEGAH DOGBE \u00a0remettait la d\u00e9mission de son gouvernement au Pr\u00e9sident de la R\u00e9publique d\u2019alors, Faure Gnassingb\u00e9.\u00a0 Les Togolais ont cru \u00a0qu\u2019une nouvelle \u00e9quipe gouvernement \u00a0serait\u00a0 mise en place dans les brefs d\u00e9lais. Mais nenni.\u00a0 L\u2019attente a \u00e9t\u00e9 la [&hellip;]<\/p>\n","protected":false},"author":2,"featured_media":3225,"comment_status":"open","ping_status":"open","sticky":false,"template":"","format":"standard","meta":{"footnotes":""},"categories":[124,4],"tags":[],"class_list":{"0":"post-10974","1":"post","2":"type-post","3":"status-publish","4":"format-standard","5":"has-post-thumbnail","7":"category-la-une","8":"category-politique"},"_links":{"self":[{"href":"https:\/\/corpsdiplomaticnews.tg\/index.php\/wp-json\/wp\/v2\/posts\/10974","targetHints":{"allow":["GET"]}}],"collection":[{"href":"https:\/\/corpsdiplomaticnews.tg\/index.php\/wp-json\/wp\/v2\/posts"}],"about":[{"href":"https:\/\/corpsdiplomaticnews.tg\/index.php\/wp-json\/wp\/v2\/types\/post"}],"author":[{"embeddable":true,"href":"https:\/\/corpsdiplomaticnews.tg\/index.php\/wp-json\/wp\/v2\/users\/2"}],"replies":[{"embeddable":true,"href":"https:\/\/corpsdiplomaticnews.tg\/index.php\/wp-json\/wp\/v2\/comments?post=10974"}],"version-history":[{"count":1,"href":"https:\/\/corpsdiplomaticnews.tg\/index.php\/wp-json\/wp\/v2\/posts\/10974\/revisions"}],"predecessor-version":[{"id":10975,"href":"https:\/\/corpsdiplomaticnews.tg\/index.php\/wp-json\/wp\/v2\/posts\/10974\/revisions\/10975"}],"wp:featuredmedia":[{"embeddable":true,"href":"https:\/\/corpsdiplomaticnews.tg\/index.php\/wp-json\/wp\/v2\/media\/3225"}],"wp:attachment":[{"href":"https:\/\/corpsdiplomaticnews.tg\/index.php\/wp-json\/wp\/v2\/media?parent=10974"}],"wp:term":[{"taxonomy":"category","embeddable":true,"href":"https:\/\/corpsdiplomaticnews.tg\/index.php\/wp-json\/wp\/v2\/categories?post=10974"},{"taxonomy":"post_tag","embeddable":true,"href":"https:\/\/corpsdiplomaticnews.tg\/index.php\/wp-json\/wp\/v2\/tags?post=10974"}],"curies":[{"name":"wp","href":"https:\/\/api.w.org\/{rel}","templated":true}]}}