{"id":10915,"date":"2025-09-24T08:49:57","date_gmt":"2025-09-24T08:49:57","guid":{"rendered":"https:\/\/corpsdiplomaticnews.tg\/?p=10915"},"modified":"2025-09-24T08:51:50","modified_gmt":"2025-09-24T08:51:50","slug":"arrestation-de-marguerite-gnakade-le-mpdd-plaide-pour-la-preservation-de-lespace-democratique","status":"publish","type":"post","link":"https:\/\/corpsdiplomaticnews.tg\/index.php\/2025\/09\/24\/arrestation-de-marguerite-gnakade-le-mpdd-plaide-pour-la-preservation-de-lespace-democratique\/","title":{"rendered":"Arrestation de Marguerite Gnakad\u00e8\u00a0: le MPDD plaide pour la pr\u00e9servation de l\u2019espace d\u00e9mocratique"},"content":{"rendered":"\n<p>Le Mouvement patriotique pour la d\u00e9mocratie et le d\u00e9veloppement (MPDD) dans un communiqu\u00e9 rendu public le 22 septembre 2025, exprime sa profonde pr\u00e9occupation suite \u00e0 l\u2019arrestation de Marguerite Gnakad\u00e8, ancienne ministre des Arm\u00e9es du Togo.<\/p>\n\n\n\n<figure class=\"wp-block-image size-large\"><img loading=\"lazy\" loading=\"lazy\" decoding=\"async\" width=\"1024\" height=\"768\" src=\"https:\/\/corpsdiplomaticnews.tg\/wp-content\/uploads\/2025\/09\/Jonas-1024x768.jpg\" alt=\"\" class=\"wp-image-10916\" srcset=\"https:\/\/corpsdiplomaticnews.tg\/wp-content\/uploads\/2025\/09\/Jonas-1024x768.jpg 1024w, https:\/\/corpsdiplomaticnews.tg\/wp-content\/uploads\/2025\/09\/Jonas-300x225.jpg 300w, https:\/\/corpsdiplomaticnews.tg\/wp-content\/uploads\/2025\/09\/Jonas-768x576.jpg 768w, https:\/\/corpsdiplomaticnews.tg\/wp-content\/uploads\/2025\/09\/Jonas-860x645.jpg 860w, https:\/\/corpsdiplomaticnews.tg\/wp-content\/uploads\/2025\/09\/Jonas.jpg 1280w\" sizes=\"auto, (max-width: 1024px) 100vw, 1024px\" \/><\/figure>\n\n\n\n<p>Pour le MPDD, cette arrestation intervient dans un contexte politique particuli\u00e8rement tendu, o\u00f9 Marguerite Gnakad\u00e8 s\u2019\u00e9tait progressivement distanci\u00e9e du r\u00e9gime en place apr\u00e8s avoir occup\u00e9 la fonction de ministre des Arm\u00e9es entre 2020 et 2022.<\/p>\n\n\n\n<p>\u00ab&nbsp;Nos concitoyens se souviennent de ses d\u00e9clarations publiques exprimant sa rupture politique avec les orientations actuelles du pouvoir. Il nous revient \u00e9galement que Mme GNAKADE avait manifest\u00e9, d\u00e8s le second semestre 2023, son intention de cr\u00e9er un parti politique, projet qui s\u2019est heurt\u00e9 \u00e0 des obstacles administratifs largement document\u00e9s par les m\u00e9dias&nbsp;\u00bb, indique le MPDD.<\/p>\n\n\n\n<p>Selon les informations officielles communiqu\u00e9es par le Procureur de la R\u00e9publique, Marguerite Gnakad\u00e8 est poursuivie pour incitation \u00e0 la r\u00e9volte contre l\u2019autorit\u00e9 de l\u2019\u00c9tat, publication de fausses nouvelles de nature \u00e0 \u00e9branler la discipline et le moral des Arm\u00e9es, troubles aggrav\u00e9s \u00e0 l\u2019ordre public et entrave au bon fonctionnement de la justice.<\/p>\n\n\n\n<figure class=\"wp-block-image size-full\"><img loading=\"lazy\" loading=\"lazy\" decoding=\"async\" width=\"245\" height=\"206\" src=\"https:\/\/corpsdiplomaticnews.tg\/wp-content\/uploads\/2025\/09\/Marguerite.jpeg\" alt=\"\" class=\"wp-image-10917\"\/><\/figure>\n\n\n\n<p>Le parti de Jonas Komlan Siliadin rappelle que l\u2019expression politique, m\u00eame critique, constitue un droit fondamental dans toute d\u00e9mocratie moderne. \u00ab&nbsp;Cette arrestation, ainsi que celles r\u00e9cemment op\u00e9r\u00e9es \u00e0 l\u2019encontre de plusieurs autres citoyens, portent les marques d\u2019une restriction pr\u00e9occupante de l\u2019espace d\u00e9mocratique et sont de nature \u00e0 exacerber les tensions socio-politiques qui pr\u00e9valent depuis les manifestations de juin et juillet 2025&nbsp;\u00bb, pr\u00e9vient le MPDD.<\/p>\n\n\n\n<p>Le parti en appelle solennellement aux autorit\u00e9s judiciaires pour qu\u2019elles garantissent notamment&nbsp;:<\/p>\n\n\n\n<p>-Le strict respect du principe de pr\u00e9somption d\u2019innocence consacr\u00e9 par notre Constitution ;<\/p>\n\n\n\n<p>-La protection de l\u2019int\u00e9grit\u00e9 physique et morale de Mme GNAKADE et de tous les mis en cause\u202f;<\/p>\n\n\n\n<p>-L\u2019application rigoureuse des dispositions du Code de proc\u00e9dure p\u00e9nale en vigueur ;<\/p>\n\n\n\n<p>-L\u2019examen attentif de tout vice de proc\u00e9dure susceptible d\u2019entacher cette affaire.<\/p>\n\n\n\n<p>Le Mouvement patriotique pour la d\u00e9mocratie et le d\u00e9veloppement r\u00e9affirme, au-del\u00e0 de ce cas pr\u00e9cis, son engagement ind\u00e9fectible en faveur du dialogue national et de la qu\u00eate de compromis r\u00e9publicains.<\/p>\n\n\n\n<p>\u00ab&nbsp;Face \u00e0 la mont\u00e9e des tensions qui traversent actuellement le pays, il devient n\u00e9cessaire que les plus hautes autorit\u00e9s posent des actes forts et symboliques d\u2019apaisement. Parmi ceux-ci, la<br>lib\u00e9ration des d\u00e9tenus politiques et l\u2019octroi d\u2019une gr\u00e2ce aux personnes condamn\u00e9es dans le cadre des affaires dites d\u2019atteinte \u00e0 la s\u00fbret\u00e9 de l\u2019\u00c9tat, apparaissent comme des gestes de r\u00e9conciliation nationale&nbsp;\u00bb, plaide Jonas Komlan Siliadin.<\/p>\n\n\n\n<p>Le MPDD reste profond\u00e9ment convaincu qu\u2019une opposition constructive et un gouvernement ouvert au dialogue peuvent, ensemble, servir l\u2019int\u00e9r\u00eat sup\u00e9rieur de la nation togolaise. \u00ab&nbsp;C\u2019est dans cet esprit que nous plaidons pour la pr\u00e9servation de l\u2019espace d\u00e9mocratique et le respect des libert\u00e9s fondamentales, socles d\u2019une soci\u00e9t\u00e9 togolaise prosp\u00e8re, unie dans sa diversit\u00e9 et tourn\u00e9e vers l\u2019avenir&nbsp;\u00bb, a conclu le parti.<\/p>\n\n\n\n<p><strong>Eyram AKAKPO<\/strong><\/p>\n","protected":false},"excerpt":{"rendered":"<p>Le Mouvement patriotique pour la d\u00e9mocratie et le d\u00e9veloppement (MPDD) dans un communiqu\u00e9 rendu public le 22 septembre 2025, exprime sa profonde pr\u00e9occupation suite \u00e0 l\u2019arrestation de Marguerite Gnakad\u00e8, ancienne ministre des Arm\u00e9es du Togo. Pour le MPDD, cette arrestation intervient dans un contexte politique particuli\u00e8rement tendu, o\u00f9 Marguerite Gnakad\u00e8 s\u2019\u00e9tait progressivement distanci\u00e9e du r\u00e9gime [&hellip;]<\/p>\n","protected":false},"author":2,"featured_media":10916,"comment_status":"open","ping_status":"open","sticky":false,"template":"","format":"standard","meta":{"footnotes":""},"categories":[4],"tags":[],"class_list":{"0":"post-10915","1":"post","2":"type-post","3":"status-publish","4":"format-standard","5":"has-post-thumbnail","7":"category-politique"},"_links":{"self":[{"href":"https:\/\/corpsdiplomaticnews.tg\/index.php\/wp-json\/wp\/v2\/posts\/10915","targetHints":{"allow":["GET"]}}],"collection":[{"href":"https:\/\/corpsdiplomaticnews.tg\/index.php\/wp-json\/wp\/v2\/posts"}],"about":[{"href":"https:\/\/corpsdiplomaticnews.tg\/index.php\/wp-json\/wp\/v2\/types\/post"}],"author":[{"embeddable":true,"href":"https:\/\/corpsdiplomaticnews.tg\/index.php\/wp-json\/wp\/v2\/users\/2"}],"replies":[{"embeddable":true,"href":"https:\/\/corpsdiplomaticnews.tg\/index.php\/wp-json\/wp\/v2\/comments?post=10915"}],"version-history":[{"count":2,"href":"https:\/\/corpsdiplomaticnews.tg\/index.php\/wp-json\/wp\/v2\/posts\/10915\/revisions"}],"predecessor-version":[{"id":10919,"href":"https:\/\/corpsdiplomaticnews.tg\/index.php\/wp-json\/wp\/v2\/posts\/10915\/revisions\/10919"}],"wp:featuredmedia":[{"embeddable":true,"href":"https:\/\/corpsdiplomaticnews.tg\/index.php\/wp-json\/wp\/v2\/media\/10916"}],"wp:attachment":[{"href":"https:\/\/corpsdiplomaticnews.tg\/index.php\/wp-json\/wp\/v2\/media?parent=10915"}],"wp:term":[{"taxonomy":"category","embeddable":true,"href":"https:\/\/corpsdiplomaticnews.tg\/index.php\/wp-json\/wp\/v2\/categories?post=10915"},{"taxonomy":"post_tag","embeddable":true,"href":"https:\/\/corpsdiplomaticnews.tg\/index.php\/wp-json\/wp\/v2\/tags?post=10915"}],"curies":[{"name":"wp","href":"https:\/\/api.w.org\/{rel}","templated":true}]}}