{"id":10911,"date":"2025-09-23T12:30:42","date_gmt":"2025-09-23T12:30:42","guid":{"rendered":"https:\/\/corpsdiplomaticnews.tg\/?p=10911"},"modified":"2025-09-23T13:08:30","modified_gmt":"2025-09-23T13:08:30","slug":"les-pays-de-laes-claquent-la-porte-a-la-cpi","status":"publish","type":"post","link":"https:\/\/corpsdiplomaticnews.tg\/index.php\/2025\/09\/23\/les-pays-de-laes-claquent-la-porte-a-la-cpi\/","title":{"rendered":"Les pays \u00a0de l&rsquo;AES claquent  simultan\u00e9ment la porte\u00a0 \u00e0 la CPI"},"content":{"rendered":"\n<p>Les juntes au pouvoir au Mali, au Burkina Faso et au Niger ont annonc\u00e9 mardi leur retrait de la Cour p\u00e9nale internationale (CPI), qu\u2019elles qualifient de \u00ab instrument de r\u00e9pression n\u00e9ocoloniale \u00bb.<\/p>\n\n\n\n<p>Cette d\u00e9cision, officialis\u00e9e dans un communiqu\u00e9 conjoint, s\u2019inscrit dans une dynamique de rupture diplomatique men\u00e9e par ces trois \u00c9tats sah\u00e9liens, d\u00e9j\u00e0 sortis de la CEDEAO pour fonder l\u2019Alliance des \u00c9tats du Sahel (AES) et engag\u00e9s dans un rapprochement strat\u00e9gique avec la Russie au d\u00e9triment de leurs partenariats traditionnels avec l\u2019Occident. <\/p>\n\n\n\n<figure class=\"wp-block-image size-large\"><img loading=\"lazy\" loading=\"lazy\" decoding=\"async\" width=\"1024\" height=\"576\" src=\"https:\/\/corpsdiplomaticnews.tg\/wp-content\/uploads\/2025\/09\/CPI-1024x576.jpg\" alt=\"\" class=\"wp-image-10912\" srcset=\"https:\/\/corpsdiplomaticnews.tg\/wp-content\/uploads\/2025\/09\/CPI-1024x576.jpg 1024w, https:\/\/corpsdiplomaticnews.tg\/wp-content\/uploads\/2025\/09\/CPI-300x169.jpg 300w, https:\/\/corpsdiplomaticnews.tg\/wp-content\/uploads\/2025\/09\/CPI-768x432.jpg 768w, https:\/\/corpsdiplomaticnews.tg\/wp-content\/uploads\/2025\/09\/CPI-1536x864.jpg 1536w, https:\/\/corpsdiplomaticnews.tg\/wp-content\/uploads\/2025\/09\/CPI-860x484.jpg 860w, https:\/\/corpsdiplomaticnews.tg\/wp-content\/uploads\/2025\/09\/CPI.jpg 1920w\" sizes=\"auto, (max-width: 1024px) 100vw, 1024px\" \/><\/figure>\n\n\n\n<p>Mali, Burkina Faso et Niger \u00e9taient membres de la CPI depuis plus de deux d\u00e9cennies. Mais, selon eux, l\u2019institution bas\u00e9e \u00e0 La Haye s\u2019est r\u00e9v\u00e9l\u00e9e incapable de remplir sa mission : juger les crimes de guerre, crimes contre l\u2019humanit\u00e9, crimes d\u2019agression et g\u00e9nocides.<\/p>\n\n\n\n<p>Sans citer de cas pr\u00e9cis, les autorit\u00e9s militaires d\u00e9noncent une justice internationale s\u00e9lective, trop influenc\u00e9e par les anciennes puissances coloniales.<\/p>\n\n\n\n<p>Les trois pays sont en guerre contre des groupes jihadistes qui contr\u00f4lent certaines &nbsp;zones rurales et multiplient les attaques contre les arm\u00e9es nationales. Les op\u00e9rations militaires, parfois men\u00e9es avec des partenaires \u00e9trangers, sont elles-m\u00eames au c\u0153ur de graves accusations.<\/p>\n\n\n\n<p>La CPI avait ouvert en 2013 une enqu\u00eate sur les crimes pr\u00e9sum\u00e9s commis au Mali, \u00e0 la suite d\u2019un renvoi par le gouvernement malien de l\u2019\u00e9poque. L\u2019investigation concernait particuli\u00e8rement les r\u00e9gions du nord (Gao, Tombouctou, Kidal) tomb\u00e9es sous contr\u00f4le djihadiste. La m\u00eame ann\u00e9e, la France avait lanc\u00e9 une intervention militaire pour repousser les insurg\u00e9s.<\/p>\n","protected":false},"excerpt":{"rendered":"<p>Les juntes au pouvoir au Mali, au Burkina Faso et au Niger ont annonc\u00e9 mardi leur retrait de la Cour p\u00e9nale internationale (CPI), qu\u2019elles qualifient de \u00ab instrument de r\u00e9pression n\u00e9ocoloniale \u00bb. Cette d\u00e9cision, officialis\u00e9e dans un communiqu\u00e9 conjoint, s\u2019inscrit dans une dynamique de rupture diplomatique men\u00e9e par ces trois \u00c9tats sah\u00e9liens, d\u00e9j\u00e0 sortis de [&hellip;]<\/p>\n","protected":false},"author":2,"featured_media":10912,"comment_status":"open","ping_status":"open","sticky":false,"template":"","format":"standard","meta":{"footnotes":""},"categories":[9,124],"tags":[],"class_list":{"0":"post-10911","1":"post","2":"type-post","3":"status-publish","4":"format-standard","5":"has-post-thumbnail","7":"category-azimuts","8":"category-la-une"},"_links":{"self":[{"href":"https:\/\/corpsdiplomaticnews.tg\/index.php\/wp-json\/wp\/v2\/posts\/10911","targetHints":{"allow":["GET"]}}],"collection":[{"href":"https:\/\/corpsdiplomaticnews.tg\/index.php\/wp-json\/wp\/v2\/posts"}],"about":[{"href":"https:\/\/corpsdiplomaticnews.tg\/index.php\/wp-json\/wp\/v2\/types\/post"}],"author":[{"embeddable":true,"href":"https:\/\/corpsdiplomaticnews.tg\/index.php\/wp-json\/wp\/v2\/users\/2"}],"replies":[{"embeddable":true,"href":"https:\/\/corpsdiplomaticnews.tg\/index.php\/wp-json\/wp\/v2\/comments?post=10911"}],"version-history":[{"count":2,"href":"https:\/\/corpsdiplomaticnews.tg\/index.php\/wp-json\/wp\/v2\/posts\/10911\/revisions"}],"predecessor-version":[{"id":10914,"href":"https:\/\/corpsdiplomaticnews.tg\/index.php\/wp-json\/wp\/v2\/posts\/10911\/revisions\/10914"}],"wp:featuredmedia":[{"embeddable":true,"href":"https:\/\/corpsdiplomaticnews.tg\/index.php\/wp-json\/wp\/v2\/media\/10912"}],"wp:attachment":[{"href":"https:\/\/corpsdiplomaticnews.tg\/index.php\/wp-json\/wp\/v2\/media?parent=10911"}],"wp:term":[{"taxonomy":"category","embeddable":true,"href":"https:\/\/corpsdiplomaticnews.tg\/index.php\/wp-json\/wp\/v2\/categories?post=10911"},{"taxonomy":"post_tag","embeddable":true,"href":"https:\/\/corpsdiplomaticnews.tg\/index.php\/wp-json\/wp\/v2\/tags?post=10911"}],"curies":[{"name":"wp","href":"https:\/\/api.w.org\/{rel}","templated":true}]}}