{"id":10728,"date":"2025-09-03T18:14:04","date_gmt":"2025-09-03T18:14:04","guid":{"rendered":"https:\/\/corpsdiplomaticnews.tg\/?p=10728"},"modified":"2025-09-03T18:14:05","modified_gmt":"2025-09-03T18:14:05","slug":"lomct-plaide-pour-la-liberation-dabdoul-aziz-goma","status":"publish","type":"post","link":"https:\/\/corpsdiplomaticnews.tg\/index.php\/2025\/09\/03\/lomct-plaide-pour-la-liberation-dabdoul-aziz-goma\/","title":{"rendered":"L\u2019OMCT Plaide pour la lib\u00e9ration d\u2019Abdoul Aziz Goma"},"content":{"rendered":"\n<p>L\u2019Organisation mondiale contre la torture<strong> <\/strong>(OMCT), dans une d\u00e9claration en date du 2 septembre 2025, se dit pr\u00e9occup\u00e9e par la situation d\u2019Abdoul Aziz Goma, arr\u00eat\u00e9 depuis le 21 d\u00e9cembre 2018 \u00e0 Lom\u00e9.<\/p>\n\n\n\n<p>Ce citoyen irlando-togolais, d\u00e9tenu depuis bient\u00f4t sept ans, a entam\u00e9 en d\u00e9but de semaine derni\u00e8re une gr\u00e8ve de la faim pour d\u00e9noncer ses conditions de d\u00e9tention et r\u00e9clamer justice. Apr\u00e8s une semaine de son acte de contestation, il a \u00e9t\u00e9 admis aux urgences apr\u00e8s une d\u00e9gradation rapide de son \u00e9tat de sant\u00e9.<\/p>\n\n\n\n<p>&nbsp;\u00ab <em>J\u2019ai rendu visite \u00e0 Aziz \u00e0 la prison civile de Lom\u00e9. Son corps porte les stigmates de la torture et son esprit le poids de l\u2019injustice<\/em> \u00bb, a d\u00e9clar\u00e9 Isidore Ngueuleu, responsable du bureau Afrique de l\u2019OMCT.<\/p>\n\n\n\n<p>&nbsp;\u00ab <em>Il a surv\u00e9cu \u00e0 des s\u00e9vices indicibles, et pourtant ses appels \u00e0 la justice restent sans r\u00e9ponse. Les autorit\u00e9s doivent comprendre que la gr\u00e8ve de la faim d\u2019Aziz n\u2019est pas un acte de d\u00e9fi, mais un cri d\u00e9sesp\u00e9r\u00e9 de dignit\u00e9<\/em> \u00bb, a-t-il ajout\u00e9.<\/p>\n\n\n\n<p>L\u2019organisation rapporte qu\u2019avant m\u00eame de commencer sa gr\u00e8ve de la faim, l\u2019\u00e9tat de sant\u00e9 du d\u00e9tenu \u00e9tait d\u00e9j\u00e0 extr\u00eamement pr\u00e9occupant. Son m\u00e9decin avait \u00e0 plusieurs reprises averti qu\u2019il ne pouvait pas rester en d\u00e9tention, soulignant que les autorit\u00e9s p\u00e9nitentiaires n\u2019ont pas la capacit\u00e9 de le soigner correctement.<\/p>\n\n\n\n<figure class=\"wp-block-image size-full\"><img loading=\"lazy\" loading=\"lazy\" decoding=\"async\" width=\"284\" height=\"178\" src=\"https:\/\/corpsdiplomaticnews.tg\/wp-content\/uploads\/2025\/09\/AZIZ-GOMA.jpg\" alt=\"\" class=\"wp-image-10729\"\/><\/figure>\n\n\n\n<p>\u00ab <em>Nous sommes extr\u00eamement inquiets que cette gr\u00e8ve de la faim puisse lui causer des dommages irr\u00e9versibles en l\u2019absence d\u2019une action <\/em><em>imm\u00e9diate <\/em>\u00bb, a laiss\u00e9 entendre Ngueuleu.<\/p>\n\n\n\n<p>Selon l\u2019Organisation mondiale contre la torture, Aziz a \u00e9t\u00e9 arr\u00eat\u00e9 en 2018 \u2018\u2019simplement pour avoir soutenu de jeunes manifestants pacifiques r\u00e9clamant des r\u00e9formes d\u00e9mocratiques au Togo. \u00c0 la demande d\u2019un ami, il avait h\u00e9berg\u00e9 temporairement des protestataires venus de zones rurales \u00e0 Lom\u00e9. Pour ce geste de solidarit\u00e9, il a \u00e9t\u00e9 accus\u00e9 de crimes contre la s\u00fbret\u00e9 de l\u2019\u00c9tat et emprisonn\u00e9\u2019\u2019.<\/p>\n\n\n\n<p>\u00ab <em>D\u00e9fendre les droits humains ne saurait jamais \u00eatre assimil\u00e9 \u00e0 une insurrection.<\/em> <em>La d\u00e9tention d\u2019Aziz envoie un message gla\u00e7ant \u00e0 tous ceux qui osent se tenir aux c\u00f4t\u00e9s de citoyens r\u00e9clamant pacifiquement le changement <\/em>\u00bb, a soulign\u00e9 Ngueuleu.<\/p>\n\n\n\n<p>A en croire l\u2019OMCT, la prison civile de Lom\u00e9 fonctionne \u00e0 plus de quatre fois sa capacit\u00e9 d\u2019accueil officielle. Con\u00e7ue pour environ 666 personnes d\u00e9tenues, elle en accueille 2699, \u00e0 la date du 25 ao\u00fbt 2025, avec un taux d\u2019occupation de 405,25%. Le Comit\u00e9 contre la torture de l\u2019ONU avait d\u00e9j\u00e0 recommand\u00e9 aux autorit\u00e9s togolaises en 2019 la fermeture imm\u00e9diate de cette prison, consid\u00e9rant que ses conditions de d\u00e9tention \u00e9quivalent clairement \u00e0 de la torture.<\/p>\n\n\n\n<p>&nbsp;\u00ab <em>Ces conditions ne sont pas seulement cruelles, elles constituent une atteinte directe \u00e0 la dignit\u00e9 humaine et \u00e0 la vie elle-m\u00eame, illustr\u00e9e par les nombreux d\u00e9c\u00e8s en d\u00e9tention<\/em> \u00bb, d\u00e9plore Ngueuleu.<\/p>\n\n\n\n<p><strong>\u00ab&nbsp;<\/strong>En juillet 2025, une d\u00e9l\u00e9gation de l\u2019OMCT a rencontr\u00e9 les autorit\u00e9s togolaises \u00e0 Lom\u00e9. Les discussions se sont tenues dans un esprit d\u2019ouverture et d\u2019empathie, et les responsables ont reconnu l\u2019urgence de r\u00e9former le syst\u00e8me carc\u00e9ral et la situation de d\u00e9tenus comme Aziz. Nous avons m\u00eame saisi le Pr\u00e9sident du conseil son excellence Faure Essozimna GNASSINGB\u00c9, d\u2019une demande de gr\u00e2ce pr\u00e9sidentielle, \u00e0 laquelle aucune r\u00e9ponse n\u2019a encore \u00e9t\u00e9 donn\u00e9e&nbsp;\u00bb, souligne l\u2019organisation.<\/p>\n\n\n\n<p>Elle rappelle par ailleurs qu\u2019en lib\u00e9rant Abdoul Aziz Goma et les autres d\u00e9tenus en lien avec la situation socio-politique, les autorit\u00e9s feraient un pas d\u00e9cisif vers la justice, la r\u00e9conciliation et le respect des droits humains au Togo.<\/p>\n\n\n\n<p><\/p>\n","protected":false},"excerpt":{"rendered":"<p>L\u2019Organisation mondiale contre la torture (OMCT), dans une d\u00e9claration en date du 2 septembre 2025, se dit pr\u00e9occup\u00e9e par la situation d\u2019Abdoul Aziz Goma, arr\u00eat\u00e9 depuis le 21 d\u00e9cembre 2018 \u00e0 Lom\u00e9. Ce citoyen irlando-togolais, d\u00e9tenu depuis bient\u00f4t sept ans, a entam\u00e9 en d\u00e9but de semaine derni\u00e8re une gr\u00e8ve de la faim pour d\u00e9noncer ses [&hellip;]<\/p>\n","protected":false},"author":2,"featured_media":10730,"comment_status":"open","ping_status":"open","sticky":false,"template":"","format":"standard","meta":{"footnotes":""},"categories":[4],"tags":[],"class_list":{"0":"post-10728","1":"post","2":"type-post","3":"status-publish","4":"format-standard","5":"has-post-thumbnail","7":"category-politique"},"_links":{"self":[{"href":"https:\/\/corpsdiplomaticnews.tg\/index.php\/wp-json\/wp\/v2\/posts\/10728","targetHints":{"allow":["GET"]}}],"collection":[{"href":"https:\/\/corpsdiplomaticnews.tg\/index.php\/wp-json\/wp\/v2\/posts"}],"about":[{"href":"https:\/\/corpsdiplomaticnews.tg\/index.php\/wp-json\/wp\/v2\/types\/post"}],"author":[{"embeddable":true,"href":"https:\/\/corpsdiplomaticnews.tg\/index.php\/wp-json\/wp\/v2\/users\/2"}],"replies":[{"embeddable":true,"href":"https:\/\/corpsdiplomaticnews.tg\/index.php\/wp-json\/wp\/v2\/comments?post=10728"}],"version-history":[{"count":1,"href":"https:\/\/corpsdiplomaticnews.tg\/index.php\/wp-json\/wp\/v2\/posts\/10728\/revisions"}],"predecessor-version":[{"id":10731,"href":"https:\/\/corpsdiplomaticnews.tg\/index.php\/wp-json\/wp\/v2\/posts\/10728\/revisions\/10731"}],"wp:featuredmedia":[{"embeddable":true,"href":"https:\/\/corpsdiplomaticnews.tg\/index.php\/wp-json\/wp\/v2\/media\/10730"}],"wp:attachment":[{"href":"https:\/\/corpsdiplomaticnews.tg\/index.php\/wp-json\/wp\/v2\/media?parent=10728"}],"wp:term":[{"taxonomy":"category","embeddable":true,"href":"https:\/\/corpsdiplomaticnews.tg\/index.php\/wp-json\/wp\/v2\/categories?post=10728"},{"taxonomy":"post_tag","embeddable":true,"href":"https:\/\/corpsdiplomaticnews.tg\/index.php\/wp-json\/wp\/v2\/tags?post=10728"}],"curies":[{"name":"wp","href":"https:\/\/api.w.org\/{rel}","templated":true}]}}