{"id":10692,"date":"2025-08-28T17:49:28","date_gmt":"2025-08-28T17:49:28","guid":{"rendered":"https:\/\/corpsdiplomaticnews.tg\/?p=10692"},"modified":"2025-08-28T17:49:29","modified_gmt":"2025-08-28T17:49:29","slug":"presidentielle-2025-en-cote-divoire-alassane-ouattara-depose-sa-candidature-a-la-cei","status":"publish","type":"post","link":"https:\/\/corpsdiplomaticnews.tg\/index.php\/2025\/08\/28\/presidentielle-2025-en-cote-divoire-alassane-ouattara-depose-sa-candidature-a-la-cei\/","title":{"rendered":"Pr\u00e9sidentielle 2025 en C\u00f4te d\u2019Ivoire: Alassane Ouattara d\u00e9pose sa candidature \u00e0 la CEI"},"content":{"rendered":"\n<p>Entour\u00e9 d&rsquo;une foule enthousiaste compos\u00e9e de militants et sympathisants du Rassemblement des Houphou\u00ebtistes pour la D\u00e9mocratie et la Paix (RHDP), le chef de l&rsquo;\u00c9tat ivoirien, Alassane Ouattara &nbsp;a exprim\u00e9 sa gratitude envers ses compatriotes pour leur mobilisation. \u00ab Je l&rsquo;ai fait en r\u00e9ponse \u00e0 l&rsquo;appel de mon Parti et \u00e0 celui de nombreux Ivoiriens qui souhaitent que nous poursuivions ensemble le chemin de paix, de stabilit\u00e9 et de d\u00e9veloppement que notre pays conna\u00eet depuis plusieurs ann\u00e9es \u00bb, a-t-il d\u00e9clar\u00e9.<\/p>\n\n\n\n<figure class=\"wp-block-image size-full\"><img loading=\"lazy\" loading=\"lazy\" decoding=\"async\" width=\"534\" height=\"274\" src=\"https:\/\/corpsdiplomaticnews.tg\/wp-content\/uploads\/2025\/08\/CCC.png\" alt=\"\" class=\"wp-image-10693\" srcset=\"https:\/\/corpsdiplomaticnews.tg\/wp-content\/uploads\/2025\/08\/CCC.png 534w, https:\/\/corpsdiplomaticnews.tg\/wp-content\/uploads\/2025\/08\/CCC-300x154.png 300w\" sizes=\"auto, (max-width: 534px) 100vw, 534px\" \/><\/figure>\n\n\n\n<p>Au-del\u00e0 de la symbolique politique, le pr\u00e9sident sortant a rappel\u00e9 l&rsquo;importance du respect des institutions. \u00ab Le geste que je viens de poser est \u00e9galement un rappel \u00e0 tous que nous devons nous soumettre avec humilit\u00e9 et respect aux institutions de la R\u00e9publique \u00bb, a-t-il insist\u00e9.<\/p>\n\n\n\n<p>Alassane Ouattara a \u00e9galement lanc\u00e9 un appel \u00e0 l&rsquo;apaisement et \u00e0 la retenue durant la campagne \u00e9lectorale. \u00ab Pr\u00e9servons la paix, restons courtois dans le d\u00e9bat, et rappelons-nous que la C\u00f4te d&rsquo;Ivoire est au-dessus de chacun de nous\u00bb, &nbsp;a-t-il exhort\u00e9, invitant ses concitoyens \u00e0 privil\u00e9gier l&rsquo;unit\u00e9 nationale.<\/p>\n\n\n\n<p>Depuis 2011, Alassane Ouattara incarne, la stabilit\u00e9 politique et les succ\u00e8s \u00e9conomiques de la C\u00f4te d&rsquo;Ivoire. Sa candidature pour un nouveau mandat, soutenue par le RHDP, s&rsquo;inscrit dans la volont\u00e9 de \u00ab poursuivre l&rsquo;\u0153uvre entam\u00e9e \u00bb et de consolider les acquis du pays.<\/p>\n\n\n\n<p>En ce jour de ferveur, la sc\u00e8ne politique ivoirienne se pr\u00e9pare d\u00e9sormais \u00e0 une comp\u00e9tition \u00e9lectorale o\u00f9 les enjeux d\u00e9passent les ambitions personnelles, pour toucher au c\u0153ur m\u00eame de l&rsquo;avenir&nbsp;du pays.<\/p>\n","protected":false},"excerpt":{"rendered":"<p>Entour\u00e9 d&rsquo;une foule enthousiaste compos\u00e9e de militants et sympathisants du Rassemblement des Houphou\u00ebtistes pour la D\u00e9mocratie et la Paix (RHDP), le chef de l&rsquo;\u00c9tat ivoirien, Alassane Ouattara &nbsp;a exprim\u00e9 sa gratitude envers ses compatriotes pour leur mobilisation. \u00ab Je l&rsquo;ai fait en r\u00e9ponse \u00e0 l&rsquo;appel de mon Parti et \u00e0 celui de nombreux Ivoiriens qui [&hellip;]<\/p>\n","protected":false},"author":2,"featured_media":10693,"comment_status":"open","ping_status":"open","sticky":false,"template":"","format":"standard","meta":{"footnotes":""},"categories":[124,4],"tags":[],"class_list":{"0":"post-10692","1":"post","2":"type-post","3":"status-publish","4":"format-standard","5":"has-post-thumbnail","7":"category-la-une","8":"category-politique"},"_links":{"self":[{"href":"https:\/\/corpsdiplomaticnews.tg\/index.php\/wp-json\/wp\/v2\/posts\/10692","targetHints":{"allow":["GET"]}}],"collection":[{"href":"https:\/\/corpsdiplomaticnews.tg\/index.php\/wp-json\/wp\/v2\/posts"}],"about":[{"href":"https:\/\/corpsdiplomaticnews.tg\/index.php\/wp-json\/wp\/v2\/types\/post"}],"author":[{"embeddable":true,"href":"https:\/\/corpsdiplomaticnews.tg\/index.php\/wp-json\/wp\/v2\/users\/2"}],"replies":[{"embeddable":true,"href":"https:\/\/corpsdiplomaticnews.tg\/index.php\/wp-json\/wp\/v2\/comments?post=10692"}],"version-history":[{"count":1,"href":"https:\/\/corpsdiplomaticnews.tg\/index.php\/wp-json\/wp\/v2\/posts\/10692\/revisions"}],"predecessor-version":[{"id":10694,"href":"https:\/\/corpsdiplomaticnews.tg\/index.php\/wp-json\/wp\/v2\/posts\/10692\/revisions\/10694"}],"wp:featuredmedia":[{"embeddable":true,"href":"https:\/\/corpsdiplomaticnews.tg\/index.php\/wp-json\/wp\/v2\/media\/10693"}],"wp:attachment":[{"href":"https:\/\/corpsdiplomaticnews.tg\/index.php\/wp-json\/wp\/v2\/media?parent=10692"}],"wp:term":[{"taxonomy":"category","embeddable":true,"href":"https:\/\/corpsdiplomaticnews.tg\/index.php\/wp-json\/wp\/v2\/categories?post=10692"},{"taxonomy":"post_tag","embeddable":true,"href":"https:\/\/corpsdiplomaticnews.tg\/index.php\/wp-json\/wp\/v2\/tags?post=10692"}],"curies":[{"name":"wp","href":"https:\/\/api.w.org\/{rel}","templated":true}]}}