{"id":10688,"date":"2025-08-26T13:46:54","date_gmt":"2025-08-26T13:46:54","guid":{"rendered":"https:\/\/corpsdiplomaticnews.tg\/?p=10688"},"modified":"2025-08-26T13:46:55","modified_gmt":"2025-08-26T13:46:55","slug":"couverture-maladie-universelle-a-zero-cotisation-en-cote-divoire","status":"publish","type":"post","link":"https:\/\/corpsdiplomaticnews.tg\/index.php\/2025\/08\/26\/couverture-maladie-universelle-a-zero-cotisation-en-cote-divoire\/","title":{"rendered":"Couverture Maladie Universelle \u00e0 \u00a0z\u00e9ro cotisation en C\u00f4te d\u2019Ivoire"},"content":{"rendered":"\n<h3 class=\"wp-block-heading\"> <strong>\u00a0<\/strong>La R\u00e9publique ivoirienne amorce un \u00a0pas d\u00e9cisif\u00a0 vers la sant\u00e9 pour tous en 2025. Ainsidans les centres urbains, les soins sont couverts \u00e0 70 %, tandis que dans les zones rurales, la couverture est totale, atteignant 100 %.\u00a0<\/h3>\n\n\n\n<p><\/p>\n\n\n\n<figure class=\"wp-block-image size-full\"><img loading=\"lazy\" loading=\"lazy\" decoding=\"async\" width=\"312\" height=\"312\" src=\"https:\/\/corpsdiplomaticnews.tg\/wp-content\/uploads\/2025\/07\/OUATTARA.webp\" alt=\"\" class=\"wp-image-10533\" srcset=\"https:\/\/corpsdiplomaticnews.tg\/wp-content\/uploads\/2025\/07\/OUATTARA.webp 312w, https:\/\/corpsdiplomaticnews.tg\/wp-content\/uploads\/2025\/07\/OUATTARA-300x300.webp 300w, https:\/\/corpsdiplomaticnews.tg\/wp-content\/uploads\/2025\/07\/OUATTARA-150x150.webp 150w\" sizes=\"auto, (max-width: 312px) 100vw, 312px\" \/><\/figure>\n\n\n\n<p>Dans le but de garantir l&rsquo;acc\u00e8s aux soins de sant\u00e9 pour tous en C\u00f4te d&rsquo;Ivoire, le gouvernement a franchi une nouvelle \u00e9tape vers la sant\u00e9 universelle avec la mise en \u0153uvre de la Couverture Maladie Universelle (CMU). Gr\u00e2ce \u00e0 ce dispositif, chaque citoyen peut d\u00e9sormais acc\u00e9der gratuitement aux centres de sant\u00e9 publics, avec une carte qui prend en charge aussi bien les soins que les m\u00e9dicaments essentiels.<\/p>\n\n\n\n<p>Pour acc\u00e9l\u00e9rer l&rsquo;adh\u00e9sion et \u00e9largir la port\u00e9e de ce programme, le minist\u00e8re de l&rsquo;Emploi et de la Protection sociale a lanc\u00e9, en mai 2025, la caravane \u00ab CMU Z\u00e9ro Cotisation \u00bb. L&rsquo;initiative, qui se d\u00e9roule du 1er mai au 31 ao\u00fbt, cible particuli\u00e8rement les travailleurs du secteur informel. &nbsp;&nbsp;Elle leur offre la possibilit\u00e9 de b\u00e9n\u00e9ficier des prestations de la CMU sans aucune contribution financi\u00e8re durant toute la p\u00e9riode.<\/p>\n\n\n\n<p>Les avantages sont concrets et imm\u00e9diats. Pendant cette phase, les patients n&rsquo;ont aucune cotisation \u00e0 r\u00e9gler. Dans les centres urbains, les soins sont couverts \u00e0 70 %, tandis que dans les zones rurales, la couverture est totale, atteignant 100 %. Ce dispositif constitue un soulagement consid\u00e9rable pour des millions de familles qui peinent souvent \u00e0 supporter le co\u00fbt des soins.<\/p>\n\n\n\n<p>Au-del\u00e0 de la gratuit\u00e9, la caravane a une vocation p\u00e9dagogique. Elle sillonne les localit\u00e9s pour sensibiliser, expliquer et guider les populations sur l&rsquo;importance de la CMU. Ceux qui ne disposent pas encore de la carte peuvent l&rsquo;obtenir directement aupr\u00e8s des \u00e9quipes d\u00e9ploy\u00e9es, qui assurent l&rsquo;enr\u00f4lement et d\u00e9livrent les documents n\u00e9cessaires.<\/p>\n\n\n\n<p>Avec ce programme, l&rsquo;\u00c9tat envoie un signal fort : la sant\u00e9 n&rsquo;est pas un luxe, mais un droit fondamental. En renfor\u00e7ant la solidarit\u00e9 nationale et en rapprochant les soins des citoyens, la \u00ab CMU Z\u00e9ro Cotisation \u00bb se pr\u00e9sente comme une \u00e9tape d\u00e9cisive vers un syst\u00e8me de sant\u00e9 plus \u00e9quitable, o\u00f9 chacun, qu&rsquo;il vive en ville ou en campagne, peut esp\u00e9rer un avenir mieux prot\u00e9g\u00e9.<\/p>\n","protected":false},"excerpt":{"rendered":"<p>\u00a0La R\u00e9publique ivoirienne amorce un \u00a0pas d\u00e9cisif\u00a0 vers la sant\u00e9 pour tous en 2025. Ainsidans les centres urbains, les soins sont couverts \u00e0 70 %, tandis que dans les zones rurales, la couverture est totale, atteignant 100 %.\u00a0 Dans le but de garantir l&rsquo;acc\u00e8s aux soins de sant\u00e9 pour tous en C\u00f4te d&rsquo;Ivoire, le gouvernement [&hellip;]<\/p>\n","protected":false},"author":2,"featured_media":10533,"comment_status":"open","ping_status":"open","sticky":false,"template":"","format":"standard","meta":{"footnotes":""},"categories":[124,6],"tags":[],"class_list":{"0":"post-10688","1":"post","2":"type-post","3":"status-publish","4":"format-standard","5":"has-post-thumbnail","7":"category-la-une","8":"category-sante"},"_links":{"self":[{"href":"https:\/\/corpsdiplomaticnews.tg\/index.php\/wp-json\/wp\/v2\/posts\/10688","targetHints":{"allow":["GET"]}}],"collection":[{"href":"https:\/\/corpsdiplomaticnews.tg\/index.php\/wp-json\/wp\/v2\/posts"}],"about":[{"href":"https:\/\/corpsdiplomaticnews.tg\/index.php\/wp-json\/wp\/v2\/types\/post"}],"author":[{"embeddable":true,"href":"https:\/\/corpsdiplomaticnews.tg\/index.php\/wp-json\/wp\/v2\/users\/2"}],"replies":[{"embeddable":true,"href":"https:\/\/corpsdiplomaticnews.tg\/index.php\/wp-json\/wp\/v2\/comments?post=10688"}],"version-history":[{"count":1,"href":"https:\/\/corpsdiplomaticnews.tg\/index.php\/wp-json\/wp\/v2\/posts\/10688\/revisions"}],"predecessor-version":[{"id":10689,"href":"https:\/\/corpsdiplomaticnews.tg\/index.php\/wp-json\/wp\/v2\/posts\/10688\/revisions\/10689"}],"wp:featuredmedia":[{"embeddable":true,"href":"https:\/\/corpsdiplomaticnews.tg\/index.php\/wp-json\/wp\/v2\/media\/10533"}],"wp:attachment":[{"href":"https:\/\/corpsdiplomaticnews.tg\/index.php\/wp-json\/wp\/v2\/media?parent=10688"}],"wp:term":[{"taxonomy":"category","embeddable":true,"href":"https:\/\/corpsdiplomaticnews.tg\/index.php\/wp-json\/wp\/v2\/categories?post=10688"},{"taxonomy":"post_tag","embeddable":true,"href":"https:\/\/corpsdiplomaticnews.tg\/index.php\/wp-json\/wp\/v2\/tags?post=10688"}],"curies":[{"name":"wp","href":"https:\/\/api.w.org\/{rel}","templated":true}]}}