{"id":10651,"date":"2025-08-19T22:45:58","date_gmt":"2025-08-19T22:45:58","guid":{"rendered":"https:\/\/corpsdiplomaticnews.tg\/?p=10651"},"modified":"2025-08-20T18:05:16","modified_gmt":"2025-08-20T18:05:16","slug":"lambassadeur-maximin-mangoualamangoye-et-le-ministre-bessi-kama-ont-porte-un-thoast-au-65e-anniversaire-du-gabon","status":"publish","type":"post","link":"https:\/\/corpsdiplomaticnews.tg\/index.php\/2025\/08\/19\/lambassadeur-maximin-mangoualamangoye-et-le-ministre-bessi-kama-ont-porte-un-thoast-au-65e-anniversaire-du-gabon\/","title":{"rendered":"L\u2019Ambassadeur Maximin \u00a0MANGOUALAMANGOYE\u00a0 et le Ministre BESSI-KAMA\u00a0 ont port\u00e9 un thoast au 65e anniversaire du Gabon"},"content":{"rendered":"\n<p>&nbsp;17 ao\u00fbt 1960-17 ao\u00fbt 2025: cela fait 65 ans,&nbsp; ann\u00e9e apr\u00e8s ann\u00e9e,&nbsp; que la R\u00e9publique gabonaise a&nbsp; acc\u00e9d\u00e9 \u00e0 la souverainet\u00e9 internationale. Lors de la comm\u00e9moration de cet \u00e9v\u00e9nement, l\u2019Ambassade du Gabon au Togo a&nbsp; offert un cocktail aux convives. Et le maitre de cette c\u00e9r\u00e9monie n\u2019est personne d\u2019autre que le tout nouvel Ambassadeur du Gabon,&nbsp; Son Excellence Maximin MANGOUALAMANGOYE. <\/p>\n\n\n\n<p>\u00ab&nbsp;C\u2019est avec vive&nbsp; \u00e9motion et honneur que je prends la parole ce soir, en ma qualit\u00e9 d\u2019Ambassadeur du Gabon au Togo. Le 17 ao\u00fbt, en effet, est la date comm\u00e9morative de l\u2019accession du Gabon \u00e0 la souverainet\u00e9 internationale.\u00bb, a-t-il d\u00e9clar\u00e9 avant de citer le Pr\u00e9sident Clotaire OLIGUI NGUEMA&nbsp; pour qui cette date \u00ab&nbsp;est le symbole de la souverainet\u00e9, de l\u2019unit\u00e9 et de destin commun&nbsp;\u00bb. <\/p>\n\n\n\n<figure class=\"wp-block-image size-large\"><img loading=\"lazy\" loading=\"lazy\" decoding=\"async\" width=\"1024\" height=\"680\" src=\"https:\/\/corpsdiplomaticnews.tg\/wp-content\/uploads\/2025\/08\/DISCOURS-GAB--1024x680.jpg\" alt=\"\" class=\"wp-image-10657\" srcset=\"https:\/\/corpsdiplomaticnews.tg\/wp-content\/uploads\/2025\/08\/DISCOURS-GAB--1024x680.jpg 1024w, https:\/\/corpsdiplomaticnews.tg\/wp-content\/uploads\/2025\/08\/DISCOURS-GAB--300x199.jpg 300w, https:\/\/corpsdiplomaticnews.tg\/wp-content\/uploads\/2025\/08\/DISCOURS-GAB--768x510.jpg 768w, https:\/\/corpsdiplomaticnews.tg\/wp-content\/uploads\/2025\/08\/DISCOURS-GAB--1536x1020.jpg 1536w, https:\/\/corpsdiplomaticnews.tg\/wp-content\/uploads\/2025\/08\/DISCOURS-GAB--330x220.jpg 330w, https:\/\/corpsdiplomaticnews.tg\/wp-content\/uploads\/2025\/08\/DISCOURS-GAB--420x280.jpg 420w, https:\/\/corpsdiplomaticnews.tg\/wp-content\/uploads\/2025\/08\/DISCOURS-GAB--860x571.jpg 860w, https:\/\/corpsdiplomaticnews.tg\/wp-content\/uploads\/2025\/08\/DISCOURS-GAB-.jpg 1600w\" sizes=\"auto, (max-width: 1024px) 100vw, 1024px\" \/><\/figure>\n\n\n\n<p><strong>L&rsquo;Ambassadeur  Maximin \u00a0MANGOUALAMANGOYE\u00a0 pronon\u00e7ant  son discours <\/strong>\u00a0<\/p>\n\n\n\n<p>Aussi a-t-il rendu un vibrant hommage aux p\u00e8res fondateurs et \u00e0 tous ceux qui&nbsp; se sont&nbsp; donn\u00e9 en sacrifice pour que le Gabon acc\u00e8de \u00e0 son ind\u00e9pendance et devienne un acteur majeur dans le concert des nations.&nbsp;<\/p>\n\n\n\n<p>Le diplomate s\u2019est aussi r\u00e9joui du fait que \u00ab&nbsp;la jeune nation gabonaise prend&nbsp; ses marques \u00e0 l\u2019ouvrage&nbsp; des b\u00e2tisseurs \u00e9m\u00e9rites qui n\u2019ont m\u00e9nag\u00e9 aucun&nbsp; effort pour poser les bases d\u2019une R\u00e9publique en la dotant d\u2019institutions solides; consolidant par ailleurs, l\u2019unit\u00e9 nationale, la paix et la coh\u00e9sion entre les diff\u00e9rentes composantes ethnolinguistiques du pays&nbsp;\u00bb.<\/p>\n\n\n\n<p>Il a par ailleurs salu\u00e9 la qualit\u00e9 de l\u2019accueil et l\u2019hospitalit\u00e9 l\u00e9gendaire dont le peuple togolais fait montre vis-\u00e0-vis de la communaut\u00e9 gabonaise.<\/p>\n\n\n\n<p>L\u2019excellence des relations d\u2019amiti\u00e9 et de coop\u00e9ration entre le Togo et le Gabon n\u2019a pas non plus \u00e9t\u00e9 mise entre parenth\u00e8ses par le Diplomate.<\/p>\n\n\n\n<p>\u00ab&nbsp;Ainsi, pour la part, et conform\u00e9ment aux Tr\u00e8s Hautes volont\u00e9s respectives de Leurs Excellences Monsieur Faure Essozimna GNASSINGBE, Pr\u00e9sident du Conseil togolais et Monsieur Brice Clotaire Oligui NGUEMA, Pr\u00e9sident de la R\u00e9publique, Chef de l\u2019Etat gabonais, je ne m\u00e9nagerais aucun effort, en collaboration avec les autorit\u00e9s togolaises comp\u00e9tentes, les op\u00e9rateurs \u00e9conomiques et les hommes d\u2019affaires, \u00e0 d\u00e9velopper des partenariats strat\u00e9giques et \u00e0 explorer des nouveaux axes&nbsp; de coop\u00e9ration dans les domaines tels que le tourisme, la culture, l\u2019agriculture, la sant\u00e9, la protection sociale, l\u2019enseignement technique et sup\u00e9rieur, la formation et l\u2019insertion professionnelle, le sport et la recherche.&nbsp;\u00bb, a martel\u00e9 M. MANGOUALAMANGOYE.<\/p>\n\n\n\n<p>L\u2019objectif affich\u00e9, \u00e0 en croire le diplomate, \u00abest d\u2019offrir des opportunit\u00e9s, le partage d\u2019exp\u00e9riences et de d\u00e9velopper des \u00e9changes \u00e9conomiques entre le Togo et le Gabon, ceci \u00e0 travers \u00ab\u00a0la relance de la Grande Commission mixte de coop\u00e9ration Togo-Gabon\u00a0\u00bb.<\/p>\n\n\n\n<p>Pour conclure, l\u2019Ambassadeur s\u2019est f\u00e9licit\u00e9 des relations&nbsp; politico-diplomatiques au beau fixe entre les deux pays et qui se mat\u00e9rialisent par un dialogue permanent entre les autorit\u00e9s.<\/p>\n\n\n\n<p>Signalons que cette comm\u00e9moration a \u00e9t\u00e9 rehauss\u00e9e par la pr\u00e9sence du Ministre des Sports et des loisirs, Dr&nbsp; Lidi Bessi-Kama, &nbsp;au nom du gouvernement togolais.<\/p>\n\n\n\n<p>Et c\u2019est \u00e0 ce titre que les deux personnalit\u00e9s ont port\u00e9 un thoast \u00e0 la libert\u00e9 conquise de hautes &nbsp;luttes par les peuples du Gabon il y a 65 ans. <\/p>\n\n\n\n<figure class=\"wp-block-image size-large\"><img loading=\"lazy\" loading=\"lazy\" decoding=\"async\" width=\"1024\" height=\"680\" src=\"https:\/\/corpsdiplomaticnews.tg\/wp-content\/uploads\/2025\/08\/THOAST--1024x680.jpg\" alt=\"\" class=\"wp-image-10652\" srcset=\"https:\/\/corpsdiplomaticnews.tg\/wp-content\/uploads\/2025\/08\/THOAST--1024x680.jpg 1024w, https:\/\/corpsdiplomaticnews.tg\/wp-content\/uploads\/2025\/08\/THOAST--300x199.jpg 300w, https:\/\/corpsdiplomaticnews.tg\/wp-content\/uploads\/2025\/08\/THOAST--768x510.jpg 768w, https:\/\/corpsdiplomaticnews.tg\/wp-content\/uploads\/2025\/08\/THOAST--1536x1020.jpg 1536w, https:\/\/corpsdiplomaticnews.tg\/wp-content\/uploads\/2025\/08\/THOAST--330x220.jpg 330w, https:\/\/corpsdiplomaticnews.tg\/wp-content\/uploads\/2025\/08\/THOAST--420x280.jpg 420w, https:\/\/corpsdiplomaticnews.tg\/wp-content\/uploads\/2025\/08\/THOAST--860x571.jpg 860w, https:\/\/corpsdiplomaticnews.tg\/wp-content\/uploads\/2025\/08\/THOAST-.jpg 1600w\" sizes=\"auto, (max-width: 1024px) 100vw, 1024px\" \/><\/figure>\n\n\n\n<p><strong>L&rsquo;Ambassadeur  Maximin \u00a0MANGOUALAMANGOYE\u00a0 et le Ministre BESSI-KAMA<\/strong> <strong>lors du thoast\u00a0<\/strong><\/p>\n\n\n\n<p>La c\u00e9r\u00e9monie, qui&nbsp; a connu la participation de plusieurs diplomates accr\u00e9dit\u00e9s au Togo, des hommes d\u2019affaires, des cadres des minist\u00e8res et des membres de la communaut\u00e9 gabonaise, a \u00e9t\u00e9 agr\u00e9ment\u00e9e par des prestations folkloriques \u00e9manant du savoir-faire gabonais (<strong>photo ci-dessous). <\/strong><\/p>\n\n\n\n<figure class=\"wp-block-image size-large\"><img loading=\"lazy\" loading=\"lazy\" decoding=\"async\" width=\"1024\" height=\"680\" src=\"https:\/\/corpsdiplomaticnews.tg\/wp-content\/uploads\/2025\/08\/GRPE-FOL-1024x680.jpg\" alt=\"\" class=\"wp-image-10654\" srcset=\"https:\/\/corpsdiplomaticnews.tg\/wp-content\/uploads\/2025\/08\/GRPE-FOL-1024x680.jpg 1024w, https:\/\/corpsdiplomaticnews.tg\/wp-content\/uploads\/2025\/08\/GRPE-FOL-300x199.jpg 300w, https:\/\/corpsdiplomaticnews.tg\/wp-content\/uploads\/2025\/08\/GRPE-FOL-768x510.jpg 768w, https:\/\/corpsdiplomaticnews.tg\/wp-content\/uploads\/2025\/08\/GRPE-FOL-1536x1020.jpg 1536w, https:\/\/corpsdiplomaticnews.tg\/wp-content\/uploads\/2025\/08\/GRPE-FOL-330x220.jpg 330w, https:\/\/corpsdiplomaticnews.tg\/wp-content\/uploads\/2025\/08\/GRPE-FOL-420x280.jpg 420w, https:\/\/corpsdiplomaticnews.tg\/wp-content\/uploads\/2025\/08\/GRPE-FOL-860x571.jpg 860w, https:\/\/corpsdiplomaticnews.tg\/wp-content\/uploads\/2025\/08\/GRPE-FOL.jpg 1600w\" sizes=\"auto, (max-width: 1024px) 100vw, 1024px\" \/><\/figure>\n\n\n\n<p><\/p>\n\n\n\n<figure class=\"wp-block-image size-large\"><img loading=\"lazy\" loading=\"lazy\" decoding=\"async\" width=\"1024\" height=\"680\" src=\"https:\/\/corpsdiplomaticnews.tg\/wp-content\/uploads\/2025\/08\/DIPLOMATES-1024x680.jpg\" alt=\"\" class=\"wp-image-10663\" srcset=\"https:\/\/corpsdiplomaticnews.tg\/wp-content\/uploads\/2025\/08\/DIPLOMATES-1024x680.jpg 1024w, https:\/\/corpsdiplomaticnews.tg\/wp-content\/uploads\/2025\/08\/DIPLOMATES-300x199.jpg 300w, https:\/\/corpsdiplomaticnews.tg\/wp-content\/uploads\/2025\/08\/DIPLOMATES-768x510.jpg 768w, https:\/\/corpsdiplomaticnews.tg\/wp-content\/uploads\/2025\/08\/DIPLOMATES-1536x1020.jpg 1536w, https:\/\/corpsdiplomaticnews.tg\/wp-content\/uploads\/2025\/08\/DIPLOMATES-330x220.jpg 330w, https:\/\/corpsdiplomaticnews.tg\/wp-content\/uploads\/2025\/08\/DIPLOMATES-420x280.jpg 420w, https:\/\/corpsdiplomaticnews.tg\/wp-content\/uploads\/2025\/08\/DIPLOMATES-860x571.jpg 860w, https:\/\/corpsdiplomaticnews.tg\/wp-content\/uploads\/2025\/08\/DIPLOMATES.jpg 1600w\" sizes=\"auto, (max-width: 1024px) 100vw, 1024px\" \/><\/figure>\n\n\n\n<p><strong>Vue partielle des diplomates <\/strong><\/p>\n\n\n\n<figure class=\"wp-block-image size-large\"><img loading=\"lazy\" loading=\"lazy\" decoding=\"async\" width=\"1024\" height=\"739\" src=\"https:\/\/corpsdiplomaticnews.tg\/wp-content\/uploads\/2025\/08\/REMISE-TROPHEE-GAB--1024x739.jpg\" alt=\"\" class=\"wp-image-10665\" srcset=\"https:\/\/corpsdiplomaticnews.tg\/wp-content\/uploads\/2025\/08\/REMISE-TROPHEE-GAB--1024x739.jpg 1024w, https:\/\/corpsdiplomaticnews.tg\/wp-content\/uploads\/2025\/08\/REMISE-TROPHEE-GAB--300x217.jpg 300w, https:\/\/corpsdiplomaticnews.tg\/wp-content\/uploads\/2025\/08\/REMISE-TROPHEE-GAB--768x554.jpg 768w, https:\/\/corpsdiplomaticnews.tg\/wp-content\/uploads\/2025\/08\/REMISE-TROPHEE-GAB--1536x1109.jpg 1536w, https:\/\/corpsdiplomaticnews.tg\/wp-content\/uploads\/2025\/08\/REMISE-TROPHEE-GAB--860x621.jpg 860w, https:\/\/corpsdiplomaticnews.tg\/wp-content\/uploads\/2025\/08\/REMISE-TROPHEE-GAB-.jpg 1600w\" sizes=\"auto, (max-width: 1024px) 100vw, 1024px\" \/><\/figure>\n\n\n\n<p><strong>La Responsable d&rsquo;un laboratoire remettant un troph\u00e9e \u00e0 l&rsquo;Ambassadeur <\/strong><\/p>\n\n\n\n<figure class=\"wp-block-image size-large\"><img loading=\"lazy\" loading=\"lazy\" decoding=\"async\" width=\"1024\" height=\"680\" src=\"https:\/\/corpsdiplomaticnews.tg\/wp-content\/uploads\/2025\/08\/GATEAU--1024x680.jpg\" alt=\"\" class=\"wp-image-10667\" srcset=\"https:\/\/corpsdiplomaticnews.tg\/wp-content\/uploads\/2025\/08\/GATEAU--1024x680.jpg 1024w, https:\/\/corpsdiplomaticnews.tg\/wp-content\/uploads\/2025\/08\/GATEAU--300x199.jpg 300w, https:\/\/corpsdiplomaticnews.tg\/wp-content\/uploads\/2025\/08\/GATEAU--768x510.jpg 768w, https:\/\/corpsdiplomaticnews.tg\/wp-content\/uploads\/2025\/08\/GATEAU--1536x1020.jpg 1536w, https:\/\/corpsdiplomaticnews.tg\/wp-content\/uploads\/2025\/08\/GATEAU--330x220.jpg 330w, https:\/\/corpsdiplomaticnews.tg\/wp-content\/uploads\/2025\/08\/GATEAU--420x280.jpg 420w, https:\/\/corpsdiplomaticnews.tg\/wp-content\/uploads\/2025\/08\/GATEAU--860x571.jpg 860w, https:\/\/corpsdiplomaticnews.tg\/wp-content\/uploads\/2025\/08\/GATEAU-.jpg 1600w\" sizes=\"auto, (max-width: 1024px) 100vw, 1024px\" \/><\/figure>\n\n\n\n<p><strong>L&rsquo;Ambassadeur et le ministre coupant le g\u00e2teau d&rsquo;anniversaire <\/strong><\/p>\n\n\n\n<figure class=\"wp-block-image size-large\"><img loading=\"lazy\" loading=\"lazy\" decoding=\"async\" width=\"1024\" height=\"680\" src=\"https:\/\/corpsdiplomaticnews.tg\/wp-content\/uploads\/2025\/08\/FOULE-1--1024x680.jpg\" alt=\"\" class=\"wp-image-10669\" srcset=\"https:\/\/corpsdiplomaticnews.tg\/wp-content\/uploads\/2025\/08\/FOULE-1--1024x680.jpg 1024w, https:\/\/corpsdiplomaticnews.tg\/wp-content\/uploads\/2025\/08\/FOULE-1--300x199.jpg 300w, https:\/\/corpsdiplomaticnews.tg\/wp-content\/uploads\/2025\/08\/FOULE-1--768x510.jpg 768w, https:\/\/corpsdiplomaticnews.tg\/wp-content\/uploads\/2025\/08\/FOULE-1--1536x1020.jpg 1536w, https:\/\/corpsdiplomaticnews.tg\/wp-content\/uploads\/2025\/08\/FOULE-1--330x220.jpg 330w, https:\/\/corpsdiplomaticnews.tg\/wp-content\/uploads\/2025\/08\/FOULE-1--420x280.jpg 420w, https:\/\/corpsdiplomaticnews.tg\/wp-content\/uploads\/2025\/08\/FOULE-1--860x571.jpg 860w, https:\/\/corpsdiplomaticnews.tg\/wp-content\/uploads\/2025\/08\/FOULE-1-.jpg 1600w\" sizes=\"auto, (max-width: 1024px) 100vw, 1024px\" \/><\/figure>\n\n\n\n<p><strong>David &nbsp;Ricardo<\/strong> <\/p>\n\n\n\n<p><\/p>\n","protected":false},"excerpt":{"rendered":"<p>&nbsp;17 ao\u00fbt 1960-17 ao\u00fbt 2025: cela fait 65 ans,&nbsp; ann\u00e9e apr\u00e8s ann\u00e9e,&nbsp; que la R\u00e9publique gabonaise a&nbsp; acc\u00e9d\u00e9 \u00e0 la souverainet\u00e9 internationale. Lors de la comm\u00e9moration de cet \u00e9v\u00e9nement, l\u2019Ambassade du Gabon au Togo a&nbsp; offert un cocktail aux convives. Et le maitre de cette c\u00e9r\u00e9monie n\u2019est personne d\u2019autre que le tout nouvel Ambassadeur du [&hellip;]<\/p>\n","protected":false},"author":2,"featured_media":10652,"comment_status":"open","ping_status":"open","sticky":false,"template":"","format":"standard","meta":{"footnotes":""},"categories":[1],"tags":[],"class_list":{"0":"post-10651","1":"post","2":"type-post","3":"status-publish","4":"format-standard","5":"has-post-thumbnail","7":"category-non-classe"},"_links":{"self":[{"href":"https:\/\/corpsdiplomaticnews.tg\/index.php\/wp-json\/wp\/v2\/posts\/10651","targetHints":{"allow":["GET"]}}],"collection":[{"href":"https:\/\/corpsdiplomaticnews.tg\/index.php\/wp-json\/wp\/v2\/posts"}],"about":[{"href":"https:\/\/corpsdiplomaticnews.tg\/index.php\/wp-json\/wp\/v2\/types\/post"}],"author":[{"embeddable":true,"href":"https:\/\/corpsdiplomaticnews.tg\/index.php\/wp-json\/wp\/v2\/users\/2"}],"replies":[{"embeddable":true,"href":"https:\/\/corpsdiplomaticnews.tg\/index.php\/wp-json\/wp\/v2\/comments?post=10651"}],"version-history":[{"count":7,"href":"https:\/\/corpsdiplomaticnews.tg\/index.php\/wp-json\/wp\/v2\/posts\/10651\/revisions"}],"predecessor-version":[{"id":10670,"href":"https:\/\/corpsdiplomaticnews.tg\/index.php\/wp-json\/wp\/v2\/posts\/10651\/revisions\/10670"}],"wp:featuredmedia":[{"embeddable":true,"href":"https:\/\/corpsdiplomaticnews.tg\/index.php\/wp-json\/wp\/v2\/media\/10652"}],"wp:attachment":[{"href":"https:\/\/corpsdiplomaticnews.tg\/index.php\/wp-json\/wp\/v2\/media?parent=10651"}],"wp:term":[{"taxonomy":"category","embeddable":true,"href":"https:\/\/corpsdiplomaticnews.tg\/index.php\/wp-json\/wp\/v2\/categories?post=10651"},{"taxonomy":"post_tag","embeddable":true,"href":"https:\/\/corpsdiplomaticnews.tg\/index.php\/wp-json\/wp\/v2\/tags?post=10651"}],"curies":[{"name":"wp","href":"https:\/\/api.w.org\/{rel}","templated":true}]}}