{"id":10593,"date":"2025-08-07T15:30:36","date_gmt":"2025-08-07T15:30:36","guid":{"rendered":"https:\/\/corpsdiplomaticnews.tg\/?p=10593"},"modified":"2025-08-07T16:25:05","modified_gmt":"2025-08-07T16:25:05","slug":"resultats-definitifs-des-municipales-2025-au-togo-la-cour-supreme-et-la-ceni-presque-sur-la-meme-longueur-donde","status":"publish","type":"post","link":"https:\/\/corpsdiplomaticnews.tg\/index.php\/2025\/08\/07\/resultats-definitifs-des-municipales-2025-au-togo-la-cour-supreme-et-la-ceni-presque-sur-la-meme-longueur-donde\/","title":{"rendered":"R\u00e9sultats d\u00e9finitifs\u00a0 des municipales 2025 au TOGO: la Cour Supr\u00eame\u00a0 et la CENI presque  sur  la  m\u00eame  longueur  d\u2019onde"},"content":{"rendered":"\n<p>C\u2019est d\u00e9sormais officiel depuis ce 06 Aout 2025 \u00e0 13h00. En effet, apr\u00e8s avoir analys\u00e9 les recours introduits par les candidats, \u00e0 la suite des r\u00e9sultats provisoires \u00a0de la Commission Electorale Nationale Ind\u00e9pendantes (CENI), la Cour Supr\u00eame, au cours d\u2019une c\u00e9r\u00e9monie officielle, a proclam\u00e9 les r\u00e9sultats d\u00e9finitifs des \u00e9lections municipales tenues le 17 juillet 2025.<\/p>\n\n\n\n<p><\/p>\n\n\n\n<figure class=\"wp-block-image size-full\"><img loading=\"lazy\" loading=\"lazy\" decoding=\"async\" width=\"1280\" height=\"796\" src=\"https:\/\/corpsdiplomaticnews.tg\/wp-content\/uploads\/2025\/08\/Cour-Supreme-CC.jpg\" alt=\"\" class=\"wp-image-10595\" srcset=\"https:\/\/corpsdiplomaticnews.tg\/wp-content\/uploads\/2025\/08\/Cour-Supreme-CC.jpg 1280w, https:\/\/corpsdiplomaticnews.tg\/wp-content\/uploads\/2025\/08\/Cour-Supreme-CC-300x187.jpg 300w, https:\/\/corpsdiplomaticnews.tg\/wp-content\/uploads\/2025\/08\/Cour-Supreme-CC-1024x637.jpg 1024w, https:\/\/corpsdiplomaticnews.tg\/wp-content\/uploads\/2025\/08\/Cour-Supreme-CC-768x478.jpg 768w, https:\/\/corpsdiplomaticnews.tg\/wp-content\/uploads\/2025\/08\/Cour-Supreme-CC-860x535.jpg 860w\" sizes=\"auto, (max-width: 1280px) 100vw, 1280px\" \/><\/figure>\n\n\n\n<p>\u00a0\u00a0\u00a0\u00a0\u00a0\u00a0\u00a0\u00a0\u00a0\u00a0\u00a0\u00a0 Aucune modification majeure n\u2019est observ\u00e9e au niveau des chiffres des inscrits, des votants et des suffrages exprim\u00e9s, avanc\u00e9s par la CENI pendant la proclamation des r\u00e9sultats provisoires. Evidemment, \u00e0 la suite de la proclamation des r\u00e9sultats, le Ministre des Droits de l\u2019Homme charg\u00e9 des relations entre le Gouvernement et les Institutions n\u2019a pas cach\u00e9 sa satisfaction. \u00abApr\u00e8s la proclamation des r\u00e9sultats provisoires par la CENI, il revenait \u00e0 la Cour Supr\u00eame de proc\u00e9der \u00e0 la proclamation des r\u00e9sultats d\u00e9finitifs par la Chambre administrative\u00a0\u00bb, rappelait M. Adjrourouvi qui, d\u2019abord, a salu\u00e9 la maturit\u00e9 du peuple togolais et de sa conscience politique qui est le d\u00e9sir de consolider l\u2019Etat de droit \u00e0 travers cette \u00e9lection. Ce qui d\u00e9montre clairement, selon lui,\u00a0 la volont\u00e9 du peuple togolais d\u2019aller de l\u2019avant. Ensuite il a remerci\u00e9 tous ceux qui ont contribu\u00e9 \u00e0 la r\u00e9ussite de ces \u00e9lections, en l\u2019occurrence les organisateurs et les Forces de D\u00e9fense et de S\u00e9curit\u00e9. Ce qui d\u00e9montre, une fois encore, selon le Ministre, la consolidation de la d\u00e9mocratie et de l\u2019Etat de droit et l\u2019arrimage dans la 5<sup>\u00e8me<\/sup> R\u00e9publique pour la consolidation des Institutions. La r\u00e9ussite de ces \u00e9lections n\u2019a pas laiss\u00e9 les \u00a0repr\u00e9sentants des partis politiques qui ont exprim\u00e9 leurs satisfactions.<\/p>\n\n\n\n<p>&nbsp;&nbsp;&nbsp;&nbsp;&nbsp;&nbsp;&nbsp;&nbsp;&nbsp;&nbsp;&nbsp; C\u2019est le cas par exemple du repr\u00e9sentant du parti CLE qui n\u2019a pas cach\u00e9 sa satisfaction. En effet, pour Georges Eho, son parti UFC se r\u00e9jouit d\u2019avoir pris part \u00e0 la c\u00e9r\u00e9monie de la proclamation des r\u00e9sultats d\u00e9finitifs qui refl\u00e8te &nbsp;la d\u00e9mocratie locale qui est en marche.<\/p>\n\n\n\n<p>&nbsp;&nbsp;&nbsp;&nbsp;&nbsp; &nbsp;&nbsp;&nbsp;&nbsp;Pour le d\u00e9l\u00e9gu\u00e9 r\u00e9gional de l\u2019Union des Forces du Changement &nbsp;l\u2019UFC M. Azouma Mohamed, les \u00e9lections municipales se sont bien d\u00e9roul\u00e9es. Il remercie le peuple togolais. <em>\u00ab&nbsp;Par leur conscience r\u00e9publicaine, ils sont mobilis\u00e9s pour aller voter pour le renouvellement de leurs conseillers municipaux&nbsp;\u00bb, <\/em>a-t-il ajout\u00e9 avant de laisser entendre qu\u2019il y a un grand chantier qui attend les conseillers municipaux pour la construction du pays.<\/p>\n\n\n\n<p>&nbsp;&nbsp;&nbsp;&nbsp;&nbsp;&nbsp;&nbsp;&nbsp;&nbsp;&nbsp;&nbsp; Apres la proclamation des r\u00e9sultats, une nouvelle phase s\u2019ouvre pour les nouveaux conseillers municipaux avec la prise de fonction des maires qui seront bient\u00f4t \u00e9lus. Ce qui marquera le d\u00e9but d\u2019un nouveau mandat qui demande aux nouveaux \u00e9lus, d\u2019organiser le fonctionnement interne de leur commune, et \u00e0 d\u00e9finir le r\u00f4le de chaque conseiller dans la gouvernance locale. Ils sont d\u00e9sormais&nbsp; appel\u00e9s \u00e0 repr\u00e9senter leurs communes et \u00e0 porter les attentes de leurs populations. Cette prise de fonction s\u2019inscrit&nbsp; dans un contexte de la d\u00e9centralisation o\u00f9 la proximit\u00e9 avec des citoyens est essentielle pour r\u00e9pondre au besoin des citoyens sur le territoire.<\/p>\n\n\n\n<p>&nbsp;&nbsp;&nbsp;&nbsp;&nbsp;&nbsp;&nbsp;&nbsp;&nbsp;&nbsp;&nbsp; Pour Me Gbado\u00e9 Edoh, le conseiller au sein de la Chambre Administrative de la Cour Supr\u00eame, apr\u00e8s la proclamation des r\u00e9sultats d\u00e9finitifs des \u00e9lections municipaux, il restera \u00e0 installer les instances municipales notamment le Conseil Municipal, les Maires et leurs adjoints. Conform\u00e9ment aux dispositions de la loi sur la d\u00e9centralisation, dans les 60 jours qui suivent la proclamation des r\u00e9sultats d\u00e9finitifs, le Ministre de l\u2019Administration Territoriale en charge de la d\u00e9centralisation doit avoir une rencontre avec les nouveaux conseillers au niveau de chaque r\u00e9gion et discuter avec eux des orientations qui d\u00e9terminent la politique de d\u00e9centralisation. Dans le m\u00eame d\u00e9lai, il doit pouvoir convoquer les conseillers municipaux pour l\u2019\u00e9lection des maires et de leurs adjoints.<\/p>\n\n\n\n<p>&nbsp;&nbsp;&nbsp;&nbsp;&nbsp;&nbsp;&nbsp;&nbsp;&nbsp;&nbsp; Pour prendre la t\u00eate d\u2019une mairie, vue les r\u00e9sultats, l\u2019UFC n\u2019exclut pas le jeu des alliances et des actions politiques \u00e0 travers des n\u00e9gociations. Dans cet esprit, le repr\u00e9sentant de l\u2019UFC, M. Azouma Mohamed d\u00e9clare que toutes les formations politiques sont oblig\u00e9es de s\u2019unir pour travailler \u00e0 \u00e9volution du pays. Pour lui, l\u2019UFC a toujours \u00e9t\u00e9 ouverte aux n\u00e9gociations.&nbsp;<\/p>\n\n\n\n<p>&nbsp;&nbsp;&nbsp;&nbsp;&nbsp;&nbsp;&nbsp;&nbsp;&nbsp; &nbsp;A la fin de la proclamation &nbsp;\u00e0 13h, le Pr\u00e9sident de la Cour Supr\u00eame a remerci\u00e9 \u00e0 tous ceux qui ont fait le d\u00e9placement pour assister \u00e0 cette c\u00e9r\u00e9monie solennelle de la proclamation des r\u00e9sultats d\u00e9finitifs et exprim\u00e9 ses f\u00e9licitations aux nouveaux conseillers municipaux envers qui leurs administr\u00e9s ont les yeux riv\u00e9s, car les d\u00e9fis \u00e0 relever sont nombreux.<\/p>\n\n\n\n<p>&nbsp;&nbsp;&nbsp;&nbsp;&nbsp;&nbsp;&nbsp;&nbsp;&nbsp;&nbsp;&nbsp; Il sied de rappeler qu\u2019ils sont au total 1525 conseillers municipaux \u00e9lus dans les 117 communes.<\/p>\n\n\n\n<p>Aussi faut-il signifier que les r\u00e9sultats d\u00e9finitifs des \u00e9lections municipales ont \u00e9t\u00e9 proclam\u00e9s par la Cour Supr\u00eame apr\u00e8s analyse de 27 recours introduits par des candidats de quelques partis politiques et ind\u00e9pendants. Cette c\u00e9r\u00e9monie solennelle s\u2019est d\u00e9roul\u00e9e en pr\u00e9sence des ambassadeurs, des repr\u00e9sentants des corps constitu\u00e9s et des organisations internationales et des repr\u00e9sentants des partis politiques et ind\u00e9pendants.<\/p>\n\n\n\n<p><strong>Anges ADJANOR &nbsp;&nbsp;<\/strong>&nbsp;<\/p>\n","protected":false},"excerpt":{"rendered":"<p>C\u2019est d\u00e9sormais officiel depuis ce 06 Aout 2025 \u00e0 13h00. En effet, apr\u00e8s avoir analys\u00e9 les recours introduits par les candidats, \u00e0 la suite des r\u00e9sultats provisoires \u00a0de la Commission Electorale Nationale Ind\u00e9pendantes (CENI), la Cour Supr\u00eame, au cours d\u2019une c\u00e9r\u00e9monie officielle, a proclam\u00e9 les r\u00e9sultats d\u00e9finitifs des \u00e9lections municipales tenues le 17 juillet 2025. [&hellip;]<\/p>\n","protected":false},"author":2,"featured_media":10595,"comment_status":"open","ping_status":"open","sticky":false,"template":"","format":"standard","meta":{"footnotes":""},"categories":[124,4],"tags":[],"class_list":{"0":"post-10593","1":"post","2":"type-post","3":"status-publish","4":"format-standard","5":"has-post-thumbnail","7":"category-la-une","8":"category-politique"},"_links":{"self":[{"href":"https:\/\/corpsdiplomaticnews.tg\/index.php\/wp-json\/wp\/v2\/posts\/10593","targetHints":{"allow":["GET"]}}],"collection":[{"href":"https:\/\/corpsdiplomaticnews.tg\/index.php\/wp-json\/wp\/v2\/posts"}],"about":[{"href":"https:\/\/corpsdiplomaticnews.tg\/index.php\/wp-json\/wp\/v2\/types\/post"}],"author":[{"embeddable":true,"href":"https:\/\/corpsdiplomaticnews.tg\/index.php\/wp-json\/wp\/v2\/users\/2"}],"replies":[{"embeddable":true,"href":"https:\/\/corpsdiplomaticnews.tg\/index.php\/wp-json\/wp\/v2\/comments?post=10593"}],"version-history":[{"count":1,"href":"https:\/\/corpsdiplomaticnews.tg\/index.php\/wp-json\/wp\/v2\/posts\/10593\/revisions"}],"predecessor-version":[{"id":10596,"href":"https:\/\/corpsdiplomaticnews.tg\/index.php\/wp-json\/wp\/v2\/posts\/10593\/revisions\/10596"}],"wp:featuredmedia":[{"embeddable":true,"href":"https:\/\/corpsdiplomaticnews.tg\/index.php\/wp-json\/wp\/v2\/media\/10595"}],"wp:attachment":[{"href":"https:\/\/corpsdiplomaticnews.tg\/index.php\/wp-json\/wp\/v2\/media?parent=10593"}],"wp:term":[{"taxonomy":"category","embeddable":true,"href":"https:\/\/corpsdiplomaticnews.tg\/index.php\/wp-json\/wp\/v2\/categories?post=10593"},{"taxonomy":"post_tag","embeddable":true,"href":"https:\/\/corpsdiplomaticnews.tg\/index.php\/wp-json\/wp\/v2\/tags?post=10593"}],"curies":[{"name":"wp","href":"https:\/\/api.w.org\/{rel}","templated":true}]}}