{"id":10512,"date":"2025-07-28T13:37:27","date_gmt":"2025-07-28T13:37:27","guid":{"rendered":"https:\/\/corpsdiplomaticnews.tg\/?p=10512"},"modified":"2025-07-28T13:37:28","modified_gmt":"2025-07-28T13:37:28","slug":"le-maroc-inaugure-le-premier-siege-regional-de-la-fifa-en-afrique","status":"publish","type":"post","link":"https:\/\/corpsdiplomaticnews.tg\/index.php\/2025\/07\/28\/le-maroc-inaugure-le-premier-siege-regional-de-la-fifa-en-afrique\/","title":{"rendered":"Le Maroc inaugure le premier si\u00e8ge r\u00e9gional de la FIFA en Afrique"},"content":{"rendered":"\n<p>Le nouveau si\u00e8ge r\u00e9gional de la F\u00e9d\u00e9ration Internationale de Football Association (FIFA \u2013 branche Afrique) vient d\u2019\u00eatre inaugur\u00e9 ce samedi, non loin de Rabat, en pr\u00e9sence du pr\u00e9sident de la FIFA Gianni Infantino, du pr\u00e9sident de la Conf\u00e9d\u00e9ration Africaine de Football Patrice Motsepe, du pr\u00e9sident de la F\u00e9d\u00e9ration Royale Marocaine de Football Fouzi Lekjaa, ainsi que de nombreux hauts responsables sportifs.  <\/p>\n\n\n\n<p><\/p>\n\n\n\n<figure class=\"wp-block-image size-full\"><img loading=\"lazy\" loading=\"lazy\" decoding=\"async\" width=\"534\" height=\"356\" src=\"https:\/\/corpsdiplomaticnews.tg\/wp-content\/uploads\/2025\/07\/FIFA-11.png\" alt=\"\" class=\"wp-image-10513\" srcset=\"https:\/\/corpsdiplomaticnews.tg\/wp-content\/uploads\/2025\/07\/FIFA-11.png 534w, https:\/\/corpsdiplomaticnews.tg\/wp-content\/uploads\/2025\/07\/FIFA-11-300x200.png 300w, https:\/\/corpsdiplomaticnews.tg\/wp-content\/uploads\/2025\/07\/FIFA-11-330x220.png 330w, https:\/\/corpsdiplomaticnews.tg\/wp-content\/uploads\/2025\/07\/FIFA-11-420x280.png 420w\" sizes=\"auto, (max-width: 534px) 100vw, 534px\" \/><\/figure>\n\n\n\n<p>Le nouveau si\u00e8ge de la FIFA est situ\u00e9 pr\u00e8s du Complexe Mohammed VI de football \u00e0 Sal\u00e9, \u00e0 c\u00f4t\u00e9 du si\u00e8ge de la F\u00e9d\u00e9ration Royale Marocaine de Football. Il s\u2019agit du premier si\u00e8ge de cette envergure sur le continent africain, ce qui refl\u00e8te la confiance internationale accord\u00e9e au Maroc et \u00e0 son r\u00f4le de leader strat\u00e9gique dans la promotion du football en Afrique.<\/p>\n\n\n\n<p>Lors de la c\u00e9r\u00e9monie d\u2019inauguration, Fouzi Lekjaa a soulign\u00e9 que le nouveau si\u00e8ge r\u00e9gional de la FIFA est accueilli par le Complexe Mohammed VI, dont la cr\u00e9ation a \u00e9t\u00e9 supervis\u00e9e par le roi Mohammed VI dans le cadre d\u2019une vision strat\u00e9gique int\u00e9gr\u00e9e initi\u00e9e il y a plus de 26 ans, faisant du Maroc une terre de rencontre, d\u2019\u00e9change d\u2019expertises et de formation pour les jeunes g\u00e9n\u00e9rations issues de divers pays du continent.<\/p>\n\n\n\n<p>Le pr\u00e9sident de la F\u00e9d\u00e9ration Royale Marocaine de Football a remerci\u00e9 Infantino et Patrice Motsepe pour leur soutien continu, affirmant que l\u2019ouverture de ce si\u00e8ge \u00ab refl\u00e8te l\u2019attention constante port\u00e9e au football africain et constitue une opportunit\u00e9 de travail commun pour d\u00e9velopper toutes les cat\u00e9gories et faire \u00e9voluer le sport \u00e0 tous les niveaux \u00bb.<\/p>\n\n\n\n<p>Pour rappel, cette inauguration intervient apr\u00e8s un accord sign\u00e9 le 16 d\u00e9cembre 2024 \u00e0 Marrakech entre la FIFA, le gouvernement marocain et la F\u00e9d\u00e9ration Royale Marocaine de Football, dans le cadre d\u2019un plan strat\u00e9gique visant \u00e0 soutenir et d\u00e9velopper le football africain, en renfor\u00e7ant les infrastructures institutionnelles et en assurant un accompagnement en mati\u00e8re de formation et de technique au continent.<\/p>\n\n\n\n<p>\u00ab Le Maroc a toujours \u00e9t\u00e9 et restera votre deuxi\u00e8me pays. Nous continuerons \u00e0 travailler ensemble pour un d\u00e9veloppement global, incluant naturellement le d\u00e9veloppement du football chez les gar\u00e7ons et les filles, en harmonie avec les valeurs d\u2019ouverture et de tol\u00e9rance promues par le roi.\u00bb, &nbsp;a d\u00e9clar\u00e9 Lekjaa, soutenant que cette nouvelle institution sera un point d\u2019ancrage pour le continent africain.<\/p>\n\n\n\n<p>Cette nouvelle pierre l\u2019\u00e9difice marque \u00e9galement l\u2019engagement du Maroc dans ses pr\u00e9paratifs en cours en vue de l\u2019accueil de plusieurs matchs de la Coupe du Monde 2030, aux c\u00f4t\u00e9s de l\u2019Espagne et du Portugal.<\/p>\n","protected":false},"excerpt":{"rendered":"<p>Le nouveau si\u00e8ge r\u00e9gional de la F\u00e9d\u00e9ration Internationale de Football Association (FIFA \u2013 branche Afrique) vient d\u2019\u00eatre inaugur\u00e9 ce samedi, non loin de Rabat, en pr\u00e9sence du pr\u00e9sident de la FIFA Gianni Infantino, du pr\u00e9sident de la Conf\u00e9d\u00e9ration Africaine de Football Patrice Motsepe, du pr\u00e9sident de la F\u00e9d\u00e9ration Royale Marocaine de Football Fouzi Lekjaa, ainsi [&hellip;]<\/p>\n","protected":false},"author":2,"featured_media":10513,"comment_status":"open","ping_status":"open","sticky":false,"template":"","format":"standard","meta":{"footnotes":""},"categories":[9,124],"tags":[],"class_list":{"0":"post-10512","1":"post","2":"type-post","3":"status-publish","4":"format-standard","5":"has-post-thumbnail","7":"category-azimuts","8":"category-la-une"},"_links":{"self":[{"href":"https:\/\/corpsdiplomaticnews.tg\/index.php\/wp-json\/wp\/v2\/posts\/10512","targetHints":{"allow":["GET"]}}],"collection":[{"href":"https:\/\/corpsdiplomaticnews.tg\/index.php\/wp-json\/wp\/v2\/posts"}],"about":[{"href":"https:\/\/corpsdiplomaticnews.tg\/index.php\/wp-json\/wp\/v2\/types\/post"}],"author":[{"embeddable":true,"href":"https:\/\/corpsdiplomaticnews.tg\/index.php\/wp-json\/wp\/v2\/users\/2"}],"replies":[{"embeddable":true,"href":"https:\/\/corpsdiplomaticnews.tg\/index.php\/wp-json\/wp\/v2\/comments?post=10512"}],"version-history":[{"count":1,"href":"https:\/\/corpsdiplomaticnews.tg\/index.php\/wp-json\/wp\/v2\/posts\/10512\/revisions"}],"predecessor-version":[{"id":10514,"href":"https:\/\/corpsdiplomaticnews.tg\/index.php\/wp-json\/wp\/v2\/posts\/10512\/revisions\/10514"}],"wp:featuredmedia":[{"embeddable":true,"href":"https:\/\/corpsdiplomaticnews.tg\/index.php\/wp-json\/wp\/v2\/media\/10513"}],"wp:attachment":[{"href":"https:\/\/corpsdiplomaticnews.tg\/index.php\/wp-json\/wp\/v2\/media?parent=10512"}],"wp:term":[{"taxonomy":"category","embeddable":true,"href":"https:\/\/corpsdiplomaticnews.tg\/index.php\/wp-json\/wp\/v2\/categories?post=10512"},{"taxonomy":"post_tag","embeddable":true,"href":"https:\/\/corpsdiplomaticnews.tg\/index.php\/wp-json\/wp\/v2\/tags?post=10512"}],"curies":[{"name":"wp","href":"https:\/\/api.w.org\/{rel}","templated":true}]}}