{"id":10508,"date":"2025-07-26T18:17:31","date_gmt":"2025-07-26T18:17:31","guid":{"rendered":"https:\/\/corpsdiplomaticnews.tg\/?p=10508"},"modified":"2025-07-26T18:17:38","modified_gmt":"2025-07-26T18:17:38","slug":"le-president-senegalais-bassirou-diomaye-faye-a-rendu-visite-au-premier-ministre-togolais-faure-gnassingbe","status":"publish","type":"post","link":"https:\/\/corpsdiplomaticnews.tg\/index.php\/2025\/07\/26\/le-president-senegalais-bassirou-diomaye-faye-a-rendu-visite-au-premier-ministre-togolais-faure-gnassingbe\/","title":{"rendered":"Le Pr\u00e9sident s\u00e9n\u00e9galais Bassirou Diomaye Faye a rendu visite au Premier ministre togolais Faure Gnassingb\u00e9"},"content":{"rendered":"\n<p>Le Premier ministre togolais, Faure Gnassingb\u00e9, a re\u00e7u ce&nbsp; vendredi 25 juillet&nbsp; \u00e0 Lom\u00e9 le Pr\u00e9sident s\u00e9n\u00e9galais, Bassirou Diomaye Diakhar Faye, dans le cadre d&rsquo;une visite officielle plac\u00e9e sous le signe du renforcement des liens bilat\u00e9raux entre le Togo et le S\u00e9n\u00e9gal.<\/p>\n\n\n\n<p>&nbsp;\u00ab J\u2019ai le plaisir d\u2019accueillir ce jour, \u00e0 Lom\u00e9, mon fr\u00e8re, Pr\u00e9sident de la R\u00e9publique du S\u00e9n\u00e9gal, SEM Bassirou Diomaye Diakhar FAYE. \u00bb, a \u00e9crit Faure Gnassingb\u00e9 sur&nbsp; son compte X.<\/p>\n\n\n\n<figure class=\"wp-block-image size-large\"><img loading=\"lazy\" loading=\"lazy\" decoding=\"async\" width=\"1024\" height=\"576\" src=\"https:\/\/corpsdiplomaticnews.tg\/wp-content\/uploads\/2025\/07\/FAURE-ET-FAYE-1-1024x576.jpg\" alt=\"\" class=\"wp-image-10510\" srcset=\"https:\/\/corpsdiplomaticnews.tg\/wp-content\/uploads\/2025\/07\/FAURE-ET-FAYE-1-1024x576.jpg 1024w, https:\/\/corpsdiplomaticnews.tg\/wp-content\/uploads\/2025\/07\/FAURE-ET-FAYE-1-300x169.jpg 300w, https:\/\/corpsdiplomaticnews.tg\/wp-content\/uploads\/2025\/07\/FAURE-ET-FAYE-1-768x432.jpg 768w, https:\/\/corpsdiplomaticnews.tg\/wp-content\/uploads\/2025\/07\/FAURE-ET-FAYE-1-1536x864.jpg 1536w, https:\/\/corpsdiplomaticnews.tg\/wp-content\/uploads\/2025\/07\/FAURE-ET-FAYE-1-860x484.jpg 860w, https:\/\/corpsdiplomaticnews.tg\/wp-content\/uploads\/2025\/07\/FAURE-ET-FAYE-1.jpg 1920w\" sizes=\"auto, (max-width: 1024px) 100vw, 1024px\" \/><\/figure>\n\n\n\n<p>                                         <strong>Faure GNASSINGBE          et         Bassirou D. FAYE <\/strong><\/p>\n\n\n\n<p>Au cours de leur rencontre, les deux personnalit\u00e9s&nbsp; ont \u00e9chang\u00e9 sur plusieurs sujets d\u2019int\u00e9r\u00eat commun, notamment :<\/p>\n\n\n\n<ul class=\"wp-block-list\">\n<li>La paix et la s\u00e9curit\u00e9, dans un contexte r\u00e9gional marqu\u00e9 par des d\u00e9fis s\u00e9curitaires persistants au Sahel et en Afrique de l\u2019Ouest ;<\/li>\n\n\n\n<li>L\u2019\u00e9conomie, avec l\u2019ambition partag\u00e9e de stimuler le commerce intra-africain et d&rsquo;encourager les investissements mutuels ;<\/li>\n\n\n\n<li>La jeunesse, consid\u00e9r\u00e9e comme un pilier essentiel pour l\u2019avenir du continent ;<\/li>\n\n\n\n<li>L\u2019int\u00e9gration r\u00e9gionale, au sein de la CEDEAO, dans un contexte de repositionnement strat\u00e9gique de certains pays membres ;<\/li>\n\n\n\n<li>La culture, en tant que vecteur de coh\u00e9sion sociale et d\u2019identit\u00e9 africaine.<\/li>\n<\/ul>\n\n\n\n<p>Dans sa d\u00e9claration, Faure Gnassingb\u00e9 a soulign\u00e9 l\u2019importance de cette rencontre pour consolider les liens historiques entre les deux peuples :<\/p>\n\n\n\n<p>\u00ab Aujourd\u2019hui, nos deux peuples renforcent leurs liens historiques pour b\u00e2tir un avenir commun au service de la paix et du d\u00e9veloppement autonome de notre continent. \u00bb<\/p>\n\n\n\n<p>Cette visite s\u2019inscrit dans une dynamique de rapprochement entre les nouvelles autorit\u00e9s s\u00e9n\u00e9galaises et les pays de la sous-r\u00e9gion, notamment dans un contexte g\u00e9opolitique o\u00f9 les enjeux de souverainet\u00e9, de stabilit\u00e9 et d\u2019autonomie \u00e9conomique deviennent de plus en plus centraux.<\/p>\n\n\n\n<p>Elle t\u00e9moigne \u00e9galement de la volont\u00e9 des deux dirigeants de faire entendre une voix africaine forte et unie, en s\u2019appuyant sur la diplomatie bilat\u00e9rale pour construire des solutions africaines aux probl\u00e8mes africains.<\/p>\n\n\n\n<p>Il sied de rappeler que les relations\u00a0 entre les deux pays ont connu un froid\u00a0 en septembre 2024\u00a0 suite \u00e0 une bastonnade dont a \u00e9t\u00e9\u00a0 victime le d\u00e9put\u00e9 s\u00e9n\u00e9galais de la CEDEAO, \u00a0Guy Marius \u00a0SAGNA, \u00a0acte perp\u00e9tr\u00e9 \u00a0par des nervis togolais lors d\u2019une r\u00e9union au si\u00e8ge de la CDPA \u00e0 Lom\u00e9. \u00a0 <\/p>\n","protected":false},"excerpt":{"rendered":"<p>Le Premier ministre togolais, Faure Gnassingb\u00e9, a re\u00e7u ce&nbsp; vendredi 25 juillet&nbsp; \u00e0 Lom\u00e9 le Pr\u00e9sident s\u00e9n\u00e9galais, Bassirou Diomaye Diakhar Faye, dans le cadre d&rsquo;une visite officielle plac\u00e9e sous le signe du renforcement des liens bilat\u00e9raux entre le Togo et le S\u00e9n\u00e9gal. &nbsp;\u00ab J\u2019ai le plaisir d\u2019accueillir ce jour, \u00e0 Lom\u00e9, mon fr\u00e8re, Pr\u00e9sident de [&hellip;]<\/p>\n","protected":false},"author":2,"featured_media":10510,"comment_status":"open","ping_status":"open","sticky":false,"template":"","format":"standard","meta":{"footnotes":""},"categories":[1],"tags":[],"class_list":{"0":"post-10508","1":"post","2":"type-post","3":"status-publish","4":"format-standard","5":"has-post-thumbnail","7":"category-non-classe"},"_links":{"self":[{"href":"https:\/\/corpsdiplomaticnews.tg\/index.php\/wp-json\/wp\/v2\/posts\/10508","targetHints":{"allow":["GET"]}}],"collection":[{"href":"https:\/\/corpsdiplomaticnews.tg\/index.php\/wp-json\/wp\/v2\/posts"}],"about":[{"href":"https:\/\/corpsdiplomaticnews.tg\/index.php\/wp-json\/wp\/v2\/types\/post"}],"author":[{"embeddable":true,"href":"https:\/\/corpsdiplomaticnews.tg\/index.php\/wp-json\/wp\/v2\/users\/2"}],"replies":[{"embeddable":true,"href":"https:\/\/corpsdiplomaticnews.tg\/index.php\/wp-json\/wp\/v2\/comments?post=10508"}],"version-history":[{"count":1,"href":"https:\/\/corpsdiplomaticnews.tg\/index.php\/wp-json\/wp\/v2\/posts\/10508\/revisions"}],"predecessor-version":[{"id":10511,"href":"https:\/\/corpsdiplomaticnews.tg\/index.php\/wp-json\/wp\/v2\/posts\/10508\/revisions\/10511"}],"wp:featuredmedia":[{"embeddable":true,"href":"https:\/\/corpsdiplomaticnews.tg\/index.php\/wp-json\/wp\/v2\/media\/10510"}],"wp:attachment":[{"href":"https:\/\/corpsdiplomaticnews.tg\/index.php\/wp-json\/wp\/v2\/media?parent=10508"}],"wp:term":[{"taxonomy":"category","embeddable":true,"href":"https:\/\/corpsdiplomaticnews.tg\/index.php\/wp-json\/wp\/v2\/categories?post=10508"},{"taxonomy":"post_tag","embeddable":true,"href":"https:\/\/corpsdiplomaticnews.tg\/index.php\/wp-json\/wp\/v2\/tags?post=10508"}],"curies":[{"name":"wp","href":"https:\/\/api.w.org\/{rel}","templated":true}]}}