{"id":10480,"date":"2025-07-21T18:52:21","date_gmt":"2025-07-21T18:52:21","guid":{"rendered":"https:\/\/corpsdiplomaticnews.tg\/?p=10480"},"modified":"2025-07-21T18:52:22","modified_gmt":"2025-07-21T18:52:22","slug":"aussitot-lancee-aussitot-en-actions-association-des-drepanocytaires-conscients-portee-sur-les-fonts-baptismaux","status":"publish","type":"post","link":"https:\/\/corpsdiplomaticnews.tg\/index.php\/2025\/07\/21\/aussitot-lancee-aussitot-en-actions-association-des-drepanocytaires-conscients-portee-sur-les-fonts-baptismaux\/","title":{"rendered":"Aussit\u00f4t lanc\u00e9e aussit\u00f4t en actions: Association des Dr\u00e9panocytaires Conscients port\u00e9e sur les fonts baptismaux"},"content":{"rendered":"\n<p>Le samedi 12&nbsp; juillet 2025, le monde associatif togolais s\u2019est agrandi d\u2019un membre. Il s\u2019agit de l\u2019Association Dr\u00e9panocytaires Conscients (ADC). C\u2019est le centre de recherche et de prise en charge des dr\u00e9panocytaires de l\u2019Universit\u00e9 de Lom\u00e9&nbsp; qui a servi de cadre pour son lancement.<\/p>\n\n\n\n<p>En proc\u00e9dant au lancement de cette association, les membres visent un but principal, celui\u00a0 de\u00a0 r\u00e9veiller les dr\u00e9panocytaires face \u00e0 leur situation.  <\/p>\n\n\n\n<figure class=\"wp-block-image size-large\"><img loading=\"lazy\" loading=\"lazy\" decoding=\"async\" width=\"1024\" height=\"683\" src=\"https:\/\/corpsdiplomaticnews.tg\/wp-content\/uploads\/2025\/07\/photo-1-DREPANO--1024x683.jpg\" alt=\"\" class=\"wp-image-10481\" srcset=\"https:\/\/corpsdiplomaticnews.tg\/wp-content\/uploads\/2025\/07\/photo-1-DREPANO--1024x683.jpg 1024w, https:\/\/corpsdiplomaticnews.tg\/wp-content\/uploads\/2025\/07\/photo-1-DREPANO--300x200.jpg 300w, https:\/\/corpsdiplomaticnews.tg\/wp-content\/uploads\/2025\/07\/photo-1-DREPANO--768x512.jpg 768w, https:\/\/corpsdiplomaticnews.tg\/wp-content\/uploads\/2025\/07\/photo-1-DREPANO--1536x1024.jpg 1536w, https:\/\/corpsdiplomaticnews.tg\/wp-content\/uploads\/2025\/07\/photo-1-DREPANO--2048x1365.jpg 2048w, https:\/\/corpsdiplomaticnews.tg\/wp-content\/uploads\/2025\/07\/photo-1-DREPANO--330x220.jpg 330w, https:\/\/corpsdiplomaticnews.tg\/wp-content\/uploads\/2025\/07\/photo-1-DREPANO--420x280.jpg 420w, https:\/\/corpsdiplomaticnews.tg\/wp-content\/uploads\/2025\/07\/photo-1-DREPANO--615x410.jpg 615w, https:\/\/corpsdiplomaticnews.tg\/wp-content\/uploads\/2025\/07\/photo-1-DREPANO--860x573.jpg 860w\" sizes=\"auto, (max-width: 1024px) 100vw, 1024px\" \/><\/figure>\n\n\n\n<p><strong>Ici les membres du bureau, le Pr\u00e9sident AGBOVOR en blanc <\/strong><\/p>\n\n\n\n<p>Et pour Monsieur AGBAVOR Anoumou Basile, &nbsp;pr\u00e9sident de cette jeune association, \u00ab&nbsp;il n\u2019y a personne d\u2019autre pour parler de la dr\u00e9panocytose que les dr\u00e9panocytaires eux-m\u00eames.\u00bb Et c\u2019est ce qui justifie d\u2019ailleurs la cr\u00e9ation de cette structure dont la devise est&nbsp;: \u00ab&nbsp;ensemble, brisons les chaines de la dr\u00e9panocytose&nbsp;\u00bb.<\/p>\n\n\n\n<p>Pour mener \u00e0 bien les objectifs qu\u2019elle s\u2019est fix\u00e9e, un bureau de sept membres a \u00e9t\u00e9 mis en place.<\/p>\n\n\n\n<p>Et pour prendre le taureau par les cornes, l\u2019Association a coupl\u00e9 son lancement avec une activit\u00e9 de sensibilisation des populations.<\/p>\n\n\n\n<p>Au cours de cette activit\u00e9, le pr\u00e9sident a pr\u00e9sent\u00e9&nbsp; aux participants le mode de transmission de cette maladie.&nbsp; Les parents ont \u00e9t\u00e9 mis au centre de cette transmission g\u00e9n\u00e9tique. Ainsi ces derniers qui sont porteurs de g\u00e8nes malades sont vivement appel\u00e9s \u00e0 se mettre&nbsp; ensemble. Aussi l\u2019amour et les biens mat\u00e9riels ne doivent plus \u00eatre les crit\u00e8res sur lesquels les unions entre&nbsp; parents doivent se baser.<\/p>\n\n\n\n<p>La connaissance des statuts h\u00e9moglobiniques des financiers et obligatoire avant toute union si l\u2019on veut enrayer cette maladie. Ainsi les unions AS-AS, AS-SS puis\u00a0 SS-SS sont d\u00e9conseill\u00e9es afin d\u2019\u00e9viter la propagation. <\/p>\n\n\n\n<figure class=\"wp-block-image size-large\"><img loading=\"lazy\" loading=\"lazy\" decoding=\"async\" width=\"1024\" height=\"683\" src=\"https:\/\/corpsdiplomaticnews.tg\/wp-content\/uploads\/2025\/07\/PHOTO-2-DREPANO--1024x683.jpg\" alt=\"\" class=\"wp-image-10482\" srcset=\"https:\/\/corpsdiplomaticnews.tg\/wp-content\/uploads\/2025\/07\/PHOTO-2-DREPANO--1024x683.jpg 1024w, https:\/\/corpsdiplomaticnews.tg\/wp-content\/uploads\/2025\/07\/PHOTO-2-DREPANO--300x200.jpg 300w, https:\/\/corpsdiplomaticnews.tg\/wp-content\/uploads\/2025\/07\/PHOTO-2-DREPANO--768x512.jpg 768w, https:\/\/corpsdiplomaticnews.tg\/wp-content\/uploads\/2025\/07\/PHOTO-2-DREPANO--1536x1024.jpg 1536w, https:\/\/corpsdiplomaticnews.tg\/wp-content\/uploads\/2025\/07\/PHOTO-2-DREPANO--2048x1365.jpg 2048w, https:\/\/corpsdiplomaticnews.tg\/wp-content\/uploads\/2025\/07\/PHOTO-2-DREPANO--330x220.jpg 330w, https:\/\/corpsdiplomaticnews.tg\/wp-content\/uploads\/2025\/07\/PHOTO-2-DREPANO--420x280.jpg 420w, https:\/\/corpsdiplomaticnews.tg\/wp-content\/uploads\/2025\/07\/PHOTO-2-DREPANO--615x410.jpg 615w, https:\/\/corpsdiplomaticnews.tg\/wp-content\/uploads\/2025\/07\/PHOTO-2-DREPANO--860x573.jpg 860w\" sizes=\"auto, (max-width: 1024px) 100vw, 1024px\" \/><figcaption class=\"wp-element-caption\">IMV<\/figcaption><\/figure>\n\n\n\n<p><strong>M. AGBOVOR Anoumou en pleine sensibilisation <\/strong><\/p>\n\n\n\n<p>Faut-il le pr\u00e9ciser la sensibilisation, la pr\u00e9vention, le soutien et la solidarit\u00e9\u00a0 sont les quatre piliers sur\u00a0 lesquels l\u2019Association compte mener sa lutte contre cette maladie. <\/p>\n","protected":false},"excerpt":{"rendered":"<p>Le samedi 12&nbsp; juillet 2025, le monde associatif togolais s\u2019est agrandi d\u2019un membre. Il s\u2019agit de l\u2019Association Dr\u00e9panocytaires Conscients (ADC). C\u2019est le centre de recherche et de prise en charge des dr\u00e9panocytaires de l\u2019Universit\u00e9 de Lom\u00e9&nbsp; qui a servi de cadre pour son lancement. En proc\u00e9dant au lancement de cette association, les membres visent un [&hellip;]<\/p>\n","protected":false},"author":2,"featured_media":10481,"comment_status":"open","ping_status":"open","sticky":false,"template":"","format":"standard","meta":{"footnotes":""},"categories":[9,124],"tags":[],"class_list":{"0":"post-10480","1":"post","2":"type-post","3":"status-publish","4":"format-standard","5":"has-post-thumbnail","7":"category-azimuts","8":"category-la-une"},"_links":{"self":[{"href":"https:\/\/corpsdiplomaticnews.tg\/index.php\/wp-json\/wp\/v2\/posts\/10480","targetHints":{"allow":["GET"]}}],"collection":[{"href":"https:\/\/corpsdiplomaticnews.tg\/index.php\/wp-json\/wp\/v2\/posts"}],"about":[{"href":"https:\/\/corpsdiplomaticnews.tg\/index.php\/wp-json\/wp\/v2\/types\/post"}],"author":[{"embeddable":true,"href":"https:\/\/corpsdiplomaticnews.tg\/index.php\/wp-json\/wp\/v2\/users\/2"}],"replies":[{"embeddable":true,"href":"https:\/\/corpsdiplomaticnews.tg\/index.php\/wp-json\/wp\/v2\/comments?post=10480"}],"version-history":[{"count":1,"href":"https:\/\/corpsdiplomaticnews.tg\/index.php\/wp-json\/wp\/v2\/posts\/10480\/revisions"}],"predecessor-version":[{"id":10483,"href":"https:\/\/corpsdiplomaticnews.tg\/index.php\/wp-json\/wp\/v2\/posts\/10480\/revisions\/10483"}],"wp:featuredmedia":[{"embeddable":true,"href":"https:\/\/corpsdiplomaticnews.tg\/index.php\/wp-json\/wp\/v2\/media\/10481"}],"wp:attachment":[{"href":"https:\/\/corpsdiplomaticnews.tg\/index.php\/wp-json\/wp\/v2\/media?parent=10480"}],"wp:term":[{"taxonomy":"category","embeddable":true,"href":"https:\/\/corpsdiplomaticnews.tg\/index.php\/wp-json\/wp\/v2\/categories?post=10480"},{"taxonomy":"post_tag","embeddable":true,"href":"https:\/\/corpsdiplomaticnews.tg\/index.php\/wp-json\/wp\/v2\/tags?post=10480"}],"curies":[{"name":"wp","href":"https:\/\/api.w.org\/{rel}","templated":true}]}}