{"id":10412,"date":"2025-06-25T20:53:36","date_gmt":"2025-06-25T20:53:36","guid":{"rendered":"https:\/\/corpsdiplomaticnews.tg\/?p=10412"},"modified":"2025-06-27T13:15:48","modified_gmt":"2025-06-27T13:15:48","slug":"celebration-du-24-juin-lordre-souverain-de-malte-met-sa-foi-au-service-des-plus-faibles","status":"publish","type":"post","link":"https:\/\/corpsdiplomaticnews.tg\/index.php\/2025\/06\/25\/celebration-du-24-juin-lordre-souverain-de-malte-met-sa-foi-au-service-des-plus-faibles\/","title":{"rendered":"C\u00e9l\u00e9bration\u00a0 St  Jean-Baptiste: l\u2019Ordre Souverain de Malte met sa foi au service des plus faibles \u00a0"},"content":{"rendered":"\n<p>C\u2019est \u00e0 travers \u00e0 une messe que l\u2019Ordre&nbsp; Souverain de Malte au Togo &nbsp;a c\u00e9l\u00e9br\u00e9 la&nbsp; Nativit\u00e9 de Saint Jean-Baptiste. Et c\u2019est la Chapelle Christ R\u00e9dempteur&nbsp; de Lom\u00e9 qui a servi de cadre \u00e0 cette c\u00e9l\u00e9bration ce 24 juin 2025.<\/p>\n\n\n\n<p>Pour la circonstance, beaucoup de personnalit\u00e9s ont \u00e9t\u00e9 invit\u00e9es \u00e0 cette c\u00e9l\u00e9bration \u00e0 savoir des diplomates, personnalit\u00e9s politiques et administratives.<\/p>\n\n\n\n<p>La messe a \u00e9t\u00e9 pr\u00e9sid\u00e9e par l\u2019Administrateur Apostolique de l\u2019Archidioc\u00e8se de Lom\u00e9,\u00a0 Monseigneur Isaac Jogues Agb\u00e9m\u00e9gna GAGLO.\u00a0 <\/p>\n\n\n\n<figure class=\"wp-block-image size-large\"><img loading=\"lazy\" loading=\"lazy\" decoding=\"async\" width=\"1024\" height=\"680\" src=\"https:\/\/corpsdiplomaticnews.tg\/wp-content\/uploads\/2025\/06\/M-1-1024x680.jpg\" alt=\"\" class=\"wp-image-10418\" srcset=\"https:\/\/corpsdiplomaticnews.tg\/wp-content\/uploads\/2025\/06\/M-1-1024x680.jpg 1024w, https:\/\/corpsdiplomaticnews.tg\/wp-content\/uploads\/2025\/06\/M-1-300x199.jpg 300w, https:\/\/corpsdiplomaticnews.tg\/wp-content\/uploads\/2025\/06\/M-1-768x510.jpg 768w, https:\/\/corpsdiplomaticnews.tg\/wp-content\/uploads\/2025\/06\/M-1-1536x1020.jpg 1536w, https:\/\/corpsdiplomaticnews.tg\/wp-content\/uploads\/2025\/06\/M-1-330x220.jpg 330w, https:\/\/corpsdiplomaticnews.tg\/wp-content\/uploads\/2025\/06\/M-1-420x280.jpg 420w, https:\/\/corpsdiplomaticnews.tg\/wp-content\/uploads\/2025\/06\/M-1-860x571.jpg 860w, https:\/\/corpsdiplomaticnews.tg\/wp-content\/uploads\/2025\/06\/M-1.jpg 1600w\" sizes=\"auto, (max-width: 1024px) 100vw, 1024px\" \/><\/figure>\n\n\n\n<p>Dans son hom\u00e9lie, le Pr\u00e9lat a tenu a insist\u00e9 sur le fait que St Jean-Baptiste est le St Patron de l\u2019Ordre Souverain de Malte.<\/p>\n\n\n\n<p>D\u2019entr\u00e9e, le pr\u00e9lat a salu\u00e9 les actions de&nbsp; l\u2019Ordre Souverain de Malte pour ses r\u00e9alisations au Togo notamment dans le domaine social. En effet, cette institution entretient des centres de sant\u00e9, des pouponni\u00e8res et autres, ceci pour le bien-\u00eatre des populations togolaises. &nbsp;Occasion pour Mgr de prier le Seigneur afin qu\u2019il exauce cet ordre et lui accorde \u00ab&nbsp;des moyens pour aller plus loin&nbsp;\u00bb.<\/p>\n\n\n\n<p>\u00ab\u00a0Jean-Baptiste, la voix qui crie dans le d\u00e9sert, qui exhorte les uns et les autres \u00e0 pr\u00e9parer le chemin du Seigneur, \u00e0 \u00eatre des serviteurs.\u00a0 La naissance de Jean-Baptiste inaugure une vie nouvelle pour\u00a0 ses parents \u00e2g\u00e9s au moment o\u00f9 tout espoir semblait perdu. La naissance de Jean-Baptiste nous r\u00e9v\u00e8le que chacun est le fruit d\u2019une r\u00e9surrection. \u00a0La f\u00eate de tous les autres Saints est c\u00e9l\u00e9br\u00e9e le jour de leur mort, de leur mont\u00e9e au ciel mais seule celle Jean-Baptiste l\u2019est au jour de sa naissance. Et pourquoi ce privil\u00e8ge\u00a0? Mgr\u00a0 a r\u00e9pondu par les actions qui a commenc\u00e9 par poser depuis les seins de sa m\u00e8re et \u00e0 sa naissance, en t\u00e9moignant de la grandeur de J\u00e9sus Christ\u00a0\u00bb. Et c\u2019est pourquoi, a laiss\u00e9 entendre Mgr, le 24 juin, le jour le plus long de l\u2019ann\u00e9e. <\/p>\n\n\n\n<figure class=\"wp-block-image size-large\"><img loading=\"lazy\" loading=\"lazy\" decoding=\"async\" width=\"1024\" height=\"680\" src=\"https:\/\/corpsdiplomaticnews.tg\/wp-content\/uploads\/2025\/06\/M-3-1024x680.jpg\" alt=\"\" class=\"wp-image-10413\" srcset=\"https:\/\/corpsdiplomaticnews.tg\/wp-content\/uploads\/2025\/06\/M-3-1024x680.jpg 1024w, https:\/\/corpsdiplomaticnews.tg\/wp-content\/uploads\/2025\/06\/M-3-300x199.jpg 300w, https:\/\/corpsdiplomaticnews.tg\/wp-content\/uploads\/2025\/06\/M-3-768x510.jpg 768w, https:\/\/corpsdiplomaticnews.tg\/wp-content\/uploads\/2025\/06\/M-3-1536x1020.jpg 1536w, https:\/\/corpsdiplomaticnews.tg\/wp-content\/uploads\/2025\/06\/M-3-330x220.jpg 330w, https:\/\/corpsdiplomaticnews.tg\/wp-content\/uploads\/2025\/06\/M-3-420x280.jpg 420w, https:\/\/corpsdiplomaticnews.tg\/wp-content\/uploads\/2025\/06\/M-3-860x571.jpg 860w, https:\/\/corpsdiplomaticnews.tg\/wp-content\/uploads\/2025\/06\/M-3.jpg 1600w\" sizes=\"auto, (max-width: 1024px) 100vw, 1024px\" \/><\/figure>\n\n\n\n<p><strong>M. Laurent Jean BOUSTANI, Charg\u00e9 d\u2019Affaires \u00e0 l\u2019Ambassade de l\u2019Ordre\u00a0 Souverain de Malte <\/strong><\/p>\n\n\n\n<p>Prenant la parole en cette solennit\u00e9 de la Nativit\u00e9 de St Jean-Baptiste, Monsieur Laurent Jean BOUSTANI, Charg\u00e9 d\u2019Affaires \u00e0 l\u2019Ambassade de l\u2019Ordre&nbsp; Souverain de Malte au Togo, a t\u00e9moign\u00e9 sa gratitude \u00e0 ceux qui ont honor\u00e9 l\u2019invitation.<\/p>\n\n\n\n<p>\u00ab&nbsp;Votre collaboration nous est pr\u00e9cieuse. Elle t\u00e9moigne d\u2019un esprit de solidarit\u00e9 et de responsabilit\u00e9 partag\u00e9e. Je salue chaleureusement tous les diplomates et repr\u00e9sentants de la communaut\u00e9 internationale ici pr\u00e9sents, qui partagez avec nous le m\u00eame id\u00e9al de dignit\u00e9 humaine. La paix et la solidarit\u00e9 passent aussi par la coop\u00e9ration entre nations, et entre hommes et femmes de bonne volont\u00e9.\u00bb, affirm\u00e9 Monsieur BOUSTANI&nbsp; \u00e0 l\u2019endroit de ses coll\u00e8gues.<\/p>\n\n\n\n<p>&nbsp;Il a ensuite d\u00e9clin\u00e9 la port\u00e9e de cette c\u00e9l\u00e9bration pour l\u2019Ordre.<\/p>\n\n\n\n<p>\u00ab&nbsp;C\u2019est avec une profonde \u00e9motion et une grande gratitude que je prends la parole en ce jour de solennit\u00e9, o\u00f9 nous c\u00e9l\u00e9brons la Nativit\u00e9 de Saint Jean-Baptiste. Cette journ\u00e9e est, pour notre Ordre, bien plus qu\u2019une c\u00e9l\u00e9bration liturgique: elle est le c\u0153ur m\u00eame de notre identit\u00e9 spirituelle et humanitaire. Saint Patron de l\u2019Ordre Souverain de Malte, figure de v\u00e9rit\u00e9, d\u2019humilit\u00e9 et de service, il nous inspire une mission simple mais exigeante: <strong>mettre notre foi au service des plus faibles<\/strong>.\u00bb<\/p>\n\n\n\n<p>&nbsp;Et nous rappelle que cette mission ne se mesure pas au prestige de ceux qui l\u2019accomplissent, mais \u00e0 l\u2019amour qu\u2019ils mettent dans chaque acte. L\u2019Ordre Souverain de Malte est l\u2019un des plus anciens acteurs humanitaires au monde. Depuis plus de neuf si\u00e8cles, il \u0153uvre dans le silence des dispensaires, au chevet des malades, dans les d\u00e9serts de la mis\u00e8re et dans les marges de nos soci\u00e9t\u00e9s.<\/p>\n\n\n\n<p><strong>La mission de l\u2019Ordre prend un visage humain et fraternel &nbsp;\u00e0 Elavagnon&nbsp;<\/strong><\/p>\n\n\n\n<p>\u00ab&nbsp;En c\u00e9l\u00e9brant Saint Jean-Baptiste, nous ne nous tournons pas vers le pass\u00e9, mais vers notre mission pr\u00e9sente&nbsp;\u00bb, soutient Laurent Jean BOUSTANI. Plus que jamais, le monde a besoin d\u2019acteurs de compassion. Plus que jamais, il a besoin de bras tendus, de c\u0153urs ouverts, et de gestes concrets. C\u2019est ce que l\u2019Ordre de Malte s\u2019efforce de faire au Togo, et partout o\u00f9 la d\u00e9tresse appelle. \u00c0 Elavagnon, dans la r\u00e9gion des Plateaux, cette mission prend un visage concret, profond\u00e9ment humain et fraternel. L\u2019Ordre de Malte soutient un h\u00f4pital qui accueille, soigne, et accompagne des milliers de patients. L\u00e0-bas, chaque jour, ses &nbsp;\u00e9quipes accueillent des femmes enceintes, des m\u00e8res, des enfants souffrant de malnutrition, victimes de maladies tropicales n\u00e9glig\u00e9es, des personnes \u00e2g\u00e9es, parfois \u00e0 bout de forces. &nbsp;Elles soignent la fi\u00e8vre, les blessures, les souffrances du corps, mais aussi celles du c\u0153ur. Elles apportent l\u2019\u00e9coute, la proximit\u00e9, le respect. Elles incarnent ce que notre Ordre porte de plus pr\u00e9cieux : la charit\u00e9 agissante. Tous y trouvent plus que des soins : ils y trouvent une pr\u00e9sence. Une main tendue. Une esp\u00e9rance. Cet h\u00f4pital n\u2019est pas seulement un lieu de soins. C\u2019est un sanctuaire d\u2019esp\u00e9rance. Un symbole concret de la pr\u00e9sence fid\u00e8le de l\u2019Ordre de Malte au service des plus vuln\u00e9rables.<\/p>\n\n\n\n<p>Par ailleurs, le diplomate a salu\u00e9 l\u2019ouverture de l\u2019Ex\u00e9cutif togolais repr\u00e9sent\u00e9 \u00e0 cette messe par le Ministre de la s\u00e9curit\u00e9 et de la protection civile, le Colonel Calixte MADJOULBA. (<strong>photo ci-dessous) <\/strong><\/p>\n\n\n\n<figure class=\"wp-block-image size-large\"><img loading=\"lazy\" loading=\"lazy\" decoding=\"async\" width=\"1024\" height=\"682\" src=\"https:\/\/corpsdiplomaticnews.tg\/wp-content\/uploads\/2025\/06\/M-2-1024x682.jpg\" alt=\"\" class=\"wp-image-10416\" srcset=\"https:\/\/corpsdiplomaticnews.tg\/wp-content\/uploads\/2025\/06\/M-2-1024x682.jpg 1024w, https:\/\/corpsdiplomaticnews.tg\/wp-content\/uploads\/2025\/06\/M-2-300x200.jpg 300w, https:\/\/corpsdiplomaticnews.tg\/wp-content\/uploads\/2025\/06\/M-2-768x512.jpg 768w, https:\/\/corpsdiplomaticnews.tg\/wp-content\/uploads\/2025\/06\/M-2-1536x1023.jpg 1536w, https:\/\/corpsdiplomaticnews.tg\/wp-content\/uploads\/2025\/06\/M-2-330x220.jpg 330w, https:\/\/corpsdiplomaticnews.tg\/wp-content\/uploads\/2025\/06\/M-2-420x280.jpg 420w, https:\/\/corpsdiplomaticnews.tg\/wp-content\/uploads\/2025\/06\/M-2-615x410.jpg 615w, https:\/\/corpsdiplomaticnews.tg\/wp-content\/uploads\/2025\/06\/M-2-860x573.jpg 860w, https:\/\/corpsdiplomaticnews.tg\/wp-content\/uploads\/2025\/06\/M-2.jpg 1600w\" sizes=\"auto, (max-width: 1024px) 100vw, 1024px\" \/><\/figure>\n\n\n\n<p>\u00abCe travail ne serait pas non plus possible sans la coop\u00e9ration active du Gouvernement togolais, que je tiens \u00e0 remercier du fond du c\u0153ur, et particuli\u00e8rement nos partenaires du Minist\u00e8re des Affaires \u00c9trang\u00e8res, du Minist\u00e8re de la Sant\u00e9 et les autorit\u00e9s locales de la r\u00e9gion des Plateaux pour leur confiance et leur soutien constant qui permettent \u00e0 l\u2019Ordre d\u2019\u00e9tendre son action, de renforcer ses capacit\u00e9s et de r\u00e9pondre avec agilit\u00e9 aux urgences humanitaires.&nbsp;\u00bb&nbsp;<\/p>\n\n\n\n<figure class=\"wp-block-image size-large\"><img loading=\"lazy\" loading=\"lazy\" decoding=\"async\" width=\"1024\" height=\"680\" src=\"https:\/\/corpsdiplomaticnews.tg\/wp-content\/uploads\/2025\/06\/M-4-1024x680.jpg\" alt=\"\" class=\"wp-image-10419\" srcset=\"https:\/\/corpsdiplomaticnews.tg\/wp-content\/uploads\/2025\/06\/M-4-1024x680.jpg 1024w, https:\/\/corpsdiplomaticnews.tg\/wp-content\/uploads\/2025\/06\/M-4-300x199.jpg 300w, https:\/\/corpsdiplomaticnews.tg\/wp-content\/uploads\/2025\/06\/M-4-768x510.jpg 768w, https:\/\/corpsdiplomaticnews.tg\/wp-content\/uploads\/2025\/06\/M-4-1536x1020.jpg 1536w, https:\/\/corpsdiplomaticnews.tg\/wp-content\/uploads\/2025\/06\/M-4-330x220.jpg 330w, https:\/\/corpsdiplomaticnews.tg\/wp-content\/uploads\/2025\/06\/M-4-420x280.jpg 420w, https:\/\/corpsdiplomaticnews.tg\/wp-content\/uploads\/2025\/06\/M-4-860x571.jpg 860w, https:\/\/corpsdiplomaticnews.tg\/wp-content\/uploads\/2025\/06\/M-4.jpg 1600w\" sizes=\"auto, (max-width: 1024px) 100vw, 1024px\" \/><\/figure>\n\n\n\n<p>Enfin, le diplomate a adress\u00e9 un message de c\u0153ur \u00e0 l\u2019Eglise famille de Dieu qui est au Togo&nbsp;: \u00ab&nbsp;Nous tenons \u00e0 adresser un mot personnel aux repr\u00e9sentants de l\u2019\u00c9glise catholique au Togo qui accompagnent nos actions avec foi et bienveillance : vos pri\u00e8res sont la force invisible qui soutient nos bras quand l\u2019\u00e9preuve devient lourde.\u00bb, a martel\u00e9 le Charg\u00e9 d\u2019Affaires. &nbsp;<\/p>\n\n\n\n<p>Et de poursuivre \u00ab&nbsp;En ce jour de f\u00eate, puisse la figure de Saint Jean-Baptiste nous rappeler que le vrai pouvoir r\u00e9side dans le service, et que la grandeur d\u2019une nation, comme d\u2019un Ordre, se mesure \u00e0 sa capacit\u00e9 \u00e0 prot\u00e9ger les plus vuln\u00e9rables.&nbsp;\u00bb, a &nbsp;si bien conclu le&nbsp; Diplomate maltien. &nbsp;<\/p>\n\n\n\n<p>Il sied&nbsp; de rappeler&nbsp; que l\u2019Ordre Souverain de Malte&nbsp; est&nbsp; pr\u00e9sent dans plus de 120 pays \u00e0 travers un r\u00e9seau hospitalier, m\u00e9dical et social. Il se tient aux c\u00f4t\u00e9s des malades, des exclus, des r\u00e9fugi\u00e9s, des bless\u00e9s de la vie. &nbsp;Sa mission reste inchang\u00e9e: soigner, secourir, et servir, sans distinction d\u2019origine, de condition ni de religion. En ces temps troubl\u00e9s, marqu\u00e9s par les conflits, les crises sanitaires, la pauvret\u00e9 persistante, l\u2019Ordre de Malte \u0153uvre avec d\u00e9termination pour apporter des soins de qualit\u00e9 l\u00e0 o\u00f9 d\u2019autres n\u2019ont plus acc\u00e8s ni \u00e0 la m\u00e9decine, ni \u00e0 la dignit\u00e9 par le biais de ses volontaires, m\u00e9decins, infirmiers, aides-soignants qui donnent le meilleur d\u2019eux-m\u00eames sur tous les continents, souvent dans l\u2019ombre, mais toujours dans la lumi\u00e8re du service.<\/p>\n\n\n\n<p>A travers ses h\u00f4pitaux, centres de sant\u00e9,&nbsp; \u00e9quipes d\u2019intervention d\u2019urgence, et&nbsp; dispensaires mobiles, il met&nbsp; en \u0153uvre une diplomatie de la compassion, mieux une diplomatie silencieuse, mais puissante, enracin\u00e9e dans l\u2019\u00c9vangile et port\u00e9e par la neutralit\u00e9 et l\u2019ind\u00e9pendance de son statut souverain.&nbsp;<\/p>\n\n\n\n<p>Signalons que la messe a \u00e9t\u00e9 anim\u00e9e par la chorale \u00ab\u00a0Notre\u00a0 Dame de Fatima\u00a0\u00bb dans une grande ferveur.<\/p>\n\n\n\n<p><strong>Jean-Baptiste ATTISSO<\/strong> <\/p>\n\n\n\n<p><\/p>\n","protected":false},"excerpt":{"rendered":"<p>C\u2019est \u00e0 travers \u00e0 une messe que l\u2019Ordre&nbsp; Souverain de Malte au Togo &nbsp;a c\u00e9l\u00e9br\u00e9 la&nbsp; Nativit\u00e9 de Saint Jean-Baptiste. Et c\u2019est la Chapelle Christ R\u00e9dempteur&nbsp; de Lom\u00e9 qui a servi de cadre \u00e0 cette c\u00e9l\u00e9bration ce 24 juin 2025. Pour la circonstance, beaucoup de personnalit\u00e9s ont \u00e9t\u00e9 invit\u00e9es \u00e0 cette c\u00e9l\u00e9bration \u00e0 savoir des [&hellip;]<\/p>\n","protected":false},"author":2,"featured_media":10419,"comment_status":"open","ping_status":"open","sticky":false,"template":"","format":"standard","meta":{"footnotes":""},"categories":[2,124],"tags":[],"class_list":{"0":"post-10412","1":"post","2":"type-post","3":"status-publish","4":"format-standard","5":"has-post-thumbnail","7":"category-diplomatie","8":"category-la-une"},"_links":{"self":[{"href":"https:\/\/corpsdiplomaticnews.tg\/index.php\/wp-json\/wp\/v2\/posts\/10412","targetHints":{"allow":["GET"]}}],"collection":[{"href":"https:\/\/corpsdiplomaticnews.tg\/index.php\/wp-json\/wp\/v2\/posts"}],"about":[{"href":"https:\/\/corpsdiplomaticnews.tg\/index.php\/wp-json\/wp\/v2\/types\/post"}],"author":[{"embeddable":true,"href":"https:\/\/corpsdiplomaticnews.tg\/index.php\/wp-json\/wp\/v2\/users\/2"}],"replies":[{"embeddable":true,"href":"https:\/\/corpsdiplomaticnews.tg\/index.php\/wp-json\/wp\/v2\/comments?post=10412"}],"version-history":[{"count":3,"href":"https:\/\/corpsdiplomaticnews.tg\/index.php\/wp-json\/wp\/v2\/posts\/10412\/revisions"}],"predecessor-version":[{"id":10422,"href":"https:\/\/corpsdiplomaticnews.tg\/index.php\/wp-json\/wp\/v2\/posts\/10412\/revisions\/10422"}],"wp:featuredmedia":[{"embeddable":true,"href":"https:\/\/corpsdiplomaticnews.tg\/index.php\/wp-json\/wp\/v2\/media\/10419"}],"wp:attachment":[{"href":"https:\/\/corpsdiplomaticnews.tg\/index.php\/wp-json\/wp\/v2\/media?parent=10412"}],"wp:term":[{"taxonomy":"category","embeddable":true,"href":"https:\/\/corpsdiplomaticnews.tg\/index.php\/wp-json\/wp\/v2\/categories?post=10412"},{"taxonomy":"post_tag","embeddable":true,"href":"https:\/\/corpsdiplomaticnews.tg\/index.php\/wp-json\/wp\/v2\/tags?post=10412"}],"curies":[{"name":"wp","href":"https:\/\/api.w.org\/{rel}","templated":true}]}}