{"id":10347,"date":"2025-06-11T14:57:26","date_gmt":"2025-06-11T14:57:26","guid":{"rendered":"https:\/\/corpsdiplomaticnews.tg\/?p=10347"},"modified":"2025-06-11T17:04:21","modified_gmt":"2025-06-11T17:04:21","slug":"crise-socio-politique-au-togo-les-eveques-catholiques-partis-en-conclave","status":"publish","type":"post","link":"https:\/\/corpsdiplomaticnews.tg\/index.php\/2025\/06\/11\/crise-socio-politique-au-togo-les-eveques-catholiques-partis-en-conclave\/","title":{"rendered":"Crise socio-politique au Togo: les Ev\u00eaques catholiques \u00a0en conclave"},"content":{"rendered":"\n<p>Les Ev\u00eaques de l\u2019Eglise catholique sont tr\u00e8s pr\u00e9occup\u00e9s par la volatilit\u00e9 de la situation socio-politique qui pr\u00e9vaut au Togo. \u00a0Ce mardi  10 juin 2025, ils sont \u00a0entr\u00e9s en conclave.<\/p>\n\n\n\n<figure class=\"wp-block-image size-large\"><img loading=\"lazy\" loading=\"lazy\" decoding=\"async\" width=\"1024\" height=\"373\" src=\"https:\/\/corpsdiplomaticnews.tg\/wp-content\/uploads\/2025\/05\/EVEQUES-1024x373.jpg\" alt=\"\" class=\"wp-image-10292\" srcset=\"https:\/\/corpsdiplomaticnews.tg\/wp-content\/uploads\/2025\/05\/EVEQUES-1024x373.jpg 1024w, https:\/\/corpsdiplomaticnews.tg\/wp-content\/uploads\/2025\/05\/EVEQUES-300x109.jpg 300w, https:\/\/corpsdiplomaticnews.tg\/wp-content\/uploads\/2025\/05\/EVEQUES-768x280.jpg 768w, https:\/\/corpsdiplomaticnews.tg\/wp-content\/uploads\/2025\/05\/EVEQUES-860x313.jpg 860w, https:\/\/corpsdiplomaticnews.tg\/wp-content\/uploads\/2025\/05\/EVEQUES.jpg 1030w\" sizes=\"auto, (max-width: 1024px) 100vw, 1024px\" \/><\/figure>\n\n\n\n<p>Il sied de rappeler que depuis plusieurs d\u00e9cennies, le Togo est en proie \u00e0 une&nbsp; sempiternelle crise socio-politique. Les dialogues de sourds initi\u00e9s par le pouvoir de Lom\u00e9 n\u2019ont rien donn\u00e9 et la majorit\u00e9 des Togolais tirent le diable par la queue, mangeant difficilement un repas par jour.<\/p>\n\n\n\n<p>A c\u00f4te de cette majorit\u00e9 qui ne sait \u00e0 quel saint se vouer, une petite minorit\u00e9 compos\u00e9e de&nbsp; quelques officiers sup\u00e9rieurs&nbsp; de l\u2019arm\u00e9e avec la complicit\u00e9 &nbsp;de certains&nbsp; caciques &nbsp;du pouvoir ont pris le pays en otage, rendant l\u2019existence tr\u00e8s difficile \u00e0 la population.<\/p>\n\n\n\n<p>Pour envenimer la crise politique, en mars 2024, cette minorit\u00e9 a enjoint l\u2019Assembl\u00e9e monocolore \u00e0 proc\u00e9der \u00e0 un changement de la constitution pour faire basculer le pays &nbsp;dans une pseudo 5<sup>e<\/sup> &nbsp;r\u00e9publique. Un v\u00e9ritable coup d\u2019Etat constitutionnel contest\u00e9 par &nbsp;toutes les cat\u00e9gories sociales du pays. <\/p>\n\n\n\n<p>En entrant en conclave ce jour, le Clerg\u00e9 catholique entend jouer sa partition.  Contrairement aux autres \u00e9glises qui sont souvent accus\u00e9es \u00e0 tort ou \u00e0 raison d&rsquo;\u00eatre de connivence avec le r\u00e9gime qui r\u00e9gente le Togo, l&rsquo;Eglise catholique affiche toujours clairement sa proximit\u00e9 face aux souffrances du peuple.  <\/p>\n\n\n\n<p><\/p>\n","protected":false},"excerpt":{"rendered":"<p>Les Ev\u00eaques de l\u2019Eglise catholique sont tr\u00e8s pr\u00e9occup\u00e9s par la volatilit\u00e9 de la situation socio-politique qui pr\u00e9vaut au Togo. \u00a0Ce mardi 10 juin 2025, ils sont \u00a0entr\u00e9s en conclave. Il sied de rappeler que depuis plusieurs d\u00e9cennies, le Togo est en proie \u00e0 une&nbsp; sempiternelle crise socio-politique. Les dialogues de sourds initi\u00e9s par le pouvoir [&hellip;]<\/p>\n","protected":false},"author":2,"featured_media":10292,"comment_status":"open","ping_status":"open","sticky":false,"template":"","format":"standard","meta":{"footnotes":""},"categories":[9,124],"tags":[],"class_list":{"0":"post-10347","1":"post","2":"type-post","3":"status-publish","4":"format-standard","5":"has-post-thumbnail","7":"category-azimuts","8":"category-la-une"},"_links":{"self":[{"href":"https:\/\/corpsdiplomaticnews.tg\/index.php\/wp-json\/wp\/v2\/posts\/10347","targetHints":{"allow":["GET"]}}],"collection":[{"href":"https:\/\/corpsdiplomaticnews.tg\/index.php\/wp-json\/wp\/v2\/posts"}],"about":[{"href":"https:\/\/corpsdiplomaticnews.tg\/index.php\/wp-json\/wp\/v2\/types\/post"}],"author":[{"embeddable":true,"href":"https:\/\/corpsdiplomaticnews.tg\/index.php\/wp-json\/wp\/v2\/users\/2"}],"replies":[{"embeddable":true,"href":"https:\/\/corpsdiplomaticnews.tg\/index.php\/wp-json\/wp\/v2\/comments?post=10347"}],"version-history":[{"count":5,"href":"https:\/\/corpsdiplomaticnews.tg\/index.php\/wp-json\/wp\/v2\/posts\/10347\/revisions"}],"predecessor-version":[{"id":10354,"href":"https:\/\/corpsdiplomaticnews.tg\/index.php\/wp-json\/wp\/v2\/posts\/10347\/revisions\/10354"}],"wp:featuredmedia":[{"embeddable":true,"href":"https:\/\/corpsdiplomaticnews.tg\/index.php\/wp-json\/wp\/v2\/media\/10292"}],"wp:attachment":[{"href":"https:\/\/corpsdiplomaticnews.tg\/index.php\/wp-json\/wp\/v2\/media?parent=10347"}],"wp:term":[{"taxonomy":"category","embeddable":true,"href":"https:\/\/corpsdiplomaticnews.tg\/index.php\/wp-json\/wp\/v2\/categories?post=10347"},{"taxonomy":"post_tag","embeddable":true,"href":"https:\/\/corpsdiplomaticnews.tg\/index.php\/wp-json\/wp\/v2\/tags?post=10347"}],"curies":[{"name":"wp","href":"https:\/\/api.w.org\/{rel}","templated":true}]}}