{"id":10308,"date":"2025-06-03T09:26:03","date_gmt":"2025-06-03T09:26:03","guid":{"rendered":"https:\/\/corpsdiplomaticnews.tg\/?p=10308"},"modified":"2025-06-03T09:30:07","modified_gmt":"2025-06-03T09:30:07","slug":"3e-rencontre-de-lapa-lafrique-definit-son-repositionnement-strategique-et-diplomatique-a-lome","status":"publish","type":"post","link":"https:\/\/corpsdiplomaticnews.tg\/index.php\/2025\/06\/03\/3e-rencontre-de-lapa-lafrique-definit-son-repositionnement-strategique-et-diplomatique-a-lome\/","title":{"rendered":"3e rencontre de l\u2019APA: l\u2019Afrique d\u00e9finit son repositionnement strat\u00e9gique et diplomatique \u00a0\u00e0 Lom\u00e9"},"content":{"rendered":"\n<p>La troisi\u00e8me conf\u00e9rence minist\u00e9rielle de l\u2019Alliance Politique Africaine (APA)\u00a0s\u2019est tenue ce lundi 02 juin 2025 dans la capitale togolaise Lom\u00e9, avec \u00a0une ambition forte: redessiner la place de l\u2019Afrique dans un monde en pleine m\u00e9tamorphose. Plac\u00e9e sous le th\u00e8me\u00a0: \u00ab Place de l\u2019Afrique dans un monde en mutation: enjeu d\u2019un repositionnement strat\u00e9gique et diplomatique \u00bb, cette rencontre r\u00e9unit des d\u00e9l\u00e9gu\u00e9s de dix nations africaines, d\u00e9cid\u00e9s \u00e0 faire du continent un acteur central des \u00e9quilibres mondiaux. Orchestr\u00e9e par le ministre togolais des Affaires \u00e9trang\u00e8res et de l\u2019Int\u00e9gration Africaine,\u00a0le Professeur Robert DUSSEY, cette assembl\u00e9e s\u2019inscrit dans une qu\u00eate de souverainet\u00e9 et d\u2019unit\u00e9, o\u00f9 l\u2019Afrique aspire \u00e0 \u00e9crire sa propre partition dans le concert des nations. <\/p>\n\n\n\n<p><\/p>\n\n\n\n<figure class=\"wp-block-image size-large\"><img loading=\"lazy\" loading=\"lazy\" decoding=\"async\" width=\"1024\" height=\"576\" src=\"https:\/\/corpsdiplomaticnews.tg\/wp-content\/uploads\/2025\/06\/APA-1-1024x576.jpg\" alt=\"\" class=\"wp-image-10309\" srcset=\"https:\/\/corpsdiplomaticnews.tg\/wp-content\/uploads\/2025\/06\/APA-1-1024x576.jpg 1024w, https:\/\/corpsdiplomaticnews.tg\/wp-content\/uploads\/2025\/06\/APA-1-300x169.jpg 300w, https:\/\/corpsdiplomaticnews.tg\/wp-content\/uploads\/2025\/06\/APA-1-768x432.jpg 768w, https:\/\/corpsdiplomaticnews.tg\/wp-content\/uploads\/2025\/06\/APA-1-860x484.jpg 860w, https:\/\/corpsdiplomaticnews.tg\/wp-content\/uploads\/2025\/06\/APA-1.jpg 1536w\" sizes=\"auto, (max-width: 1024px) 100vw, 1024px\" \/><\/figure>\n\n\n\n<p><strong>Un vibrant appel \u00e0 l\u2019\u00e9mancipation du continent africain <\/strong><\/p>\n\n\n\n<p>D\u00e8s l\u2019ouverture des travaux, dans l\u2019\u00e9crin de l\u2019h\u00f4tel 2 F\u00e9vrier, Robert Dussey a pos\u00e9 les jalons d\u2019une vision r\u00e9solument offensive. \u00ab L\u2019Afrique doit cesser d\u2019\u00eatre le t\u00e9moin passif de l\u2019histoire pour en devenir l\u2019architecte \u00bb, a-t-il d\u00e9clar\u00e9, sa voix empreinte d\u2019une ferveur panafricaine. Face \u00e0 un auditoire compos\u00e9 de ministres et de diplomates issus de pays comme l\u2019Angola, le Burkina Faso, la Guin\u00e9e ou encore la R\u00e9publique D\u00e9mocratique du Congo, r\u00e9cemment int\u00e9gr\u00e9e \u00e0 l\u2019Alliance, il a plaid\u00e9 pour une rupture avec les postures h\u00e9rit\u00e9es d\u2019un pass\u00e9 colonial.&nbsp;Par cons\u00e9quent, cette troisi\u00e8me conf\u00e9rence, apr\u00e8s celles de Lom\u00e9 en 2023 et de Bamako en 2024, marque une \u00e9tape d\u00e9cisive dans la formalisation de l\u2019APA, avec l\u2019adoption imminente d\u2019une charte, pr\u00e9vue pour fin 2025, qui structurera ses ambitions.<\/p>\n\n\n\n<p>Le contexte mondial, marqu\u00e9 par des reconfigurations g\u00e9opolitiques \u2013 du retour du protectionnisme \u00e0 l\u2019\u00e9mergence de nouveaux blocs comme les BRICS \u2013 offre \u00e0 l\u2019Afrique une opportunit\u00e9 in\u00e9dite. Pourtant, comme l\u2019a soulign\u00e9 Dussey, le continent reste sous-repr\u00e9sent\u00e9 dans les ar\u00e8nes multilat\u00e9rales, notamment au Conseil de S\u00e9curit\u00e9 de l\u2019ONU, o\u00f9 il r\u00e9clame deux si\u00e8ges permanents.&nbsp;Ainsi, cette exigence, relay\u00e9e lors du sommet du G20 de 2024 \u00e0 Rio, trouve un \u00e9cho dans les discussions de Lom\u00e9, o\u00f9 les d\u00e9l\u00e9gu\u00e9s explorent des strat\u00e9gies pour amplifier la voix africaine sur des dossiers cruciaux : commerce, s\u00e9curit\u00e9, transitions \u00e9nerg\u00e9tiques et gouvernance num\u00e9rique.<\/p>\n\n\n\n<p><strong>L\u2019APA: une diplomatie unie face aux d\u00e9fis globaux<\/strong><\/p>\n\n\n\n<p>L\u2019APA, n\u00e9e en 2023 \u00e0 l\u2019initiative du Togo, se veut un antidote aux fragmentations qui freinent l\u2019unit\u00e9 africaine. Contrairement \u00e0 l\u2019Union Africaine, parfois per\u00e7ue comme englu\u00e9e dans des dynamiques bureaucratiques, ou \u00e0 la CEDEAO, critiqu\u00e9e pour son alignement sur des int\u00e9r\u00eats ext\u00e9rieurs, l\u2019Alliance mise sur une coop\u00e9ration agile entre nations partageant une vision panafricaniste. Les d\u00e9bats, qui se prolongent jusqu\u2019au 4 juin, abordent des enjeux pressants. La s\u00e9curit\u00e9, d\u2019abord, domine les \u00e9changes, alors que le Sahel est secou\u00e9 par plus de&nbsp;3200 attaques terroristes en 2024, selon les chiffres de l\u2019Union Africaine. L\u2019APA pr\u00f4ne une r\u00e9ponse endog\u00e8ne, s\u2019appuyant sur la mutualisation des ressources, comme l\u2019illustre l\u2019Alliance des \u00c9tats du Sahel (AES).&nbsp;De m\u00eame, sur le plan \u00e9conomique, la Zone de Libre-\u00c9change Continentale Africaine (ZLECAf), op\u00e9rationnelle depuis 2021, est vue comme un levier pour r\u00e9duire la d\u00e9pendance aux exportations de mati\u00e8res premi\u00e8res. En 2024, le commerce intra-africain a progress\u00e9 de 3,2 %, un signal encourageant que l\u2019APA souhaite amplifier en harmonisant les politiques commerciales.<\/p>\n\n\n\n<p><strong>L\u2019innovation au menu de la souverainet\u00e9 africaine<\/strong><\/p>\n\n\n\n<p>L\u2019innovation, technologique et diplomatique, est un autre pilier des discussions. \u00c0 l\u2019heure o\u00f9 l\u2019intelligence artificielle et les infrastructures num\u00e9riques red\u00e9finissent les rapports de force, l\u2019APA explore des partenariats pour doter l\u2019Afrique de capacit\u00e9s autonomes. Le r\u00e9cent sommet&nbsp;3i Africa 2025, tenu \u00e0 Accra, a mis en lumi\u00e8re l\u2019urgence d\u2019une gouvernance africaine des actifs num\u00e9riques, un th\u00e8me repris \u00e0 Lom\u00e9.&nbsp;Aussi, le continent, riche en minerais strat\u00e9giques comme le cobalt et le lithium, cherche-t-il \u00e0 transformer ces ressources localement, \u00e0 l\u2019image de la Zone Industrielle de Glo-Djigb\u00e9 au B\u00e9nin, un mod\u00e8le que le Togo promeut comme exemple d\u2019industrialisation endog\u00e8ne.<\/p>\n\n\n\n<p>L\u2019\u00e9cologie, enfin, occupe une place centrale. Alors que la 20\u1d49 session de la Conf\u00e9rence Minist\u00e9rielle Africaine sur l\u2019Environnement (AMCEN) se tiendra en juillet 2025 \u00e0 Nairobi, l\u2019APA anticipe les n\u00e9gociations climatiques en pr\u00f4nant une justice environnementale. Les d\u00e9l\u00e9gu\u00e9s insistent sur la n\u00e9cessit\u00e9 de financements accrus pour l\u2019adaptation au changement climatique, alors que l\u2019Afrique, responsable de moins de 4 % des \u00e9missions mondiales, subit de plein fouet les s\u00e9cheresses et les inondations.<\/p>\n\n\n\n<figure class=\"wp-block-image size-large\"><img loading=\"lazy\" loading=\"lazy\" decoding=\"async\" width=\"1024\" height=\"680\" src=\"https:\/\/corpsdiplomaticnews.tg\/wp-content\/uploads\/2025\/06\/APA-2-1024x680.jpg\" alt=\"\" class=\"wp-image-10311\" srcset=\"https:\/\/corpsdiplomaticnews.tg\/wp-content\/uploads\/2025\/06\/APA-2-1024x680.jpg 1024w, https:\/\/corpsdiplomaticnews.tg\/wp-content\/uploads\/2025\/06\/APA-2-300x199.jpg 300w, https:\/\/corpsdiplomaticnews.tg\/wp-content\/uploads\/2025\/06\/APA-2-768x510.jpg 768w, https:\/\/corpsdiplomaticnews.tg\/wp-content\/uploads\/2025\/06\/APA-2-330x220.jpg 330w, https:\/\/corpsdiplomaticnews.tg\/wp-content\/uploads\/2025\/06\/APA-2-420x280.jpg 420w, https:\/\/corpsdiplomaticnews.tg\/wp-content\/uploads\/2025\/06\/APA-2-860x571.jpg 860w, https:\/\/corpsdiplomaticnews.tg\/wp-content\/uploads\/2025\/06\/APA-2.jpg 1080w\" sizes=\"auto, (max-width: 1024px) 100vw, 1024px\" \/><\/figure>\n\n\n\n<p><strong>On reconna\u00eet ici le Chef de la Diplomatie malienne, Abdoulaye DIOP <\/strong><\/p>\n\n\n\n<p><\/p>\n\n\n\n<p><strong>Travailler pour un panafricanisme pragmatique<\/strong><\/p>\n\n\n\n<p>L\u2019APA s\u2019inscrit dans une lign\u00e9e historique, celle des p\u00e8res fondateurs de l\u2019Organisation de l\u2019Unit\u00e9 Africaine, comme Kwame Nkrumah ou Modibo Ke\u00efta. Pourtant, elle se distingue par son pragmatisme, refusant les envol\u00e9es lyriques au profit d\u2019une feuille de route concr\u00e8te. La conf\u00e9rence de Lom\u00e9, prolong\u00e9e par le 9\u1d49 Congr\u00e8s Panafricain pr\u00e9vu en 2024 dans la m\u00eame ville, vise \u00e0 institutionnaliser cet \u00e9lan. Un comit\u00e9 de haut niveau, dirig\u00e9 par le Togo, planche sur des m\u00e9canismes de coordination, incluant un secr\u00e9tariat permanent et des groupes de travail th\u00e9matiques, pour traduire les discours en actions.<\/p>\n\n\n\n<p>La pr\u00e9sence des personnalit\u00e9s comme le ministre malien&nbsp;Abdoulaye DIOP&nbsp;ou la vice-ministre congolaise&nbsp;Gracia Yamba Kazadi, arriv\u00e9e le 1\u1d49\u02b3 juin, t\u00e9moigne de l\u2019attrait croissant pour cette Alliance.<\/p>\n\n\n\n<p>Les dix membres actuels \u2013 Angola, Burkina Faso, Centrafrique, Gabon, Guin\u00e9e, Libye, Mali, Namibie, Tanzanie et Togo \u2013 auxquels s\u2019ajoute la RDC, incarnent cette aspiration \u00e0 une Afrique non align\u00e9e, capable de n\u00e9gocier d\u2019\u00e9gal \u00e0 \u00e9gal avec les grandes puissances.<\/p>\n\n\n\n<p>Il sied de pr\u00e9ciser que&nbsp; la troisi\u00e8me conf\u00e9rence de l\u2019APA, port\u00e9e par une diplomatie togolaise, n\u2019est pas un simple conclave ; elle est le creuset dans lequel s\u2019esquisse une Afrique d\u00e9complex\u00e9e, pr\u00eate \u00e0 revendiquer sa place dans un monde multipolaire. Entre d\u00e9fis s\u00e9curitaires, imp\u00e9ratifs \u00e9conomiques et aspirations \u00e9cologiques, les d\u00e9l\u00e9gu\u00e9s r\u00e9unis dans la \u00ab capitale de la paix \u00bb tracent un chemin sur lequel l\u2019unit\u00e9 et la souverainet\u00e9 deviennent les piliers d\u2019un continent en pleine ascension.&nbsp;Alors que les travaux se poursuivent, une certitude \u00e9merge: l\u2019Afrique, galvanis\u00e9e par l\u2019APA, ne se contentera plus d\u2019\u00eatre spectatrice de l\u2019histoire; elle en sera l\u2019actrice de premier plan.<\/p>\n","protected":false},"excerpt":{"rendered":"<p>La troisi\u00e8me conf\u00e9rence minist\u00e9rielle de l\u2019Alliance Politique Africaine (APA)\u00a0s\u2019est tenue ce lundi 02 juin 2025 dans la capitale togolaise Lom\u00e9, avec \u00a0une ambition forte: redessiner la place de l\u2019Afrique dans un monde en pleine m\u00e9tamorphose. Plac\u00e9e sous le th\u00e8me\u00a0: \u00ab Place de l\u2019Afrique dans un monde en mutation: enjeu d\u2019un repositionnement strat\u00e9gique et diplomatique \u00bb, [&hellip;]<\/p>\n","protected":false},"author":2,"featured_media":10309,"comment_status":"open","ping_status":"open","sticky":false,"template":"","format":"standard","meta":{"footnotes":""},"categories":[2,124],"tags":[],"class_list":{"0":"post-10308","1":"post","2":"type-post","3":"status-publish","4":"format-standard","5":"has-post-thumbnail","7":"category-diplomatie","8":"category-la-une"},"_links":{"self":[{"href":"https:\/\/corpsdiplomaticnews.tg\/index.php\/wp-json\/wp\/v2\/posts\/10308","targetHints":{"allow":["GET"]}}],"collection":[{"href":"https:\/\/corpsdiplomaticnews.tg\/index.php\/wp-json\/wp\/v2\/posts"}],"about":[{"href":"https:\/\/corpsdiplomaticnews.tg\/index.php\/wp-json\/wp\/v2\/types\/post"}],"author":[{"embeddable":true,"href":"https:\/\/corpsdiplomaticnews.tg\/index.php\/wp-json\/wp\/v2\/users\/2"}],"replies":[{"embeddable":true,"href":"https:\/\/corpsdiplomaticnews.tg\/index.php\/wp-json\/wp\/v2\/comments?post=10308"}],"version-history":[{"count":2,"href":"https:\/\/corpsdiplomaticnews.tg\/index.php\/wp-json\/wp\/v2\/posts\/10308\/revisions"}],"predecessor-version":[{"id":10313,"href":"https:\/\/corpsdiplomaticnews.tg\/index.php\/wp-json\/wp\/v2\/posts\/10308\/revisions\/10313"}],"wp:featuredmedia":[{"embeddable":true,"href":"https:\/\/corpsdiplomaticnews.tg\/index.php\/wp-json\/wp\/v2\/media\/10309"}],"wp:attachment":[{"href":"https:\/\/corpsdiplomaticnews.tg\/index.php\/wp-json\/wp\/v2\/media?parent=10308"}],"wp:term":[{"taxonomy":"category","embeddable":true,"href":"https:\/\/corpsdiplomaticnews.tg\/index.php\/wp-json\/wp\/v2\/categories?post=10308"},{"taxonomy":"post_tag","embeddable":true,"href":"https:\/\/corpsdiplomaticnews.tg\/index.php\/wp-json\/wp\/v2\/tags?post=10308"}],"curies":[{"name":"wp","href":"https:\/\/api.w.org\/{rel}","templated":true}]}}