{"id":10274,"date":"2025-05-20T18:14:06","date_gmt":"2025-05-20T18:14:06","guid":{"rendered":"https:\/\/corpsdiplomaticnews.tg\/?p=10274"},"modified":"2025-05-20T18:14:08","modified_gmt":"2025-05-20T18:14:08","slug":"la-5eme-edition-de-la-semaine-de-lintegration-africaine-lancee-en-grande-pompe-a-lome","status":"publish","type":"post","link":"https:\/\/corpsdiplomaticnews.tg\/index.php\/2025\/05\/20\/la-5eme-edition-de-la-semaine-de-lintegration-africaine-lancee-en-grande-pompe-a-lome\/","title":{"rendered":"La 5\u00e8me \u00e9dition de la semaine de l\u2019int\u00e9gration africaine lanc\u00e9e en grande pompe \u00e0 Lom\u00e9"},"content":{"rendered":"\n<p>Le &nbsp;minist\u00e8re des affaires \u00e9trang\u00e8res, de l\u2019int\u00e9gration r\u00e9gionale et des Togolais de l\u2019ext\u00e9rieur a lanc\u00e9&nbsp; le lundi 19 mai 2025, dans ses locaux, la semaine de l\u2019int\u00e9gration africaine. Cette activit\u00e9&nbsp; se d\u00e9roule&nbsp; en pr\u00e9lude \u00e0 la comm\u00e9moration de la journ\u00e9e de l\u2019Afrique c\u00e9l\u00e9br\u00e9e chaque 25 Mai par l\u2019Union Africaine.<\/p>\n\n\n\n<figure class=\"wp-block-image size-large\"><img loading=\"lazy\" loading=\"lazy\" decoding=\"async\" width=\"1024\" height=\"680\" src=\"https:\/\/corpsdiplomaticnews.tg\/wp-content\/uploads\/2025\/05\/photo-dussey--1024x680.jpg\" alt=\"\" class=\"wp-image-10275\" srcset=\"https:\/\/corpsdiplomaticnews.tg\/wp-content\/uploads\/2025\/05\/photo-dussey--1024x680.jpg 1024w, https:\/\/corpsdiplomaticnews.tg\/wp-content\/uploads\/2025\/05\/photo-dussey--300x199.jpg 300w, https:\/\/corpsdiplomaticnews.tg\/wp-content\/uploads\/2025\/05\/photo-dussey--768x510.jpg 768w, https:\/\/corpsdiplomaticnews.tg\/wp-content\/uploads\/2025\/05\/photo-dussey--330x220.jpg 330w, https:\/\/corpsdiplomaticnews.tg\/wp-content\/uploads\/2025\/05\/photo-dussey--420x280.jpg 420w, https:\/\/corpsdiplomaticnews.tg\/wp-content\/uploads\/2025\/05\/photo-dussey--860x571.jpg 860w, https:\/\/corpsdiplomaticnews.tg\/wp-content\/uploads\/2025\/05\/photo-dussey-.jpg 1072w\" sizes=\"auto, (max-width: 1024px) 100vw, 1024px\" \/><\/figure>\n\n\n\n<p><strong>Ici le Ministre DUSSEY en chapeau noir <\/strong><\/p>\n\n\n\n<p>Cette c\u00e9l\u00e9bration a \u00e9t\u00e9 une occasion pour l\u2019ensemble des parties prenantes de c\u00e9l\u00e9brer la cr\u00e9ation de l\u2019Organisation de l\u2019Unit\u00e9 Africaine (OUA) devenue Union africaine (UA), symbole de l\u2019unit\u00e9 et de l\u2019int\u00e9gration entre les pays et entre les peuples africains. Elle a mis en valeur le vivre-ensemble entre les communaut\u00e9s africaines install\u00e9es dans notre pays que promeut le gouvernement togolais sous la vision de S.E.M Faure Essozimna GNASSINGBE, Pr\u00e9sident du Conseil, traduisant ainsi l\u2019engagement du Togo en faveur de l\u2019int\u00e9gration africaine et du panafricanisme, conform\u00e9ment \u00e0 sa politique \u00e9trang\u00e8re.<\/p>\n\n\n\n<figure class=\"wp-block-image size-large\"><img loading=\"lazy\" loading=\"lazy\" decoding=\"async\" width=\"1024\" height=\"680\" src=\"https:\/\/corpsdiplomaticnews.tg\/wp-content\/uploads\/2025\/05\/INT1--1024x680.jpg\" alt=\"\" class=\"wp-image-10276\" srcset=\"https:\/\/corpsdiplomaticnews.tg\/wp-content\/uploads\/2025\/05\/INT1--1024x680.jpg 1024w, https:\/\/corpsdiplomaticnews.tg\/wp-content\/uploads\/2025\/05\/INT1--300x199.jpg 300w, https:\/\/corpsdiplomaticnews.tg\/wp-content\/uploads\/2025\/05\/INT1--768x510.jpg 768w, https:\/\/corpsdiplomaticnews.tg\/wp-content\/uploads\/2025\/05\/INT1--330x220.jpg 330w, https:\/\/corpsdiplomaticnews.tg\/wp-content\/uploads\/2025\/05\/INT1--420x280.jpg 420w, https:\/\/corpsdiplomaticnews.tg\/wp-content\/uploads\/2025\/05\/INT1--860x571.jpg 860w, https:\/\/corpsdiplomaticnews.tg\/wp-content\/uploads\/2025\/05\/INT1-.jpg 1072w\" sizes=\"auto, (max-width: 1024px) 100vw, 1024px\" \/><\/figure>\n\n\n\n<p><strong>Vue partielle des membres du corps diplomatiques et personnalit\u00e9s <\/strong><\/p>\n\n\n\n<p>La c\u00e9r\u00e9monie a \u00e9t\u00e9 plac\u00e9e sous la pr\u00e9sidence de SEM Robert Dussey, Ministre des Affaires \u00c9trang\u00e8res, de l\u2019int\u00e9gration Africaine et les togolais de l\u2019ext\u00e9rieur. Il \u00e9tait accompagn\u00e9 pour la circonstance un important nombre ambassadeurs accr\u00e9dit\u00e9s au Togo, les Chef traditionnelles, ainsi qu\u2019une forte communaut\u00e9 des africains.<\/p>\n\n\n\n<p>La c\u00e9l\u00e9bration de cette ann\u00e9e a \u00e9t\u00e9 marqu\u00e9e par des prestations de danses traditionnelles et artistiques ainsi que des expositions gastronomiques par les communaut\u00e9s africaines install\u00e9es au Togo et des discours.<\/p>\n\n\n\n<p>Pour Monsieur Sidi ZAKARI, doyen des ambassadeurs africains accr\u00e9dit\u00e9s au Togo, cette activit\u00e9 au-del\u00e0 de son aspect festif, est une occasion privil\u00e9gi\u00e9e pour les filles et fils de l\u2019Afrique de r\u00e9fl\u00e9chir sur les d\u00e9fis auxquels le continent est confront\u00e9.<\/p>\n\n\n\n<figure class=\"wp-block-image size-large\"><img loading=\"lazy\" loading=\"lazy\" decoding=\"async\" width=\"1024\" height=\"680\" src=\"https:\/\/corpsdiplomaticnews.tg\/wp-content\/uploads\/2025\/05\/INT-3-1024x680.jpg\" alt=\"\" class=\"wp-image-10277\" srcset=\"https:\/\/corpsdiplomaticnews.tg\/wp-content\/uploads\/2025\/05\/INT-3-1024x680.jpg 1024w, https:\/\/corpsdiplomaticnews.tg\/wp-content\/uploads\/2025\/05\/INT-3-300x199.jpg 300w, https:\/\/corpsdiplomaticnews.tg\/wp-content\/uploads\/2025\/05\/INT-3-768x510.jpg 768w, https:\/\/corpsdiplomaticnews.tg\/wp-content\/uploads\/2025\/05\/INT-3-330x220.jpg 330w, https:\/\/corpsdiplomaticnews.tg\/wp-content\/uploads\/2025\/05\/INT-3-420x280.jpg 420w, https:\/\/corpsdiplomaticnews.tg\/wp-content\/uploads\/2025\/05\/INT-3-860x571.jpg 860w, https:\/\/corpsdiplomaticnews.tg\/wp-content\/uploads\/2025\/05\/INT-3.jpg 1072w\" sizes=\"auto, (max-width: 1024px) 100vw, 1024px\" \/><\/figure>\n\n\n\n<figure class=\"wp-block-image size-large\"><img loading=\"lazy\" loading=\"lazy\" decoding=\"async\" width=\"1024\" height=\"680\" src=\"https:\/\/corpsdiplomaticnews.tg\/wp-content\/uploads\/2025\/05\/INT-4-1024x680.jpg\" alt=\"\" class=\"wp-image-10278\" srcset=\"https:\/\/corpsdiplomaticnews.tg\/wp-content\/uploads\/2025\/05\/INT-4-1024x680.jpg 1024w, https:\/\/corpsdiplomaticnews.tg\/wp-content\/uploads\/2025\/05\/INT-4-300x199.jpg 300w, https:\/\/corpsdiplomaticnews.tg\/wp-content\/uploads\/2025\/05\/INT-4-768x510.jpg 768w, https:\/\/corpsdiplomaticnews.tg\/wp-content\/uploads\/2025\/05\/INT-4-330x220.jpg 330w, https:\/\/corpsdiplomaticnews.tg\/wp-content\/uploads\/2025\/05\/INT-4-420x280.jpg 420w, https:\/\/corpsdiplomaticnews.tg\/wp-content\/uploads\/2025\/05\/INT-4-860x571.jpg 860w, https:\/\/corpsdiplomaticnews.tg\/wp-content\/uploads\/2025\/05\/INT-4.jpg 1072w\" sizes=\"auto, (max-width: 1024px) 100vw, 1024px\" \/><\/figure>\n\n\n\n<p>A son tour, le Secr\u00e9taire G\u00e9n\u00e9ral du minist\u00e8re en charge des affaires \u00e9trang\u00e8res, M Afo Salifou a pris la parole pour exprimer tout d\u2019abord ses remerciements \u00e0 l\u2019ensemble des communaut\u00e9s Africains qui ont pris part \u00e0 cette initiative. Il n\u2019a pas manqu\u00e9 d\u2019exprimer sa gratitude \u00e0 son Excellence le Professeur Robert Dussey pour son leadership en faveur de l\u2019\u00e9mancipation de l\u2019Afrique dans le concert des nations. <\/p>\n\n\n\n<figure class=\"wp-block-image size-large\"><img loading=\"lazy\" loading=\"lazy\" decoding=\"async\" width=\"1024\" height=\"680\" src=\"https:\/\/corpsdiplomaticnews.tg\/wp-content\/uploads\/2025\/05\/INT-5-1024x680.jpg\" alt=\"\" class=\"wp-image-10279\" srcset=\"https:\/\/corpsdiplomaticnews.tg\/wp-content\/uploads\/2025\/05\/INT-5-1024x680.jpg 1024w, https:\/\/corpsdiplomaticnews.tg\/wp-content\/uploads\/2025\/05\/INT-5-300x199.jpg 300w, https:\/\/corpsdiplomaticnews.tg\/wp-content\/uploads\/2025\/05\/INT-5-768x510.jpg 768w, https:\/\/corpsdiplomaticnews.tg\/wp-content\/uploads\/2025\/05\/INT-5-330x220.jpg 330w, https:\/\/corpsdiplomaticnews.tg\/wp-content\/uploads\/2025\/05\/INT-5-420x280.jpg 420w, https:\/\/corpsdiplomaticnews.tg\/wp-content\/uploads\/2025\/05\/INT-5-860x571.jpg 860w, https:\/\/corpsdiplomaticnews.tg\/wp-content\/uploads\/2025\/05\/INT-5.jpg 1072w\" sizes=\"auto, (max-width: 1024px) 100vw, 1024px\" \/><\/figure>\n\n\n\n<p>Plac\u00e9e sous le th\u00e8me tr\u00e8s \u00e9vocateur : \u201d Justice pour les Africains et les personnes d\u2019ascendance africaine par les r\u00e9parations.\u201d Cette initiative est une reconnaissance historique et appelle \u00e0 une relation plus \u00e9quitable avec le reste du monde.<\/p>\n\n\n\n<p>Dans le prolongement de cette c\u00e9l\u00e9bration tr\u00e8s importante, il est \u00e0 noter qu\u2019une conf\u00e9rence d\u00e9bat d\u2019envergure aura lieu le 23 mai \u00e0 l\u2019universit\u00e9 de Lom\u00e9 sur ce &nbsp;th\u00e8me.<\/p>\n\n\n\n<p>Il sied de pr\u00e9ciser qu\u2019outre les diplomates africains, ceux des autres pays du monde qui sont&nbsp; accr\u00e9dit\u00e9s&nbsp; au Togo&nbsp; notamment de la Chine, de l\u2019Union Europ\u00e9enne, etc y ont pris part.<\/p>\n\n\n\n<p><strong>David RICARDO<\/strong> <\/p>\n\n\n\n<p><\/p>\n","protected":false},"excerpt":{"rendered":"<p>Le &nbsp;minist\u00e8re des affaires \u00e9trang\u00e8res, de l\u2019int\u00e9gration r\u00e9gionale et des Togolais de l\u2019ext\u00e9rieur a lanc\u00e9&nbsp; le lundi 19 mai 2025, dans ses locaux, la semaine de l\u2019int\u00e9gration africaine. Cette activit\u00e9&nbsp; se d\u00e9roule&nbsp; en pr\u00e9lude \u00e0 la comm\u00e9moration de la journ\u00e9e de l\u2019Afrique c\u00e9l\u00e9br\u00e9e chaque 25 Mai par l\u2019Union Africaine. Ici le Ministre DUSSEY en chapeau [&hellip;]<\/p>\n","protected":false},"author":2,"featured_media":10276,"comment_status":"open","ping_status":"open","sticky":false,"template":"","format":"standard","meta":{"footnotes":""},"categories":[2,124],"tags":[],"class_list":{"0":"post-10274","1":"post","2":"type-post","3":"status-publish","4":"format-standard","5":"has-post-thumbnail","7":"category-diplomatie","8":"category-la-une"},"_links":{"self":[{"href":"https:\/\/corpsdiplomaticnews.tg\/index.php\/wp-json\/wp\/v2\/posts\/10274","targetHints":{"allow":["GET"]}}],"collection":[{"href":"https:\/\/corpsdiplomaticnews.tg\/index.php\/wp-json\/wp\/v2\/posts"}],"about":[{"href":"https:\/\/corpsdiplomaticnews.tg\/index.php\/wp-json\/wp\/v2\/types\/post"}],"author":[{"embeddable":true,"href":"https:\/\/corpsdiplomaticnews.tg\/index.php\/wp-json\/wp\/v2\/users\/2"}],"replies":[{"embeddable":true,"href":"https:\/\/corpsdiplomaticnews.tg\/index.php\/wp-json\/wp\/v2\/comments?post=10274"}],"version-history":[{"count":1,"href":"https:\/\/corpsdiplomaticnews.tg\/index.php\/wp-json\/wp\/v2\/posts\/10274\/revisions"}],"predecessor-version":[{"id":10280,"href":"https:\/\/corpsdiplomaticnews.tg\/index.php\/wp-json\/wp\/v2\/posts\/10274\/revisions\/10280"}],"wp:featuredmedia":[{"embeddable":true,"href":"https:\/\/corpsdiplomaticnews.tg\/index.php\/wp-json\/wp\/v2\/media\/10276"}],"wp:attachment":[{"href":"https:\/\/corpsdiplomaticnews.tg\/index.php\/wp-json\/wp\/v2\/media?parent=10274"}],"wp:term":[{"taxonomy":"category","embeddable":true,"href":"https:\/\/corpsdiplomaticnews.tg\/index.php\/wp-json\/wp\/v2\/categories?post=10274"},{"taxonomy":"post_tag","embeddable":true,"href":"https:\/\/corpsdiplomaticnews.tg\/index.php\/wp-json\/wp\/v2\/tags?post=10274"}],"curies":[{"name":"wp","href":"https:\/\/api.w.org\/{rel}","templated":true}]}}