{"id":10257,"date":"2025-05-15T23:37:14","date_gmt":"2025-05-15T23:37:14","guid":{"rendered":"https:\/\/corpsdiplomaticnews.tg\/?p=10257"},"modified":"2025-05-15T23:37:16","modified_gmt":"2025-05-15T23:37:16","slug":"vatican-le-cardinal-pietro-parolin-fait-un-temoignage-concernant-le-dernier-conclave","status":"publish","type":"post","link":"https:\/\/corpsdiplomaticnews.tg\/index.php\/2025\/05\/15\/vatican-le-cardinal-pietro-parolin-fait-un-temoignage-concernant-le-dernier-conclave\/","title":{"rendered":"Vatican: le Cardinal Pietro Parolin fait un t\u00e9moignage concernant le dernier Conclave"},"content":{"rendered":"\n<p>Les 7 et 8 mai derniers, l\u2019Eglise catholique a \u00e9t\u00e9 t\u00e9moin du conclave ayant abouti \u00e0 l\u2019\u00e9lection du Pape L\u00e9on XIV.&nbsp; Une semaine apr\u00e8s, le Cardinal Pietro Parolin, Secr\u00e9taire d\u2019Etat, a fait un t\u00e9moignage&nbsp; de la manifestation du Saint- Esprit&nbsp; dans une lettre envoy\u00e9e \u00e0 un m\u00e9dia local dont il est originaire.<\/p>\n\n\n\n<figure class=\"wp-block-image size-full\"><img loading=\"lazy\" loading=\"lazy\" decoding=\"async\" width=\"890\" height=\"692\" src=\"https:\/\/corpsdiplomaticnews.tg\/wp-content\/uploads\/2025\/05\/PAROLIN.jpg\" alt=\"\" class=\"wp-image-10258\" srcset=\"https:\/\/corpsdiplomaticnews.tg\/wp-content\/uploads\/2025\/05\/PAROLIN.jpg 890w, https:\/\/corpsdiplomaticnews.tg\/wp-content\/uploads\/2025\/05\/PAROLIN-300x233.jpg 300w, https:\/\/corpsdiplomaticnews.tg\/wp-content\/uploads\/2025\/05\/PAROLIN-768x597.jpg 768w, https:\/\/corpsdiplomaticnews.tg\/wp-content\/uploads\/2025\/05\/PAROLIN-860x669.jpg 860w\" sizes=\"auto, (max-width: 890px) 100vw, 890px\" \/><\/figure>\n\n\n\n<p>Nous vous proposons la version\u00a0 fran\u00e7aise \u00a0de ce \u00a0t\u00e9moignage \u00e9crit que le cardinal Pietro Parolin, a envoy\u00e9 au journal Giornale di Vicenza, un m\u00e9dia local dans sa r\u00e9gion d\u2019origine en Italie. Bien qu\u2019il ait \u00e9t\u00e9 initialement invit\u00e9 \u00e0 faire un commentaire, le cardinal Parolin a offert un t\u00e9moignage que ZENIT a traduit en fran\u00e7ais : *** Encore \u00ab frais \u00bb de l\u2019exp\u00e9rience puissante et passionnante du Conclave, je suis heureux de r\u00e9pondre \u00e0 la demande du Giornale di Vicenza d\u2019\u00e9crire un commentaire sur l\u2019\u00e9lection du pape L\u00e9on XIV, le cardinal Robert Francis Prevost, OSA (Ordre de Saint-Augustin). Plus qu\u2019un commentaire, c\u2019est un bref t\u00e9moignage que je me permets d\u2019offrir, \u00e0 partir de la joie qu\u2019en si peu de temps l\u2019\u00c9glise universelle ait trouv\u00e9 son Pasteur, le Successeur de Pierre, l\u2019\u00e9v\u00eaque de Rome, apr\u00e8s la maladie et la mort du pape Fran\u00e7ois, qui a eu la patience de me garder comme Secr\u00e9taire d\u2019\u00c9tat pendant pr\u00e8s de 12 ans. Nous croyons fermement qu\u2019\u00e0 travers l\u2019action des cardinaux \u00e9lecteurs \u2013 et aussi \u00e0 travers leur humanit\u00e9 \u2013 c\u2019est l\u2019Esprit Saint qui choisit l\u2019homme destin\u00e9 \u00e0 diriger l\u2019\u00c9glise. Techniquement, il s\u2019agit d\u2019une \u00e9lection, mais ce qui se passe dans la chapelle Sixtine sous le regard du Christ Juge, renouvelle ce qui s\u2019est pass\u00e9 dans les premiers temps de l\u2019\u00c9glise, lorsqu\u2019il s\u2019agissait de reconstituer le coll\u00e8ge apostolique apr\u00e8s la douloureuse d\u00e9fection de Judas Iscariote. Les Ap\u00f4tres pri\u00e8rent alors le Seigneur, qui conna\u00eet le c\u0153ur de tous, de leur montrer qui devait \u00eatre nomm\u00e9 (cf. Ac 12, 25). Ce myst\u00e8re s\u2019est r\u00e9p\u00e9t\u00e9 ces jours-ci et nous sommes immens\u00e9ment reconnaissants au Seigneur qui n\u2019abandonne pas l\u2019\u00c9glise, son \u00e9pouse bien-aim\u00e9e, mais lui fournit des bergers selon son propre c\u0153ur. Et nous sommes immens\u00e9ment reconnaissants au pape L\u00e9on XIV d\u2019avoir accept\u00e9 l\u2019appel du Seigneur \u00e0 l\u2019aimer \u00ab plus que ceux-ci \u00bb et \u00e0 le suivre, pour pa\u00eetre ses brebis et ses agneaux, comme J\u00e9sus l\u2019a demand\u00e9 \u00e0 Pierre dans le passage de l\u2019\u00c9vangile que nous avons lu dimanche dernier (cf. Jn, 21, 15 et ss). Je pense ne pas r\u00e9v\u00e9ler de secret en \u00e9crivant que le \u00ab j\u2019accepte \u00bb qui a fait de lui le 267e pape de l\u2019\u00c9glise catholique a \u00e9t\u00e9 suivi d\u2019une tr\u00e8s longue et chaleureuse salve d\u2019applaudissements. Ce qui m\u2019a le plus impressionn\u00e9 chez lui, c\u2019est la s\u00e9r\u00e9nit\u00e9 qui transparaissait sur son visage dans des moments aussi intenses et, en un sens, \u00ab dramatiques \u00bb, parce qu\u2019ils changent compl\u00e8tement la vie d\u2019un homme. Il n\u2019a jamais perdu son doux sourire, m\u00eame si, j\u2019imagine, il \u00e9tait bien conscient des probl\u00e8mes nombreux et loin d\u2019\u00eatre simples que l\u2019\u00c9glise doit affronter aujourd\u2019hui. Nous en avions longuement parl\u00e9 lors des Congr\u00e9gations des cardinaux pr\u00e9c\u00e9dant le Conclave, o\u00f9 chacun des participants \u2013 cardinaux \u00e9lecteurs et non-\u00e9lecteurs \u2013 a pu pr\u00e9senter le visage du catholicisme dans son pays, les d\u00e9fis \u00e0 relever et les perspectives d\u2019avenir. Et comme l\u2019Eglise, \u00e0 la suite de son Seigneur, est profond\u00e9ment incarn\u00e9e dans l\u2019histoire des hommes et des femmes de tous les temps et de toutes les latitudes, le nouveau pape est tr\u00e8s conscient des probl\u00e8mes du monde d\u2019aujourd\u2019hui, comme il l\u2019a d\u00e9montr\u00e9 d\u00e8s ses premiers mots dans la loggia de Saint-Pierre, en faisant imm\u00e9diatement r\u00e9f\u00e9rence \u00e0 la paix \u00ab d\u00e9sarm\u00e9e et d\u00e9sarmante \u00bb. Cette s\u00e9r\u00e9nit\u00e9, je l\u2019ai toujours ressentie chez le cardinal Pr\u00e9vost, que j\u2019ai eu l\u2019occasion de rencontrer au d\u00e9but de mon service comme secr\u00e9taire d\u2019\u00c9tat pour un dossier \u00e9pineux concernant l\u2019\u00c9glise au P\u00e9rou, o\u00f9 il \u00e9tait \u00e9v\u00eaque du dioc\u00e8se de Chiclayo. Puis j\u2019ai eu l\u2019occasion de collaborer directement avec lui ces deux derni\u00e8res ann\u00e9es, apr\u00e8s que le pape Fran\u00e7ois l\u2019a appel\u00e9 \u00e0 Rome et l\u2019a charg\u00e9 du Dicast\u00e8re pour les \u00e9v\u00eaques. J\u2019ai pu exp\u00e9rimenter chez lui la connaissance des situations et des personnes, le calme dans l\u2019argumentation, l\u2019\u00e9quilibre dans la proposition de solutions, le respect, l\u2019attention et l\u2019amour pour tous. Je crois que le pape L\u00e9on XIV, en plus de la gr\u00e2ce du Seigneur, trouvera dans sa grande exp\u00e9rience de religieux et de pasteur, ainsi que dans l\u2019exemple, l\u2019enseignement et la spiritualit\u00e9 du bon P\u00e8re Augustin \u2013 qu\u2019il a cit\u00e9 dans ses premiers mots \u2013 les ressources pour l\u2019accomplissement efficace du minist\u00e8re que le Seigneur lui a confi\u00e9, pour le bien de l\u2019Eglise et de toute l\u2019humanit\u00e9. Nous sommes proches de lui par notre affection, notre ob\u00e9issance et nos pri\u00e8res<br><br><strong>Avec la collaboration de nos confr\u00e8res de \u00a0ZENIT<br><br><\/strong> <\/p>\n\n\n\n<p><\/p>\n","protected":false},"excerpt":{"rendered":"<p>Les 7 et 8 mai derniers, l\u2019Eglise catholique a \u00e9t\u00e9 t\u00e9moin du conclave ayant abouti \u00e0 l\u2019\u00e9lection du Pape L\u00e9on XIV.&nbsp; Une semaine apr\u00e8s, le Cardinal Pietro Parolin, Secr\u00e9taire d\u2019Etat, a fait un t\u00e9moignage&nbsp; de la manifestation du Saint- Esprit&nbsp; dans une lettre envoy\u00e9e \u00e0 un m\u00e9dia local dont il est originaire. Nous vous proposons [&hellip;]<\/p>\n","protected":false},"author":2,"featured_media":10258,"comment_status":"open","ping_status":"open","sticky":false,"template":"","format":"standard","meta":{"footnotes":""},"categories":[9,124],"tags":[],"class_list":{"0":"post-10257","1":"post","2":"type-post","3":"status-publish","4":"format-standard","5":"has-post-thumbnail","7":"category-azimuts","8":"category-la-une"},"_links":{"self":[{"href":"https:\/\/corpsdiplomaticnews.tg\/index.php\/wp-json\/wp\/v2\/posts\/10257","targetHints":{"allow":["GET"]}}],"collection":[{"href":"https:\/\/corpsdiplomaticnews.tg\/index.php\/wp-json\/wp\/v2\/posts"}],"about":[{"href":"https:\/\/corpsdiplomaticnews.tg\/index.php\/wp-json\/wp\/v2\/types\/post"}],"author":[{"embeddable":true,"href":"https:\/\/corpsdiplomaticnews.tg\/index.php\/wp-json\/wp\/v2\/users\/2"}],"replies":[{"embeddable":true,"href":"https:\/\/corpsdiplomaticnews.tg\/index.php\/wp-json\/wp\/v2\/comments?post=10257"}],"version-history":[{"count":1,"href":"https:\/\/corpsdiplomaticnews.tg\/index.php\/wp-json\/wp\/v2\/posts\/10257\/revisions"}],"predecessor-version":[{"id":10259,"href":"https:\/\/corpsdiplomaticnews.tg\/index.php\/wp-json\/wp\/v2\/posts\/10257\/revisions\/10259"}],"wp:featuredmedia":[{"embeddable":true,"href":"https:\/\/corpsdiplomaticnews.tg\/index.php\/wp-json\/wp\/v2\/media\/10258"}],"wp:attachment":[{"href":"https:\/\/corpsdiplomaticnews.tg\/index.php\/wp-json\/wp\/v2\/media?parent=10257"}],"wp:term":[{"taxonomy":"category","embeddable":true,"href":"https:\/\/corpsdiplomaticnews.tg\/index.php\/wp-json\/wp\/v2\/categories?post=10257"},{"taxonomy":"post_tag","embeddable":true,"href":"https:\/\/corpsdiplomaticnews.tg\/index.php\/wp-json\/wp\/v2\/tags?post=10257"}],"curies":[{"name":"wp","href":"https:\/\/api.w.org\/{rel}","templated":true}]}}