{"id":10229,"date":"2025-05-13T09:03:12","date_gmt":"2025-05-13T09:03:12","guid":{"rendered":"https:\/\/corpsdiplomaticnews.tg\/?p=10229"},"modified":"2025-05-13T09:03:14","modified_gmt":"2025-05-13T09:03:14","slug":"faure-gnassingbe-a-donne-le-ton-a-la-conference-panafricaine-sur-la-dette","status":"publish","type":"post","link":"https:\/\/corpsdiplomaticnews.tg\/index.php\/2025\/05\/13\/faure-gnassingbe-a-donne-le-ton-a-la-conference-panafricaine-sur-la-dette\/","title":{"rendered":"Faure Gnassingb\u00e9 a donn\u00e9 le ton \u00e0 la conf\u00e9rence panafricaine sur la dette"},"content":{"rendered":"\n<p>Le Pr\u00e9sident du Conseil, Son Excellence Faure Essozimna Gnassingb\u00e9, a pr\u00e9sid\u00e9 ce lundi 12 mai 2025 \u00e0 Lom\u00e9, la c\u00e9r\u00e9monie d\u2019ouverture de la premi\u00e8re conf\u00e9rence de l\u2019Union africaine sur la dette, organis\u00e9e \u00e0 l\u2019initiative conjointe de l\u2019Union africaine et du Togo, sous le th\u00e8me \u00ab l\u2019agenda africain de gestion de la dette publique : restaurer et pr\u00e9server la viabilit\u00e9 de la dette \u00bb. Plusieurs hautes personnalit\u00e9s africaines ont particip\u00e9 \u00e0 cette c\u00e9r\u00e9monie, notamment le Pr\u00e9sident ghan\u00e9en John Dramani Mahama et le Pr\u00e9sident zambien Hakainde Hichilema par visioconf\u00e9rence, \u00e0 travers des interventions. Le Pr\u00e9sident ghan\u00e9en s\u2019est f\u00e9licit\u00e9 de l\u2019organisation de cette conf\u00e9rence strat\u00e9gique consacr\u00e9e aux m\u00e9canismes innovants de gestion de la dette publique en Afrique. Il a remerci\u00e9 le Pr\u00e9sident du Conseil du Togo pour l\u2019avoir associ\u00e9 \u00e0 cette tribune de r\u00e9flexions et lui a exprim\u00e9 sa profonde gratitude pour l\u2019accueil chaleureux qui lui a \u00e9t\u00e9 r\u00e9serv\u00e9.<\/p>\n\n\n\n<p>S\u2019exprimant par visioconf\u00e9rence, le Pr\u00e9sident zambien a soulign\u00e9 l\u2019importance pour l\u2019Afrique de faire entendre sa voix sur les enjeux cruciaux \u00e0 travers des r\u00e9formes adapt\u00e9es. Dans son intervention, le Pr\u00e9sident du Conseil Faure Essozimna Gnassingb\u00e9 a fait un plaidoyer pour une refondation des r\u00e8gles de financement international, au service d\u2019une Afrique souveraine, solidaire et strat\u00e8ge. Il a partag\u00e9 \u00e0 cet effet, une r\u00e9flexion \u00e0 travers cinq observations portant notamment sur le risque de surendettement devenu une crise silencieuse mais structurelle sur la doctrine africaine de la dette publique, sur la trilogie paix s\u00e9curit\u00e9-endettement, l\u2019investissement dans la stabilit\u00e9 globale et sur une strat\u00e9gie africaine collective de la dette. <\/p>\n\n\n\n<p><\/p>\n\n\n\n<figure class=\"wp-block-image size-full\"><img loading=\"lazy\" loading=\"lazy\" decoding=\"async\" width=\"600\" height=\"336\" src=\"https:\/\/corpsdiplomaticnews.tg\/wp-content\/uploads\/2025\/05\/FAURE-G.jpg\" alt=\"\" class=\"wp-image-10230\" srcset=\"https:\/\/corpsdiplomaticnews.tg\/wp-content\/uploads\/2025\/05\/FAURE-G.jpg 600w, https:\/\/corpsdiplomaticnews.tg\/wp-content\/uploads\/2025\/05\/FAURE-G-300x168.jpg 300w\" sizes=\"auto, (max-width: 600px) 100vw, 600px\" \/><\/figure>\n\n\n\n<p>Pour le Pr\u00e9sident du Conseil de la R\u00e9publique Togolaise, \u00ab L\u2019Afrique a besoin d\u2019une nouvelle doctrine sur la dette. Nous ne pouvons plus accepter que nos \u00c9tats soient \u00e9valu\u00e9s uniquement \u00e0 travers la taille de leur d\u00e9ficit, et sans tenir compte des efforts r\u00e9alis\u00e9s pour pr\u00e9parer l\u2019avenir \u00bb. Le Pr\u00e9sident du Conseil a insist\u00e9 sur la solidarit\u00e9 africaine pour une meilleure gestion de la dette publique. \u00ab Nous devons d\u00e9velopper sur la question de la dette une ambition africaine collective qui mette la priorit\u00e9 sur notre souverainet\u00e9, notre solidarit\u00e9 et notre stabilit\u00e9 r\u00e9gionale. C\u2019est \u00e0 nous, Africains, de d\u00e9finir ensemble une doctrine partag\u00e9e sur la dette, qui nous permette de parler d\u2019une seule voix dans les enceintes internationales. \u00ab C\u2019est cette voix commune qui pourra contribuer \u00e0 la r\u00e9forme de l\u2019architecture financi\u00e8re mondiale \u00bb. Il a invit\u00e9 les \u00c9tats africains et les partenaires au d\u00e9veloppement \u00e0 faire de cette conf\u00e9rence le point de d\u00e9part d\u2019un agenda africain pour la souverainet\u00e9 budg\u00e9taire, la transformation \u00e9conomique et la justice internationale. D\u2019autres intervenants, notamment le directeur par int\u00e9rim du d\u00e9veloppement \u00e9conomique, de l\u2019int\u00e9gration et du commerce, Dr Patrick Ndzana Olomo, repr\u00e9sentant du pr\u00e9sident de la Commission de l\u2019Union africaine, ont \u00e9galement f\u00e9licit\u00e9 le pr\u00e9sident du Conseil et salu\u00e9 son engagement en faveur du d\u00e9veloppement \u00e9conomique de l\u2019Afrique. Les travaux seront meubl\u00e9s de sessions sur diverses th\u00e9matiques et offriront aux repr\u00e9sentants des pays africains une plateforme de partage des exp\u00e9riences nationales en vue de l\u2019adoption d\u2019une position africaine commune \u00e0 travers la D\u00e9claration de Lom\u00e9.<\/p>\n","protected":false},"excerpt":{"rendered":"<p>Le Pr\u00e9sident du Conseil, Son Excellence Faure Essozimna Gnassingb\u00e9, a pr\u00e9sid\u00e9 ce lundi 12 mai 2025 \u00e0 Lom\u00e9, la c\u00e9r\u00e9monie d\u2019ouverture de la premi\u00e8re conf\u00e9rence de l\u2019Union africaine sur la dette, organis\u00e9e \u00e0 l\u2019initiative conjointe de l\u2019Union africaine et du Togo, sous le th\u00e8me \u00ab l\u2019agenda africain de gestion de la dette publique : restaurer [&hellip;]<\/p>\n","protected":false},"author":2,"featured_media":10230,"comment_status":"open","ping_status":"open","sticky":false,"template":"","format":"standard","meta":{"footnotes":""},"categories":[13,124],"tags":[],"class_list":{"0":"post-10229","1":"post","2":"type-post","3":"status-publish","4":"format-standard","5":"has-post-thumbnail","7":"category-finance","8":"category-la-une"},"_links":{"self":[{"href":"https:\/\/corpsdiplomaticnews.tg\/index.php\/wp-json\/wp\/v2\/posts\/10229","targetHints":{"allow":["GET"]}}],"collection":[{"href":"https:\/\/corpsdiplomaticnews.tg\/index.php\/wp-json\/wp\/v2\/posts"}],"about":[{"href":"https:\/\/corpsdiplomaticnews.tg\/index.php\/wp-json\/wp\/v2\/types\/post"}],"author":[{"embeddable":true,"href":"https:\/\/corpsdiplomaticnews.tg\/index.php\/wp-json\/wp\/v2\/users\/2"}],"replies":[{"embeddable":true,"href":"https:\/\/corpsdiplomaticnews.tg\/index.php\/wp-json\/wp\/v2\/comments?post=10229"}],"version-history":[{"count":1,"href":"https:\/\/corpsdiplomaticnews.tg\/index.php\/wp-json\/wp\/v2\/posts\/10229\/revisions"}],"predecessor-version":[{"id":10231,"href":"https:\/\/corpsdiplomaticnews.tg\/index.php\/wp-json\/wp\/v2\/posts\/10229\/revisions\/10231"}],"wp:featuredmedia":[{"embeddable":true,"href":"https:\/\/corpsdiplomaticnews.tg\/index.php\/wp-json\/wp\/v2\/media\/10230"}],"wp:attachment":[{"href":"https:\/\/corpsdiplomaticnews.tg\/index.php\/wp-json\/wp\/v2\/media?parent=10229"}],"wp:term":[{"taxonomy":"category","embeddable":true,"href":"https:\/\/corpsdiplomaticnews.tg\/index.php\/wp-json\/wp\/v2\/categories?post=10229"},{"taxonomy":"post_tag","embeddable":true,"href":"https:\/\/corpsdiplomaticnews.tg\/index.php\/wp-json\/wp\/v2\/tags?post=10229"}],"curies":[{"name":"wp","href":"https:\/\/api.w.org\/{rel}","templated":true}]}}