{"id":10222,"date":"2025-05-11T19:31:12","date_gmt":"2025-05-11T19:31:12","guid":{"rendered":"https:\/\/corpsdiplomaticnews.tg\/?p=10222"},"modified":"2025-05-11T19:31:14","modified_gmt":"2025-05-11T19:31:14","slug":"lunion-africaine-tient-une-conference-sur-la-dette-a-lome","status":"publish","type":"post","link":"https:\/\/corpsdiplomaticnews.tg\/index.php\/2025\/05\/11\/lunion-africaine-tient-une-conference-sur-la-dette-a-lome\/","title":{"rendered":"L\u2019Union\u00a0 africaine tient une conf\u00e9rence sur la dette \u00e0 Lom\u00e9"},"content":{"rendered":"\n<p>Du&nbsp; 12 au 14 mai 2025,&nbsp; la capitale togolaise sera transform\u00e9e en si\u00e8ge de l\u2019Union africaine. Et pour cause,&nbsp; Lom\u00e9 va abriter &nbsp;une conf\u00e9rence de cette Institution panafricaine sur la gestion de la dette publique.<\/p>\n\n\n\n<figure class=\"wp-block-image size-full\"><img decoding=\"async\" src=\"https:\/\/corpsdiplomaticnews.tg\/wp-content\/uploads\/2025\/05\/UA.avif\" alt=\"\" class=\"wp-image-10223\"\/><\/figure>\n\n\n\n<p>Les 500 participants&nbsp; auront \u00e0&nbsp; d\u00e9battre autour du th\u00e8me: \u00ab l\u2019Agenda africain de gestion de la dette publique: restaurer et pr\u00e9server la viabilit\u00e9 de la dette \u00bb.<\/p>\n\n\n\n<p>Cette rencontre est \u00e0 mettre \u00e0 l\u2019actif&nbsp; du D\u00e9partement du d\u00e9veloppement \u00e9conomique, du commerce, du tourisme, de l\u2019industrie et des mines Commission de l\u2019Union africaine et du gouvernement togolais.<\/p>\n\n\n\n<p>Des sommit\u00e9s sont attendues \u00e0 l\u2019ouverture de cette rencontre de taille. &nbsp;&nbsp;Le pr\u00e9sident &nbsp;Faure Gnassingb\u00e9, &nbsp;M. Mahmoud Ali Youssouf, pr\u00e9sident de la CUA, les chefs d\u2019\u00c9tat et de gouvernement de l\u2019Union africaine, les dirigeants des institutions financi\u00e8res multilat\u00e9rales africaines et internationales, les ministres des Finances, de l\u2019\u00c9conomie et de la Planification, et les gouverneurs des banques centrales. Le profil de haut &nbsp;niveau des intervenants lors de cette s\u00e9ance d\u2019ouverture t\u00e9moigne de l\u2019importance qu\u2019attachent ces institutions \u00e0 la gestion de la dette, ainsi que de leur volont\u00e9 d\u2019\u00e9laborer un cadre strat\u00e9gique et une Position commune africaine sur la gestion de la dette.<\/p>\n\n\n\n<p>D\u2019autre part, la rencontre&nbsp;&nbsp; vise&nbsp; \u00e0 &nbsp;cr\u00e9er une plateforme de discussions de haut niveau entre les responsables politiques des \u00c9tats membres de l\u2019UA, les partenaires de d\u00e9veloppement et les principales parties prenantes en vue de renforcer l\u2019efficience, la transparence et la responsabilit\u00e9 de la gestion de la dette publique \u00e0 l\u2019\u00e9chelle du continent. En partageant les meilleures pratiques, en faisant face aux d\u00e9fis et en explorant des approches innovantes, la Conf\u00e9rence entend &nbsp;proposer des strat\u00e9gies qui, \u00e0 leur tour, permettront de renforcer la gestion de la dette publique, d\u2019am\u00e9liorer la mobilisation des ressources, de garantir une allocation efficace et efficiente des moyens disponibles et, in fine, de renforcer la responsabilit\u00e9 et la transparence au service d\u2019une croissance inclusive et d\u2019un d\u00e9veloppement durable.<\/p>\n\n\n\n<p>Cette rencontre&nbsp; intervient dans un contexte o\u00f9 beaucoup de pays africains croupissent sous le poids de leurs dettes.<\/p>\n\n\n\n<p>D\u2019apr\u00e8s le Cadre de viabilit\u00e9 de la dette, &nbsp;r\u00e9cemment publi\u00e9 par le FMI et la Banque mondiale, le nombre de pays africains en situation de d\u00e9tresse li\u00e9e \u00e0 la dette, ou \u00e0 haut risque de surendettement, est pass\u00e9 de 9 en 2012 \u00e0 25 en 2024. Cette flamb\u00e9e constitue un d\u00e9fi de taille, puisque l\u2019augmentation des co\u00fbts de la dette accapare de mani\u00e8re excessive les ressources publiques essentielles au d\u00e9veloppement.<\/p>\n\n\n\n<p>Il sied\u00a0 de rappeler\u00a0 que l\u2019Union africaine a \u00e9t\u00e9 cr\u00e9\u00e9e \u00a0le 09 septembre \u00a01999 par la D\u00e9claration de Syrte. Elle succ\u00e8de \u00e0 l\u2019Organisation de l\u2019Unit\u00e9 Africaine (OUA).\u00a0 A ce jour, elle compte 54\u00a0 Etats membres. Son si\u00e8ge se trouve \u00e0 Addis-Abeba en Ethiopie. <\/p>\n","protected":false},"excerpt":{"rendered":"<p>Du&nbsp; 12 au 14 mai 2025,&nbsp; la capitale togolaise sera transform\u00e9e en si\u00e8ge de l\u2019Union africaine. Et pour cause,&nbsp; Lom\u00e9 va abriter &nbsp;une conf\u00e9rence de cette Institution panafricaine sur la gestion de la dette publique. Les 500 participants&nbsp; auront \u00e0&nbsp; d\u00e9battre autour du th\u00e8me: \u00ab l\u2019Agenda africain de gestion de la dette publique: restaurer et [&hellip;]<\/p>\n","protected":false},"author":2,"featured_media":10223,"comment_status":"open","ping_status":"open","sticky":false,"template":"","format":"standard","meta":{"footnotes":""},"categories":[124],"tags":[],"class_list":{"0":"post-10222","1":"post","2":"type-post","3":"status-publish","4":"format-standard","5":"has-post-thumbnail","7":"category-la-une"},"_links":{"self":[{"href":"https:\/\/corpsdiplomaticnews.tg\/index.php\/wp-json\/wp\/v2\/posts\/10222","targetHints":{"allow":["GET"]}}],"collection":[{"href":"https:\/\/corpsdiplomaticnews.tg\/index.php\/wp-json\/wp\/v2\/posts"}],"about":[{"href":"https:\/\/corpsdiplomaticnews.tg\/index.php\/wp-json\/wp\/v2\/types\/post"}],"author":[{"embeddable":true,"href":"https:\/\/corpsdiplomaticnews.tg\/index.php\/wp-json\/wp\/v2\/users\/2"}],"replies":[{"embeddable":true,"href":"https:\/\/corpsdiplomaticnews.tg\/index.php\/wp-json\/wp\/v2\/comments?post=10222"}],"version-history":[{"count":1,"href":"https:\/\/corpsdiplomaticnews.tg\/index.php\/wp-json\/wp\/v2\/posts\/10222\/revisions"}],"predecessor-version":[{"id":10224,"href":"https:\/\/corpsdiplomaticnews.tg\/index.php\/wp-json\/wp\/v2\/posts\/10222\/revisions\/10224"}],"wp:featuredmedia":[{"embeddable":true,"href":"https:\/\/corpsdiplomaticnews.tg\/index.php\/wp-json\/wp\/v2\/media\/10223"}],"wp:attachment":[{"href":"https:\/\/corpsdiplomaticnews.tg\/index.php\/wp-json\/wp\/v2\/media?parent=10222"}],"wp:term":[{"taxonomy":"category","embeddable":true,"href":"https:\/\/corpsdiplomaticnews.tg\/index.php\/wp-json\/wp\/v2\/categories?post=10222"},{"taxonomy":"post_tag","embeddable":true,"href":"https:\/\/corpsdiplomaticnews.tg\/index.php\/wp-json\/wp\/v2\/tags?post=10222"}],"curies":[{"name":"wp","href":"https:\/\/api.w.org\/{rel}","templated":true}]}}