{"id":10215,"date":"2025-05-10T01:24:51","date_gmt":"2025-05-10T01:24:51","guid":{"rendered":"https:\/\/corpsdiplomaticnews.tg\/?p=10215"},"modified":"2025-05-10T01:24:52","modified_gmt":"2025-05-10T01:24:52","slug":"premiere-messe-du-pape-leon-xiv-batir-des-ponts-entre-les-peuples","status":"publish","type":"post","link":"https:\/\/corpsdiplomaticnews.tg\/index.php\/2025\/05\/10\/premiere-messe-du-pape-leon-xiv-batir-des-ponts-entre-les-peuples\/","title":{"rendered":"Premi\u00e8re messe du pape L\u00e9on XIV: B\u00e2tir des ponts entre les peuples"},"content":{"rendered":"\n<p>Le cardinal am\u00e9ricain Robert Francis Prevost a \u00e9t\u00e9 \u00e9lu pape ce jeudi 8 mai 2025. En d\u00e9but de soir\u00e9e, une fum\u00e9e blanche est sortie de la chemin\u00e9e surplombant la place Saint-Pierre, puis le cardinal protodiacre Dominique Mamberti a proclam\u00e9 les c\u00e9l\u00e8bres mots \u00ab Habemus papam ! \u00bb (\u00ab Nous avons un pape ! \u00bb).<\/p>\n\n\n\n<p>Le cardinal Robert Francis Pr\u00e9vost a \u00e9t\u00e9 \u00e9lu pape le 8 mai 2025, prenant le nom de L\u00e9on XIV. \u00c9lu pape, le cardinal Robert Francis Pr\u00e9vost a choisi le nom de L\u00e9on XIV.<\/p>\n\n\n\n<p><\/p>\n\n\n\n<figure class=\"wp-block-image size-large\"><img loading=\"lazy\" loading=\"lazy\" decoding=\"async\" width=\"1024\" height=\"576\" src=\"https:\/\/corpsdiplomaticnews.tg\/wp-content\/uploads\/2025\/05\/PAPE-LEON-MESSE-1-1024x576.jpg\" alt=\"\" class=\"wp-image-10216\" srcset=\"https:\/\/corpsdiplomaticnews.tg\/wp-content\/uploads\/2025\/05\/PAPE-LEON-MESSE-1-1024x576.jpg 1024w, https:\/\/corpsdiplomaticnews.tg\/wp-content\/uploads\/2025\/05\/PAPE-LEON-MESSE-1-300x169.jpg 300w, https:\/\/corpsdiplomaticnews.tg\/wp-content\/uploads\/2025\/05\/PAPE-LEON-MESSE-1-768x432.jpg 768w, https:\/\/corpsdiplomaticnews.tg\/wp-content\/uploads\/2025\/05\/PAPE-LEON-MESSE-1-860x484.jpg 860w, https:\/\/corpsdiplomaticnews.tg\/wp-content\/uploads\/2025\/05\/PAPE-LEON-MESSE-1.jpg 1189w\" sizes=\"auto, (max-width: 1024px) 100vw, 1024px\" \/><\/figure>\n\n\n\n<p>Le pape L\u00e9on XIV est ensuite apparu sur le balcon de la basilique, devant les 100 000 fid\u00e8les en liesse. Manifestement tr\u00e8s \u00e9mu, il a prononc\u00e9 quelques mots \u00e0 l\u2019intention de l\u2019\u00c9glise universelle et a donn\u00e9 sa b\u00e9n\u00e9diction. Il a parl\u00e9 de \u00ab paix du Christ \u00bb, de dialogue et de rencontre, et a notamment soulign\u00e9 l\u2019importance des liens entre les peuples. \u00ab Nous sommes tous entre les mains de Dieu \u00bb a-t-il d\u00e9clar\u00e9, \u00ab Nous devons chercher ensemble comment \u00eatre une \u00c9glise missionnaire, une \u00c9glise qui construit des ponts, qui dialogue, toujours ouverte \u00e0 recevoir, comme sur cette place, \u00e0 bras ouverts. \u00bb<\/p>\n\n\n\n<p><strong>Un pontificat humble pour laisser la premi\u00e8re place au Christ<\/strong><\/p>\n\n\n\n<p>&nbsp;Le pape L\u00e9on XIV a donc v\u00e9cu aujourd\u2019hui la premi\u00e8re journ\u00e9e de son pontificat, m\u00eame si son intronisation officielle n\u2019a pas encore eu lieu. Hier soir, il a partag\u00e9 un d\u00eener \u00e0 la r\u00e9sidence Sainte-Marthe avec les cardinaux qui l\u2019ont choisi. Ce matin, il a c\u00e9l\u00e9br\u00e9 dans la chapelle Sixtine sa premi\u00e8re messe en tant que pape, en pr\u00e9sence des cardinaux \u00e9lecteurs. Commentant dans son hom\u00e9lie les paroles de Pierre \u00e0 J\u00e9sus, \u00ab Tu es le Christ, le Fils du Dieu vivant \u00bb (Mt 16, 16), le pape a invit\u00e9 ses fr\u00e8res cardinaux \u00e0 se laisser transformer comme saint Pierre, \u00e0 se laisser conduire \u00ab afin que l\u2019\u00c9vangile soit annonc\u00e9e \u00e0 toute cr\u00e9ature \u00bb. \u00a0\u00bb Dieu me confie ce tr\u00e9sor afin que, avec son aide, j&rsquo;en sois le fid\u00e8le administrateur au profit de tout le Corps mystique de l\u2019\u00c9glise\u00a0\u00bb<\/p>\n\n\n\n<p>Comme St Pierre, se laisser transformer et conduire.\u00a0 Il a ensuite parl\u00e9 sp\u00e9cifiquement de son \u00e9lection au minist\u00e8re p\u00e9trinien: \u00ab En m\u2019appelant \u00e0 succ\u00e9der au premier des ap\u00f4tres, Dieu me confie ce tr\u00e9sor afin que, avec son aide, j\u2019en sois le fid\u00e8le administrateur au profit de tout le Corps mystique de l\u2019\u00c9glise. \u00bb<br><br><br> <\/p>\n","protected":false},"excerpt":{"rendered":"<p>Le cardinal am\u00e9ricain Robert Francis Prevost a \u00e9t\u00e9 \u00e9lu pape ce jeudi 8 mai 2025. En d\u00e9but de soir\u00e9e, une fum\u00e9e blanche est sortie de la chemin\u00e9e surplombant la place Saint-Pierre, puis le cardinal protodiacre Dominique Mamberti a proclam\u00e9 les c\u00e9l\u00e8bres mots \u00ab Habemus papam ! \u00bb (\u00ab Nous avons un pape ! \u00bb). Le [&hellip;]<\/p>\n","protected":false},"author":2,"featured_media":10216,"comment_status":"open","ping_status":"open","sticky":false,"template":"","format":"standard","meta":{"footnotes":""},"categories":[9,124],"tags":[],"class_list":{"0":"post-10215","1":"post","2":"type-post","3":"status-publish","4":"format-standard","5":"has-post-thumbnail","7":"category-azimuts","8":"category-la-une"},"_links":{"self":[{"href":"https:\/\/corpsdiplomaticnews.tg\/index.php\/wp-json\/wp\/v2\/posts\/10215","targetHints":{"allow":["GET"]}}],"collection":[{"href":"https:\/\/corpsdiplomaticnews.tg\/index.php\/wp-json\/wp\/v2\/posts"}],"about":[{"href":"https:\/\/corpsdiplomaticnews.tg\/index.php\/wp-json\/wp\/v2\/types\/post"}],"author":[{"embeddable":true,"href":"https:\/\/corpsdiplomaticnews.tg\/index.php\/wp-json\/wp\/v2\/users\/2"}],"replies":[{"embeddable":true,"href":"https:\/\/corpsdiplomaticnews.tg\/index.php\/wp-json\/wp\/v2\/comments?post=10215"}],"version-history":[{"count":1,"href":"https:\/\/corpsdiplomaticnews.tg\/index.php\/wp-json\/wp\/v2\/posts\/10215\/revisions"}],"predecessor-version":[{"id":10217,"href":"https:\/\/corpsdiplomaticnews.tg\/index.php\/wp-json\/wp\/v2\/posts\/10215\/revisions\/10217"}],"wp:featuredmedia":[{"embeddable":true,"href":"https:\/\/corpsdiplomaticnews.tg\/index.php\/wp-json\/wp\/v2\/media\/10216"}],"wp:attachment":[{"href":"https:\/\/corpsdiplomaticnews.tg\/index.php\/wp-json\/wp\/v2\/media?parent=10215"}],"wp:term":[{"taxonomy":"category","embeddable":true,"href":"https:\/\/corpsdiplomaticnews.tg\/index.php\/wp-json\/wp\/v2\/categories?post=10215"},{"taxonomy":"post_tag","embeddable":true,"href":"https:\/\/corpsdiplomaticnews.tg\/index.php\/wp-json\/wp\/v2\/tags?post=10215"}],"curies":[{"name":"wp","href":"https:\/\/api.w.org\/{rel}","templated":true}]}}