{"id":10208,"date":"2025-05-10T01:06:11","date_gmt":"2025-05-10T01:06:11","guid":{"rendered":"https:\/\/corpsdiplomaticnews.tg\/?p=10208"},"modified":"2025-05-10T01:19:29","modified_gmt":"2025-05-10T01:19:29","slug":"habemus-papam-le-cardinal-robert-francis-prevost-elu-pape","status":"publish","type":"post","link":"https:\/\/corpsdiplomaticnews.tg\/index.php\/2025\/05\/10\/habemus-papam-le-cardinal-robert-francis-prevost-elu-pape\/","title":{"rendered":"Habemus \u00a0Papam: le cardinal Robert Francis PREVOST \u00a0\u00e9lu\u00a0 Pape"},"content":{"rendered":"\n<p>Les 133 cardinaux ont conclave ont \u00e9lu l&rsquo;Am\u00e9ricain Robert Francis Prevost ce jeudi 8 mai 2025 comme nouveau souverain pontife. Celui a choisi L\u00e9on XIV comme nom de pape. Il est apparu au balcon de la basilique Saint-Pierre peu apr\u00e8s 17h20 TU, environ 1h15 apr\u00e8s que la fum\u00e9e blanche s&rsquo;est \u00e9chapp\u00e9e de la chapelle Sixtine au Vatican. L\u00e9on XIV&nbsp; devient le 267<sup>e<\/sup> Ev\u00eaque de Rome.<\/p>\n\n\n\n<p>Dans ses premiers mots, le nouveau pape lance un \u00ab\u00a0appel de paix\u00a0\u00bb \u00e0 \u00ab\u00a0tous les peuples\u00a0\u00bb. &nbsp;Il sied&nbsp; de rappeler&nbsp; que le conclave &nbsp;a d\u00e9but\u00e9 le mercredi 07&nbsp; mai. <\/p>\n\n\n\n<p><\/p>\n\n\n\n<figure class=\"wp-block-image size-full\"><img loading=\"lazy\" loading=\"lazy\" decoding=\"async\" width=\"750\" height=\"422\" src=\"https:\/\/corpsdiplomaticnews.tg\/wp-content\/uploads\/2025\/05\/PPAAA.jpeg\" alt=\"\" class=\"wp-image-10211\" srcset=\"https:\/\/corpsdiplomaticnews.tg\/wp-content\/uploads\/2025\/05\/PPAAA.jpeg 750w, https:\/\/corpsdiplomaticnews.tg\/wp-content\/uploads\/2025\/05\/PPAAA-300x169.jpeg 300w\" sizes=\"auto, (max-width: 750px) 100vw, 750px\" \/><\/figure>\n\n\n\n<p><strong>La biographie du nouveau Pape L\u00e9on XIV<\/strong><\/p>\n\n\n\n<p>Le cardinal Robert Francis Prevost, pr\u00e9fet de l&rsquo;influente Congr\u00e9gation pour les \u00e9v\u00eaques, est un pr\u00e9lat n\u00e9 \u00e0 Chicago qui a pass\u00e9 de nombreuses ann\u00e9es comme missionnaire au P\u00e9rou avant d&rsquo;\u00eatre \u00e9lu \u00e0 la t\u00eate des Augustins &nbsp;pour deux mandats cons\u00e9cutifs.<\/p>\n\n\n\n<p>N\u00e9 le 14 septembre 1955 \u00e0 Chicago, dans l&rsquo;Illinois, Prevost est entr\u00e9 au noviciat de l&rsquo;Ordre de Saint-Augustin (OSA) en 1977 et a prononc\u00e9 ses v\u0153ux solennels en 1981.<\/p>\n\n\n\n<p>Il est titulaire d&rsquo;une licence en math\u00e9matiques de l&rsquo;Universit\u00e9 Villanova en 1977, d&rsquo;une ma\u00eetrise en th\u00e9ologie de l&rsquo;Union th\u00e9ologique catholique de Chicago, ainsi que d&rsquo;une licence et d&rsquo;un doctorat en droit canonique du Coll\u00e8ge pontifical Saint-Thomas d&rsquo;Aquin \u00e0 Rome. Sa th\u00e8se de doctorat portait sur \u00ab<em>Le r\u00f4le du prieur local dans l&rsquo;Ordre de Saint-Augustin<\/em>\u00bb.<\/p>\n\n\n\n<p>Sa carri\u00e8re dans l&rsquo;\u00c9glise a \u00e9t\u00e9 marqu\u00e9e par des r\u00f4les et des r\u00e9alisations marquants. Apr\u00e8s son ordination sacerdotale en 1982, Prevost rejoint la mission augustinienne au P\u00e9rou en 1985 et sert comme chancelier de la pr\u00e9lature territoriale de Chulucanas de 1985 \u00e0 1986.<\/p>\n\n\n\n<p>De 1987 \u00e0 1988, il a pass\u00e9 les ann\u00e9es 1987 et 1988 aux \u00c9tats-Unis comme cur\u00e9 des vocations et directeur des missions de la province augustinienne de Chicago, avant de retourner au P\u00e9rou. Pendant les dix ann\u00e9es suivantes, il a dirig\u00e9 le s\u00e9minaire augustinien de Trujillo et enseign\u00e9 le droit canonique au s\u00e9minaire dioc\u00e9sain, o\u00f9 il \u00e9tait \u00e9galement pr\u00e9fet des \u00e9tudes. Il y a \u00e9galement exerc\u00e9 d&rsquo;autres fonctions, notamment celles de cur\u00e9, d&rsquo;officiant dioc\u00e9sain, de directeur de la formation, de professeur de s\u00e9minaire et de vicaire judiciaire.<\/p>\n\n\n\n<p>En 1999, il est retourn\u00e9 \u00e0 Chicago et a \u00e9t\u00e9 \u00e9lu prieur provincial de la province \u00ab<em>M\u00e8re du Bon Conseil<\/em>\u00bb de l&rsquo;archidioc\u00e8se. Deux ans et demi plus tard, il a \u00e9t\u00e9 \u00e9lu prieur g\u00e9n\u00e9ral de l&rsquo;Ordre des Augustins et a exerc\u00e9 deux mandats jusqu&rsquo;en 2013.<\/p>\n\n\n\n<p>En 2014, il est retourn\u00e9 au P\u00e9rou lorsque le pape Fran\u00e7ois l&rsquo;a nomm\u00e9 administrateur apostolique du dioc\u00e8se de Chiclayo. Il a \u00e9t\u00e9 \u00e9lev\u00e9 au rang d&rsquo;\u00e9v\u00eaque de Chiclayo en 2015. Durant cette p\u00e9riode, il a \u00e9galement \u00e9t\u00e9 vice-pr\u00e9sident et membre du conseil permanent de la Conf\u00e9rence \u00e9piscopale p\u00e9ruvienne de 2018 \u00e0 2023.<\/p>\n\n\n\n<p>Pendant cette p\u00e9riode, les \u00e9v\u00eaques p\u00e9ruviens auraient jou\u00e9 un r\u00f4le important pour assurer la stabilit\u00e9 institutionnelle lors des crises politiques successives qui ont conduit au renversement des pr\u00e9sidents successifs.<\/p>\n\n\n\n<p>En 2020 et 2021, Prevost a \u00e9t\u00e9 administrateur apostolique de Callao, au P\u00e9rou.<\/p>\n\n\n\n<p>Le pape Fran\u00e7ois a nomm\u00e9 Mgr Prevost pr\u00e9fet du Dicast\u00e8re pour les \u00e9v\u00eaques en janvier 2023, le chargeant ainsi de la s\u00e9lection des \u00e9v\u00eaques. Plus tard dans l&rsquo;ann\u00e9e, le 30 septembre 2023, il l&rsquo;a \u00e9lev\u00e9 au rang de cardinal.<\/p>\n\n\n\n<p>Pendant ses premiers mois en tant que pr\u00e9fet, Mgr Prevost est rest\u00e9 discr\u00e8tement pr\u00e9sent dans les m\u00e9dias, mais il \u00e9tait apparemment appr\u00e9ci\u00e9 pour son sens de l&rsquo;\u00e9coute et sa ma\u00eetrise des dossiers. Aleteia rapporte qu&rsquo;un \u00e9v\u00eaque fran\u00e7ais qui l&rsquo;a rencontr\u00e9 deux mois apr\u00e8s sa prise de fonctions a lou\u00e9 ses \u00ab<em>questions judicieuses<\/em>\u00bb et son esprit de synth\u00e8se, soulignant que ce premier contact lui avait laiss\u00e9 une \u00ab<em>bonne impression<\/em>\u00bb.<\/p>\n\n\n\n<p>Le cardinal Prevost est membre de sept dicast\u00e8res du Vatican ainsi que de la Commission pour le gouvernement (Governatorato) de l&rsquo;\u00c9tat de la Cit\u00e9 du Vatican, ce qui t\u00e9moigne de la confiance que le pape Fran\u00e7ois lui accorde et de l&rsquo;importance qu&rsquo;il accorde \u00e0 ses comp\u00e9tences administratives.<\/p>\n\n\n\n<p><strong>Jean-Baptiste ATTISSO<\/strong><\/p>\n\n\n\n<p><\/p>\n","protected":false},"excerpt":{"rendered":"<p>Les 133 cardinaux ont conclave ont \u00e9lu l&rsquo;Am\u00e9ricain Robert Francis Prevost ce jeudi 8 mai 2025 comme nouveau souverain pontife. Celui a choisi L\u00e9on XIV comme nom de pape. Il est apparu au balcon de la basilique Saint-Pierre peu apr\u00e8s 17h20 TU, environ 1h15 apr\u00e8s que la fum\u00e9e blanche s&rsquo;est \u00e9chapp\u00e9e de la chapelle Sixtine [&hellip;]<\/p>\n","protected":false},"author":2,"featured_media":10211,"comment_status":"open","ping_status":"open","sticky":false,"template":"","format":"standard","meta":{"footnotes":""},"categories":[9,124],"tags":[],"class_list":{"0":"post-10208","1":"post","2":"type-post","3":"status-publish","4":"format-standard","5":"has-post-thumbnail","7":"category-azimuts","8":"category-la-une"},"_links":{"self":[{"href":"https:\/\/corpsdiplomaticnews.tg\/index.php\/wp-json\/wp\/v2\/posts\/10208","targetHints":{"allow":["GET"]}}],"collection":[{"href":"https:\/\/corpsdiplomaticnews.tg\/index.php\/wp-json\/wp\/v2\/posts"}],"about":[{"href":"https:\/\/corpsdiplomaticnews.tg\/index.php\/wp-json\/wp\/v2\/types\/post"}],"author":[{"embeddable":true,"href":"https:\/\/corpsdiplomaticnews.tg\/index.php\/wp-json\/wp\/v2\/users\/2"}],"replies":[{"embeddable":true,"href":"https:\/\/corpsdiplomaticnews.tg\/index.php\/wp-json\/wp\/v2\/comments?post=10208"}],"version-history":[{"count":2,"href":"https:\/\/corpsdiplomaticnews.tg\/index.php\/wp-json\/wp\/v2\/posts\/10208\/revisions"}],"predecessor-version":[{"id":10213,"href":"https:\/\/corpsdiplomaticnews.tg\/index.php\/wp-json\/wp\/v2\/posts\/10208\/revisions\/10213"}],"wp:featuredmedia":[{"embeddable":true,"href":"https:\/\/corpsdiplomaticnews.tg\/index.php\/wp-json\/wp\/v2\/media\/10211"}],"wp:attachment":[{"href":"https:\/\/corpsdiplomaticnews.tg\/index.php\/wp-json\/wp\/v2\/media?parent=10208"}],"wp:term":[{"taxonomy":"category","embeddable":true,"href":"https:\/\/corpsdiplomaticnews.tg\/index.php\/wp-json\/wp\/v2\/categories?post=10208"},{"taxonomy":"post_tag","embeddable":true,"href":"https:\/\/corpsdiplomaticnews.tg\/index.php\/wp-json\/wp\/v2\/tags?post=10208"}],"curies":[{"name":"wp","href":"https:\/\/api.w.org\/{rel}","templated":true}]}}