{"id":10190,"date":"2025-05-07T00:01:12","date_gmt":"2025-05-07T00:01:12","guid":{"rendered":"https:\/\/corpsdiplomaticnews.tg\/?p=10190"},"modified":"2025-05-14T08:32:56","modified_gmt":"2025-05-14T08:32:56","slug":"la-campagne-de-la-20e-edition-de-la-fil-ouverte-les-operateurs-economiques-ont-5-mois-pour-senregistrer","status":"publish","type":"post","link":"https:\/\/corpsdiplomaticnews.tg\/index.php\/2025\/05\/07\/la-campagne-de-la-20e-edition-de-la-fil-ouverte-les-operateurs-economiques-ont-5-mois-pour-senregistrer\/","title":{"rendered":"20e \u00e9dition de la  FIL:  les op\u00e9rateurs \u00e9conomiques  ont \u00a0jusqu\u2019\u00e0  fin  septembre \u00a0 \u00a0pour  s\u2019enregistrer \u00a0\u00a0"},"content":{"rendered":"\n<p>Pr\u00e9vue du 28 novembre au 14 d\u00e9cembre 2025, la 20\u1d49 \u00e9dition de la Foire Internationale de Lom\u00e9 rev\u00eat un caract\u00e8re exceptionnel. Elle co\u00efncide avec les 40 ans d\u2019existence de cette plateforme d\u2019affaires embl\u00e9matique et portera un th\u00e8me fort : \u00ab\u00a040 ans d\u2019histoire, 20 \u00e9ditions : un regard sur le pass\u00e9, un cap sur l\u2019avenir\u00a0\u00bb.  <\/p>\n\n\n\n<figure class=\"wp-block-image size-large\"><img loading=\"lazy\" loading=\"lazy\" decoding=\"async\" width=\"1024\" height=\"899\" src=\"https:\/\/corpsdiplomaticnews.tg\/wp-content\/uploads\/2025\/05\/FOIRE-CETEF-20-1024x899.webp\" alt=\"\" class=\"wp-image-10191\" srcset=\"https:\/\/corpsdiplomaticnews.tg\/wp-content\/uploads\/2025\/05\/FOIRE-CETEF-20-1024x899.webp 1024w, https:\/\/corpsdiplomaticnews.tg\/wp-content\/uploads\/2025\/05\/FOIRE-CETEF-20-300x263.webp 300w, https:\/\/corpsdiplomaticnews.tg\/wp-content\/uploads\/2025\/05\/FOIRE-CETEF-20-768x674.webp 768w, https:\/\/corpsdiplomaticnews.tg\/wp-content\/uploads\/2025\/05\/FOIRE-CETEF-20-860x755.webp 860w, https:\/\/corpsdiplomaticnews.tg\/wp-content\/uploads\/2025\/05\/FOIRE-CETEF-20.webp 1170w\" sizes=\"auto, (max-width: 1024px) 100vw, 1024px\" \/><\/figure>\n\n\n\n<p><strong>Dr Alexandre de SOUZA, Directeur G\u00e9n\u00e9ral du CETEF <\/strong> <\/p>\n\n\n\n<p>La campagne de promotion&nbsp; de la 20<sup>e<\/sup>&nbsp;\u00e9dition de&nbsp; la Foire Internationale de Lom\u00e9 (FIL) et la 6<sup>e&nbsp;<\/sup>\u00e9dition de la Foire Made in Togo (FMIT) a \u00e9t\u00e9 lanc\u00e9e le mardi 06 mai 2025&nbsp; au Centre togolais des expositions et foires (CETEF), \u00e0 Lom\u00e9.<\/p>\n\n\n\n<p>&nbsp;Ces deux \u00e9v\u00e9nements de grande port\u00e9e commerciale se tiendront respectivement du 28 novembre au 14 d\u00e9cembre 2025, et du 1er au 10 ao\u00fbt de la m\u00eame ann\u00e9e.<\/p>\n\n\n\n<p>La c\u00e9r\u00e9monie qui a connu la participation de plusieurs personnalit\u00e9s &nbsp;a \u00e9t\u00e9 pr\u00e9sid\u00e9e par le directeur de cabinet du minist\u00e8re du Commerce, de l\u2019Industrie et de la Consommation locale Franck MENSAH. Dans son message circonstance, Il a soulign\u00e9 que cette \u00e9dition est particuli\u00e8re, parce qu\u2019elle co\u00efncide avec le 40<sup>e<\/sup>&nbsp;anniversaire du CETEF, devenu entre-temps un \u00e9v\u00e9nement annuel apr\u00e8s avoir \u00e9t\u00e9 biennal plusieurs&nbsp; ann\u00e9es auparavant. Il a appel\u00e9 les op\u00e9rateurs \u00e9conomiques \u00e0 une large mobilisation, car rel\u00e8ve-t-il, cette \u00e9dition est une opportunit\u00e9 pour les entreprises et les entrepreneurs. La foire sera, d\u2019apr\u00e8s lui, l\u2019occasion de saluer la r\u00e9silience des op\u00e9rateurs \u00e9conomiques togolais et \u00e9trangers.<\/p>\n\n\n\n<p><strong>Innovation majeure, une plateforme 100% digitale<\/strong><\/p>\n\n\n\n<p>Pour cette \u00e9dition anniversaire, le CETEF innove avec le lancement de la plateforme num\u00e9rique&nbsp;<em>e-FIL<\/em>, accessible via le site&nbsp;<a href=\"http:\/\/www.e-fil.cetef.tg\/\" target=\"_blank\" rel=\"noreferrer noopener\">www.e-fil.cetef.tg<\/a>. L\u2019objectif est de d\u00e9mat\u00e9rialiser les proc\u00e9dures d\u2019acc\u00e8s et de participation aux foires. Les utilisateurs, munis d\u2019un terminal connect\u00e9, pourront s\u2019enregistrer en ligne, choisir l\u2019emplacement de leur stand via le plan interactif du site et proc\u00e9der au paiement imm\u00e9diat. Une fois cette \u00e9tape franchie, ils n\u2019auront plus qu\u2019\u00e0 r\u00e9cup\u00e9rer leur badge physique au CETEF. Les billets d\u2019entr\u00e9e pour les visiteurs sont \u00e9galement disponibles en ligne. Les inscriptions sont ouvertes jusqu\u2019au 30 septembre 2025. Le CETEF entend publier r\u00e9guli\u00e8rement l\u2019\u00e9volution des inscriptions.<\/p>\n\n\n\n<p>Quant au directeur g\u00e9n\u00e9ral du CETEF, &nbsp;Alexandre de Souza, a fait savoir que \u00ab la FIL devient une v\u00e9ritable vitrine de l\u2019innovation et du savoir-faire togolais. Le num\u00e9rique y occupera une place centrale \u00bb. Il a expliqu\u00e9 que la plateforme permettra aux exposants et visiteurs de r\u00e9server des stands, acheter des billets, g\u00e9rer des badges d\u2019acc\u00e8s, organiser des rencontres B2B et B2C, et b\u00e9n\u00e9ficier de services de match-making. Aussi, a-t-il&nbsp; pr\u00e9cis\u00e9 &nbsp;que tout se fera avec un paiement en ligne s\u00e9curis\u00e9, visant \u00e0 limiter les fraudes et les d\u00e9placements.<\/p>\n\n\n\n<p><strong>Une \u00e9dition plac\u00e9e sous le signe de la r\u00e9silience<\/strong><strong><\/strong><\/p>\n\n\n\n<p>Le directeur de cabinet du minist\u00e8re du Commerce a invit\u00e9 les organisations internationales \u00e0 relayer l\u2019information et \u00e0 encourager la participation. Il a relev\u00e9 que \u00ab Gr\u00e2ce aux r\u00e9formes entreprises, sous l\u2019impulsion du pr\u00e9sident du Conseil, nous offrons un cadre d\u2019affaires fiable, s\u00e9curis\u00e9, propice \u00e0 la comp\u00e9titivit\u00e9 des petites et grandes entreprises \u00bb. Il a ajout\u00e9 qu\u2019ils doivent continuer \u00e0 faire de ces deux foires des leviers du d\u00e9veloppement \u00e9conomique du Togo \u00bb.<\/p>\n\n\n\n<p>Les affiches officielles des deux foires ont \u00e9t\u00e9 d\u00e9voil\u00e9es, de m\u00eame que la mascotte faite d\u2019un lionceau, v\u00eatu de jaune et de vert, symbolisant la force, la vie et la r\u00e9silience. Exposants, visiteurs, investisseurs et op\u00e9rateurs \u00e9conomiques sont appel\u00e9s \u00e0 s\u2019approprier pleinement la nouvelle plateforme&nbsp;<em>e-FIL<\/em>&nbsp;pour tirer le meilleur parti de cette \u00e9dition.<\/p>\n\n\n\n<p>Pour l\u2019\u00e9dition de la Foire Internationale de Lom\u00e9, les op\u00e9rateurs \u00e9conomiques ont&nbsp; jusqu\u2019\u00e0 fin septembre 2025 pour s\u2019enregistrer. Une affluence record est attendue avec plus de 1 000 exposants, issus de divers secteurs \u00e9conomiques nationaux et internationaux, et une fr\u00e9quentation estim\u00e9e \u00e0 plus de 700 000 visiteurs.<\/p>\n\n\n\n<p>Les op\u00e9rateurs \u00e9conomiques ont jusqu\u00a0\u00bbau 30  septembre 2025 pour pouvoir s&rsquo;enregistrer. <\/p>\n\n\n\n<p><strong>Anges ADJANOR<\/strong> <\/p>\n\n\n\n<p><\/p>\n\n\n\n<p><\/p>\n","protected":false},"excerpt":{"rendered":"<p>Pr\u00e9vue du 28 novembre au 14 d\u00e9cembre 2025, la 20\u1d49 \u00e9dition de la Foire Internationale de Lom\u00e9 rev\u00eat un caract\u00e8re exceptionnel. Elle co\u00efncide avec les 40 ans d\u2019existence de cette plateforme d\u2019affaires embl\u00e9matique et portera un th\u00e8me fort : \u00ab\u00a040 ans d\u2019histoire, 20 \u00e9ditions : un regard sur le pass\u00e9, un cap sur l\u2019avenir\u00a0\u00bb. Dr [&hellip;]<\/p>\n","protected":false},"author":2,"featured_media":10191,"comment_status":"open","ping_status":"open","sticky":false,"template":"","format":"standard","meta":{"footnotes":""},"categories":[104,124],"tags":[],"class_list":{"0":"post-10190","1":"post","2":"type-post","3":"status-publish","4":"format-standard","5":"has-post-thumbnail","7":"category-economie","8":"category-la-une"},"_links":{"self":[{"href":"https:\/\/corpsdiplomaticnews.tg\/index.php\/wp-json\/wp\/v2\/posts\/10190","targetHints":{"allow":["GET"]}}],"collection":[{"href":"https:\/\/corpsdiplomaticnews.tg\/index.php\/wp-json\/wp\/v2\/posts"}],"about":[{"href":"https:\/\/corpsdiplomaticnews.tg\/index.php\/wp-json\/wp\/v2\/types\/post"}],"author":[{"embeddable":true,"href":"https:\/\/corpsdiplomaticnews.tg\/index.php\/wp-json\/wp\/v2\/users\/2"}],"replies":[{"embeddable":true,"href":"https:\/\/corpsdiplomaticnews.tg\/index.php\/wp-json\/wp\/v2\/comments?post=10190"}],"version-history":[{"count":6,"href":"https:\/\/corpsdiplomaticnews.tg\/index.php\/wp-json\/wp\/v2\/posts\/10190\/revisions"}],"predecessor-version":[{"id":10256,"href":"https:\/\/corpsdiplomaticnews.tg\/index.php\/wp-json\/wp\/v2\/posts\/10190\/revisions\/10256"}],"wp:featuredmedia":[{"embeddable":true,"href":"https:\/\/corpsdiplomaticnews.tg\/index.php\/wp-json\/wp\/v2\/media\/10191"}],"wp:attachment":[{"href":"https:\/\/corpsdiplomaticnews.tg\/index.php\/wp-json\/wp\/v2\/media?parent=10190"}],"wp:term":[{"taxonomy":"category","embeddable":true,"href":"https:\/\/corpsdiplomaticnews.tg\/index.php\/wp-json\/wp\/v2\/categories?post=10190"},{"taxonomy":"post_tag","embeddable":true,"href":"https:\/\/corpsdiplomaticnews.tg\/index.php\/wp-json\/wp\/v2\/tags?post=10190"}],"curies":[{"name":"wp","href":"https:\/\/api.w.org\/{rel}","templated":true}]}}