{"id":10187,"date":"2025-05-06T22:51:56","date_gmt":"2025-05-06T22:51:56","guid":{"rendered":"https:\/\/corpsdiplomaticnews.tg\/?p=10187"},"modified":"2025-05-07T08:37:10","modified_gmt":"2025-05-07T08:37:10","slug":"lucf-togo-a-lance-le-projet-dappui-a-lentrepreneuriat-des-jeunes-femmes-et-filles","status":"publish","type":"post","link":"https:\/\/corpsdiplomaticnews.tg\/index.php\/2025\/05\/06\/lucf-togo-a-lance-le-projet-dappui-a-lentrepreneuriat-des-jeunes-femmes-et-filles\/","title":{"rendered":"L\u2019UCF-Togo \u00a0a lanc\u00e9\u00a0 le\u00a0 projet d\u2019appui \u00e0 l\u2019entrepreneuriat des jeunes femmes et filles"},"content":{"rendered":"\n<p>C\u2019est dans une grande ferveur&nbsp; que l\u2018Union chr\u00e9tienne&nbsp; f\u00e9minine du Togo (UCF-Togo)&nbsp; a proc\u00e9d\u00e9&nbsp; au lancement&nbsp; de son initiative&nbsp; intitul\u00e9e&nbsp; \u00ab&nbsp;Projet&nbsp; d\u2019appui \u00e0 l\u2019entrepreneuriat&nbsp; des jeunes femmes et des jeunes filles: promotion des activit\u00e9s g\u00e9n\u00e9ratrices de revenus en milieu urbain et rural \u00bb \u00e0 Lom\u00e9 ce samedi 03 mai 2025. <\/p>\n\n\n\n<figure class=\"wp-block-image size-full\"><img loading=\"lazy\" loading=\"lazy\" decoding=\"async\" width=\"640\" height=\"415\" src=\"https:\/\/corpsdiplomaticnews.tg\/wp-content\/uploads\/2025\/05\/UCF-0.jpg\" alt=\"\" class=\"wp-image-10188\" srcset=\"https:\/\/corpsdiplomaticnews.tg\/wp-content\/uploads\/2025\/05\/UCF-0.jpg 640w, https:\/\/corpsdiplomaticnews.tg\/wp-content\/uploads\/2025\/05\/UCF-0-300x195.jpg 300w\" sizes=\"auto, (max-width: 640px) 100vw, 640px\" \/><\/figure>\n\n\n\n<p><strong>Table d&rsquo;honneur lors du lancement <\/strong><\/p>\n\n\n\n<p>La c\u00e9r\u00e9monie de lancement dudit projet a \u00e9t\u00e9 marqu\u00e9e par une s\u00e9rie d\u2019allocutions.&nbsp; Et c\u2019est \u00e0 Madame D\u00e9d\u00e9 ATTIOGBE&nbsp; \u00e9pouse ADEDZE, pr\u00e9sidente nationale de cette organisation&nbsp; que l\u2019honneur a \u00e9chu d\u2019ouvrir le bal.&nbsp; Et dans son discours, Mme ADEDZE&nbsp; a exprim\u00e9 le plaisir qui \u00e9tait la sienne &nbsp;\u00e0 l\u2019occasion de la c\u00e9r\u00e9monie de lancement du projet Global Youth Mobilization (la Mobilisation Mondiale des Jeunes), un projet par les jeunes, pour les jeunes, intitul\u00e9 projet \u00ab d\u2019Appui \u00e0 l\u2019Entrepreneuriat des Jeunes Femmes et des Jeunes Filles : promotion des activit\u00e9s g\u00e9n\u00e9ratrices de revenus en milieu urbain et rural \u00bb. Ce projet qui s\u2019inscrit dans la vision 2035 de la YWCA mondiale, celle d\u2019avoir d\u2019ici 2035, 100 millions de jeunes filles et femmes transformant les structures de pouvoir pour cr\u00e9er la justice, l\u2019\u00e9galit\u00e9 des sexes et un monde sans violence et sans guerre, menant un mouvement YWCA durable et ouvert \u00e0 toutes les femmes.<\/p>\n\n\n\n<p>Madame ADEDZE n\u2019a pas manqu\u00e9&nbsp; de t\u00e9moigner sa gratitude \u00e0 ceux gr\u00e2ce \u00e0&nbsp; qui&nbsp;&nbsp; le projet&nbsp; a fait &nbsp;&nbsp;corps.&nbsp;<\/p>\n\n\n\n<figure class=\"wp-block-image size-large\"><img loading=\"lazy\" loading=\"lazy\" decoding=\"async\" width=\"1024\" height=\"768\" src=\"https:\/\/corpsdiplomaticnews.tg\/wp-content\/uploads\/2025\/05\/ADEDZE--1024x768.jpg\" alt=\"\" class=\"wp-image-10199\" srcset=\"https:\/\/corpsdiplomaticnews.tg\/wp-content\/uploads\/2025\/05\/ADEDZE--1024x768.jpg 1024w, https:\/\/corpsdiplomaticnews.tg\/wp-content\/uploads\/2025\/05\/ADEDZE--300x225.jpg 300w, https:\/\/corpsdiplomaticnews.tg\/wp-content\/uploads\/2025\/05\/ADEDZE--768x576.jpg 768w, https:\/\/corpsdiplomaticnews.tg\/wp-content\/uploads\/2025\/05\/ADEDZE--860x645.jpg 860w, https:\/\/corpsdiplomaticnews.tg\/wp-content\/uploads\/2025\/05\/ADEDZE-.jpg 1280w\" sizes=\"auto, (max-width: 1024px) 100vw, 1024px\" \/><\/figure>\n\n\n\n<p><strong>\u00a0Mme ADEDZE, pr\u00e9sidente nationale l\u2019UCF\/YWCA-Togo<\/strong><\/p>\n\n\n\n<p>\u00ab\u00a0C\u2019est l\u2019occasion pour moi de saluer les partenaires, l\u2019Union europ\u00e9enne en partenariat avec le GLOBAL YOUTH MOBILIZATION, l\u2019initiative des BIG 6, en l\u2019occurrence WORLD SCOUTING, WORLD ASSOCIATION OF GIRL GUIDES AND GIRL SCOUTS, WORLD YMCA, THE DUKE OF EDINBURGH\u2019S INTERNATIONAL AWARD, World\u00a0 YWCA, IFRC, qui n\u2019ont m\u00e9nager aucun effort pour donner vie, pour r\u00e9aliser les r\u00eaves de la session jeunesse de l\u2019UCF\/YWCA-Togo, celle de changer le monde \u00e0 travers des actions positives.\u00bb, a-t-elle martel\u00e9. \u00a0<\/p>\n\n\n\n<p>Le repr\u00e9sentant de l\u2019Union Chr\u00e9tienne des Jeunes Gens (UCJG), &nbsp;a&nbsp; d\u00e9livr\u00e9 un message&nbsp; au nom&nbsp; du Secr\u00e9taire G\u00e9n\u00e9ral G\u00e9rard ATOHOUN.&nbsp; Pour lui,&nbsp; cette initiative &nbsp;est un projet porteur d\u2019avenir. \u00ab&nbsp;C\u2019est le fruit d\u2019une vision partag\u00e9e, celle dont l\u2019avenir des jeunes filles et femmes&nbsp; sont non seulement actrices de d\u00e9veloppement mais \u00e9galement actrices &nbsp;d\u2019opportunit\u00e9s,&nbsp; de solutions de d\u00e9veloppement et de prosp\u00e9rit\u00e9&nbsp;\u00bb.<\/p>\n\n\n\n<p>Et pour la circonstance, une autorit\u00e9 traditionnelle a donn\u00e9&nbsp; son&nbsp; onction au lancement dudit &nbsp;projet. Maman Akossiwavi GAGLI VII, Chef du Village d\u2019Awatam\u00e9, puisqu\u2019il s\u2019agit d\u2019elle, a f\u00e9licit\u00e9 les initiatrices et les partenaires de ce projet.<\/p>\n\n\n\n<p>Ce projet est lanc\u00e9&nbsp; dans un contexte socio-\u00e9conomique marqu\u00e9 par le ch\u00f4mage des jeunes et par le mythe selon lequel l\u2019herbe est plus verte ailleurs, sous d\u2019autres cieux poussant ainsi des jeunes et adultes \u00e0 l\u2019immigration, m\u00eame celle ill\u00e9gale et clandestine, causant des pertes parfois irr\u00e9parables.<\/p>\n\n\n\n<p>C\u2019est&nbsp; pourquoi, ce projet vient \u00e0 point nomm\u00e9, \u00e0 en croire Mademoiselle&nbsp; EHO&nbsp; <strong>A<\/strong><strong>bra Amenouveve <\/strong>Gloria, Coordinatrice dudit projet&nbsp;: \u00ab<strong>Le besoin est r\u00e9el; nombreux sont les jeunes dont les entreprises battent de l\u2019aile, faute de connaissances techniques en gestion efficace d\u2019entreprise; nombreux sont-ils \u00e0 sacrifier leur potentiel sur l\u2019autel du syndrome de l\u2019imposteur qui leur impose de rester dans l\u2019ombre et de ne pas oser s\u2019affirmer pour leur \u00e9panouissement. Ils sont nombreux \u00e0 partir \u00e0 l\u2019aventure, laissant tout derri\u00e8re eux sans se retourner, \u00e0 la qu\u00eate d\u2019un avenir meilleur. L\u2019heure est \u00e0 la recherche de solutions, l\u2019heure est maintenant au changement<\/strong>&nbsp;\u00bb, a-t-elle d\u00e9clar\u00e9.<\/p>\n\n\n\n<figure class=\"wp-block-image size-large\"><img loading=\"lazy\" loading=\"lazy\" decoding=\"async\" width=\"1024\" height=\"768\" src=\"https:\/\/corpsdiplomaticnews.tg\/wp-content\/uploads\/2025\/05\/GLORIA--1024x768.jpg\" alt=\"\" class=\"wp-image-10200\" srcset=\"https:\/\/corpsdiplomaticnews.tg\/wp-content\/uploads\/2025\/05\/GLORIA--1024x768.jpg 1024w, https:\/\/corpsdiplomaticnews.tg\/wp-content\/uploads\/2025\/05\/GLORIA--300x225.jpg 300w, https:\/\/corpsdiplomaticnews.tg\/wp-content\/uploads\/2025\/05\/GLORIA--768x576.jpg 768w, https:\/\/corpsdiplomaticnews.tg\/wp-content\/uploads\/2025\/05\/GLORIA--860x645.jpg 860w, https:\/\/corpsdiplomaticnews.tg\/wp-content\/uploads\/2025\/05\/GLORIA-.jpg 1280w\" sizes=\"auto, (max-width: 1024px) 100vw, 1024px\" \/><\/figure>\n\n\n\n<p><strong>Mlle EHO Gloria, Coordinatrice du Projet <\/strong><\/p>\n\n\n\n<p>Ce projet vise \u00e0 \u00e9duquer, former, \u00e0 sensibiliser sur diff\u00e9rentes th\u00e9matiques, \u00e0 savoir: la cr\u00e9ation d\u2019entreprise, le marketing, les techniques de ventes, la gestion d\u2019entreprise, le leadership f\u00e9minin et la protection de l\u2019environnement.<\/p>\n\n\n\n<p>Les b\u00e9n\u00e9ficiaires sont des jeunes filles et femmes &nbsp;au nombre de 50 dont 30 \u00e0 Lom\u00e9 et 20 \u00e0 Vogan. Leurs formations ont d\u00e9but\u00e9 le &nbsp;lundi 05 mai 2025 &nbsp;et vont durer deux semaines dans chacune de ces deux villes.<\/p>\n\n\n\n<figure class=\"wp-block-image size-full\"><img loading=\"lazy\" loading=\"lazy\" decoding=\"async\" width=\"1024\" height=\"768\" src=\"https:\/\/corpsdiplomaticnews.tg\/wp-content\/uploads\/2025\/05\/UCF-1.jpg\" alt=\"\" class=\"wp-image-10201\" srcset=\"https:\/\/corpsdiplomaticnews.tg\/wp-content\/uploads\/2025\/05\/UCF-1.jpg 1024w, https:\/\/corpsdiplomaticnews.tg\/wp-content\/uploads\/2025\/05\/UCF-1-300x225.jpg 300w, https:\/\/corpsdiplomaticnews.tg\/wp-content\/uploads\/2025\/05\/UCF-1-768x576.jpg 768w, https:\/\/corpsdiplomaticnews.tg\/wp-content\/uploads\/2025\/05\/UCF-1-860x645.jpg 860w\" sizes=\"auto, (max-width: 1024px) 100vw, 1024px\" \/><\/figure>\n\n\n\n<p><strong>Phorto de famille, b\u00e9n\u00e9ficiaires et responsables de l&rsquo;ONG <\/strong><\/p>\n\n\n\n<p>Ce projet a pour objectif est de favoriser une autonomisation \u00e9conomique assur\u00e9e aux jeunes femmes et jeunes filles \u00e0 travers une promotion entrepreneuriale, et une formation en leadership \u00ab RiseUp! \u00bb conform\u00e9ment \u00e0 l\u2019objectif 2035 d\u2019un leadership audacieux et transformateur en ligne droite avec l\u2019ODD1- pas de pauvret\u00e9, l\u2019ODD2- faim z\u00e9ro, l\u2019ODD5- \u00e9galit\u00e9 entre les sexes, l\u2019ODD8- travail d\u00e9cent et croissance \u00e9conomique, l\u2019ODD10- in\u00e9galit\u00e9 r\u00e9duites.<\/p>\n\n\n\n<p><\/p>\n\n\n\n<figure class=\"wp-block-image size-full\"><img loading=\"lazy\" loading=\"lazy\" decoding=\"async\" width=\"1024\" height=\"768\" src=\"https:\/\/corpsdiplomaticnews.tg\/wp-content\/uploads\/2025\/05\/UCF-2.jpg\" alt=\"\" class=\"wp-image-10202\" srcset=\"https:\/\/corpsdiplomaticnews.tg\/wp-content\/uploads\/2025\/05\/UCF-2.jpg 1024w, https:\/\/corpsdiplomaticnews.tg\/wp-content\/uploads\/2025\/05\/UCF-2-300x225.jpg 300w, https:\/\/corpsdiplomaticnews.tg\/wp-content\/uploads\/2025\/05\/UCF-2-768x576.jpg 768w, https:\/\/corpsdiplomaticnews.tg\/wp-content\/uploads\/2025\/05\/UCF-2-860x645.jpg 860w\" sizes=\"auto, (max-width: 1024px) 100vw, 1024px\" \/><\/figure>\n\n\n\n<p>&nbsp;Aux termes &nbsp;des formations, les capacit\u00e9s \u00e9conomiques entrepreneuriales et environnementales des jeunes filles et femmes seront renforc\u00e9es dans le domaine de la gestion d\u2019activit\u00e9s g\u00e9n\u00e9ratrices de revenus (AGR) en vue de leur croissance \u00e9conomique, sociale et autonomisation.<\/p>\n\n\n\n<p>Il sied de rappeler&nbsp; que &nbsp;l\u2019UCF\/YWCA-Togo, Union Chr\u00e9tienne f\u00e9minine ou la Young Women Christian association est une organisation non gouvernementale, \u00e0 but non lucratif, cr\u00e9\u00e9e le 16 f\u00e9vrier 1992, qui regroupe des femmes, des jeunes filles et filles de toutes les tranches d\u2019\u00e2ges, \u00e0 savoir la session junior (6-12 ans), la session jeunesse (13- 30 ans) et la session senior (+ 30 ans).<\/p>\n\n\n\n<p>Elle &nbsp;met la femme, la jeune fille et la fille \u00e0 l\u2019avant-garde en vue de promouvoir une soci\u00e9t\u00e9 o\u00f9 r\u00e8gne paix, justice, dignit\u00e9 humaine et dans laquelle le d\u00e9veloppement durable et la pr\u00e9servation de l\u2019environnement sont soutenus par le leadership f\u00e9minin.<\/p>\n\n\n\n<p>L\u2019UCF\/YWCA-Togo a pour mission de rassembler les femmes, les jeunes filles et filles, les \u00e9duquer, les former et les aider \u00e0 d\u00e9velopper leurs comp\u00e9tences pour une am\u00e9lioration de leur condition de vie et celle de leur communaut\u00e9. Par ailleurs, elle intervient dans le domaine de \u2013droits &nbsp;de l\u2019Homme, en g\u00e9n\u00e9ral, droit de la femme et de la fille en particulier, &#8211; autonomisation de la femme et de la jeune fille &#8211; droits et sant\u00e9 sexuels et reproductifs &#8211; \u00e9ducation formelle et non formelle &#8211; lutte contre la violence bas\u00e9e sur le genre &#8211; leadership f\u00e9minin.&nbsp;<\/p>\n\n\n\n<p>Ses &nbsp;domaines d\u2019intervention &nbsp;sont en droite ligne avec ce projet qui est ax\u00e9 essentiellement sur la protection de l\u2019environnement, l\u2019entreprenariat et le leadership des jeunes filles et des jeunes femmes en milieu urbain et rural, de la tranche d\u2019\u00e2ge, &nbsp;&nbsp;14 \u00e0 &nbsp;30 ans.<\/p>\n\n\n\n<p>Le projet va durer onze mois.<\/p>\n\n\n\n<p><strong>Jean-Baptiste SAY<\/strong> <\/p>\n","protected":false},"excerpt":{"rendered":"<p>C\u2019est dans une grande ferveur&nbsp; que l\u2018Union chr\u00e9tienne&nbsp; f\u00e9minine du Togo (UCF-Togo)&nbsp; a proc\u00e9d\u00e9&nbsp; au lancement&nbsp; de son initiative&nbsp; intitul\u00e9e&nbsp; \u00ab&nbsp;Projet&nbsp; d\u2019appui \u00e0 l\u2019entrepreneuriat&nbsp; des jeunes femmes et des jeunes filles: promotion des activit\u00e9s g\u00e9n\u00e9ratrices de revenus en milieu urbain et rural \u00bb \u00e0 Lom\u00e9 ce samedi 03 mai 2025. Table d&rsquo;honneur lors du lancement [&hellip;]<\/p>\n","protected":false},"author":2,"featured_media":10188,"comment_status":"open","ping_status":"open","sticky":false,"template":"","format":"standard","meta":{"footnotes":""},"categories":[105,124],"tags":[],"class_list":{"0":"post-10187","1":"post","2":"type-post","3":"status-publish","4":"format-standard","5":"has-post-thumbnail","7":"category-developpement","8":"category-la-une"},"_links":{"self":[{"href":"https:\/\/corpsdiplomaticnews.tg\/index.php\/wp-json\/wp\/v2\/posts\/10187","targetHints":{"allow":["GET"]}}],"collection":[{"href":"https:\/\/corpsdiplomaticnews.tg\/index.php\/wp-json\/wp\/v2\/posts"}],"about":[{"href":"https:\/\/corpsdiplomaticnews.tg\/index.php\/wp-json\/wp\/v2\/types\/post"}],"author":[{"embeddable":true,"href":"https:\/\/corpsdiplomaticnews.tg\/index.php\/wp-json\/wp\/v2\/users\/2"}],"replies":[{"embeddable":true,"href":"https:\/\/corpsdiplomaticnews.tg\/index.php\/wp-json\/wp\/v2\/comments?post=10187"}],"version-history":[{"count":2,"href":"https:\/\/corpsdiplomaticnews.tg\/index.php\/wp-json\/wp\/v2\/posts\/10187\/revisions"}],"predecessor-version":[{"id":10203,"href":"https:\/\/corpsdiplomaticnews.tg\/index.php\/wp-json\/wp\/v2\/posts\/10187\/revisions\/10203"}],"wp:featuredmedia":[{"embeddable":true,"href":"https:\/\/corpsdiplomaticnews.tg\/index.php\/wp-json\/wp\/v2\/media\/10188"}],"wp:attachment":[{"href":"https:\/\/corpsdiplomaticnews.tg\/index.php\/wp-json\/wp\/v2\/media?parent=10187"}],"wp:term":[{"taxonomy":"category","embeddable":true,"href":"https:\/\/corpsdiplomaticnews.tg\/index.php\/wp-json\/wp\/v2\/categories?post=10187"},{"taxonomy":"post_tag","embeddable":true,"href":"https:\/\/corpsdiplomaticnews.tg\/index.php\/wp-json\/wp\/v2\/tags?post=10187"}],"curies":[{"name":"wp","href":"https:\/\/api.w.org\/{rel}","templated":true}]}}