{"id":10129,"date":"2025-04-29T23:21:48","date_gmt":"2025-04-29T23:21:48","guid":{"rendered":"https:\/\/corpsdiplomaticnews.tg\/?p=10129"},"modified":"2025-04-29T23:34:19","modified_gmt":"2025-04-29T23:34:19","slug":"la-phase-2-du-forests4future-officiellement-lancee-14-million-dhectares-de-terres-a-reboiser","status":"publish","type":"post","link":"https:\/\/corpsdiplomaticnews.tg\/index.php\/2025\/04\/29\/la-phase-2-du-forests4future-officiellement-lancee-14-million-dhectares-de-terres-a-reboiser\/","title":{"rendered":"La phase\u00a0 2 du Forests4Future\u00a0 officiellement\u00a0\u00a0 lanc\u00e9e: 1,4 million d\u2019hectares de terres \u00e0 reboiser"},"content":{"rendered":"\n<p>Le jeudi 24 avril 2025, le minist\u00e8re togolais de l\u2019environnement et des ressources foresti\u00e8res, en partenariat avec l\u2019Ambassade d\u2019Allemagne et celle du Luxembourg, a proc\u00e9d\u00e9 au lancement officiel\u00a0 de la deuxi\u00e8me phase du projet Forests4Future.\u00a0 Cette c\u00e9r\u00e9monie est intervenue au cours d\u2019un atelier qui a lieu dans\u00a0 la capitale togolaise en pr\u00e9sence des parties prenantes\u00a0 notamment les acteurs gouvernementaux, des collectivit\u00e9s territoriales, du secteur priv\u00e9 et des populations b\u00e9n\u00e9ficiaires.  <\/p>\n\n\n\n<figure class=\"wp-block-image size-large\"><img loading=\"lazy\" loading=\"lazy\" decoding=\"async\" width=\"1024\" height=\"768\" src=\"https:\/\/corpsdiplomaticnews.tg\/wp-content\/uploads\/2025\/04\/ENV-4-1024x768.jpg\" alt=\"\" class=\"wp-image-10130\" srcset=\"https:\/\/corpsdiplomaticnews.tg\/wp-content\/uploads\/2025\/04\/ENV-4-1024x768.jpg 1024w, https:\/\/corpsdiplomaticnews.tg\/wp-content\/uploads\/2025\/04\/ENV-4-300x225.jpg 300w, https:\/\/corpsdiplomaticnews.tg\/wp-content\/uploads\/2025\/04\/ENV-4-768x576.jpg 768w, https:\/\/corpsdiplomaticnews.tg\/wp-content\/uploads\/2025\/04\/ENV-4-1536x1152.jpg 1536w, https:\/\/corpsdiplomaticnews.tg\/wp-content\/uploads\/2025\/04\/ENV-4-860x645.jpg 860w, https:\/\/corpsdiplomaticnews.tg\/wp-content\/uploads\/2025\/04\/ENV-4.jpg 2048w\" sizes=\"auto, (max-width: 1024px) 100vw, 1024px\" \/><\/figure>\n\n\n\n<p>                            <strong>PHOTO DE FAMILLE DES PARTICIPANTS (\u00e0 l&rsquo;ouverture de l&rsquo;atelier) <\/strong><\/p>\n\n\n\n<p>La c\u00e9r\u00e9monie de lancement a \u00e9t\u00e9 marqu\u00e9e par plusieurs allocutions des personnalit\u00e9s invit\u00e9es pour la circonstance.  <\/p>\n\n\n\n<figure class=\"wp-block-image size-large\"><img loading=\"lazy\" loading=\"lazy\" decoding=\"async\" width=\"1024\" height=\"768\" src=\"https:\/\/corpsdiplomaticnews.tg\/wp-content\/uploads\/2025\/04\/ENV-2-1024x768.jpg\" alt=\"\" class=\"wp-image-10131\" srcset=\"https:\/\/corpsdiplomaticnews.tg\/wp-content\/uploads\/2025\/04\/ENV-2-1024x768.jpg 1024w, https:\/\/corpsdiplomaticnews.tg\/wp-content\/uploads\/2025\/04\/ENV-2-300x225.jpg 300w, https:\/\/corpsdiplomaticnews.tg\/wp-content\/uploads\/2025\/04\/ENV-2-768x576.jpg 768w, https:\/\/corpsdiplomaticnews.tg\/wp-content\/uploads\/2025\/04\/ENV-2-1536x1152.jpg 1536w, https:\/\/corpsdiplomaticnews.tg\/wp-content\/uploads\/2025\/04\/ENV-2-860x645.jpg 860w, https:\/\/corpsdiplomaticnews.tg\/wp-content\/uploads\/2025\/04\/ENV-2.jpg 2048w\" sizes=\"auto, (max-width: 1024px) 100vw, 1024px\" \/><\/figure>\n\n\n\n<p>\u00a0<strong>Monsieur <\/strong> <strong>Johannes KLOTZ, 2e de la droite vers la gauche <\/strong><\/p>\n\n\n\n<p>Ouvrant le ban  des  discours, le Premier\u00a0 Secr\u00e9taire, Monsieur\u00a0 Johannes KLOTZ,\u00a0\u00a0 Repr\u00e9sentant l\u2019Ambassadeur de la R\u00e9publique\u00a0 F\u00e9d\u00e9rale d\u2019Allemagne au Togo, a d\u00e9clar\u00e9\u00a0 que\u00a0 le \u00a0projet Forest4Future <strong>\u00a0<\/strong>est \u00ab\u00a0une initiative d\u2019importance majeure pour la pr\u00e9servation de l\u2019environnement et\u00a0la lutte contre les effets du changement climatique\u00a0\u00bb<\/p>\n\n\n\n<p>Pour Monsieur KLOTZ, \u00a0le Togo et l\u2019Allemagne  ont emprunte une voie commune  en mati\u00e8re de gestion \u00a0de l\u2019environnement et des ressources foresti\u00e8res, une d\u00e9marche qui vient de recevoir l\u2019assentiment des autorit\u00e9s luxembourgeoises:<\/p>\n\n\n\n<p>\u00abAvec la journ\u00e9e d\u2019aujourd\u2019hui et l\u2019engagement du gouvernement luxembourgeois, le projet Forests4Future incarne une coop\u00e9ration euro-togolaise exemplaire, illustrant&nbsp; l\u2019esprit de l\u2019Equipe&nbsp; Europe&nbsp; au service du d\u00e9veloppement durable du Togo.&nbsp;\u00bb, a-t-il soulign\u00e9. &nbsp;<\/p>\n\n\n\n<p>Et de poursuivre en&nbsp; disant&nbsp;que &nbsp;ce projet traduit leur &nbsp;volont\u00e9 d\u2019agir&nbsp; de mani\u00e8re concert\u00e9e et coh\u00e9rente avec leurs &nbsp;partenaires, pour restaurer les paysages forestiers, promouvoir une gouvernance environnementale efficace&nbsp; et soutenir&nbsp; des opportunit\u00e9s \u00e9conomiques durables&nbsp; au b\u00e9n\u00e9fice des communaut\u00e9s locales.<\/p>\n\n\n\n<p>Aussi, Monsieur KLOTZ, \u00a0a-t-il dress\u00e9 un bilan sommaire de la coop\u00e9ration entre l\u2019Allemagne \u00a0et le Togo en mati\u00e8re de lutte contre la d\u00e9sertification. \u00ab\u00a0Jusqu\u2019\u00e0 pr\u00e9sent, avec les efforts germano-togolais, nous avons pu restaurer 1\u00a0300 hectares de terres d\u00e9grad\u00e9es au Togo. Et de poursuivre\u00a0: \u00ab\u00a0Nous sommes heureux que le Luxembourg se joigne \u00e0 nous. Nous allons travailler tous ensemble\u00a0 \u00e0 la r\u00e9alisation de l\u2019initiative AFR100, qui\u00a0 consiste \u00e0 restaurer 1,4 million\u00a0 d\u2019hectares de terres d\u00e9grad\u00e9es. Cet objectif s\u2019inscrit dans le\u00a0 cadre d\u2019initiatives internationales\u00a0 majeures pour la restauration des \u00e9cosyst\u00e8mes.\u00bb, a-t-il laiss\u00e9 entendre.<\/p>\n\n\n\n<figure class=\"wp-block-image size-large\"><img loading=\"lazy\" loading=\"lazy\" decoding=\"async\" width=\"1024\" height=\"768\" src=\"https:\/\/corpsdiplomaticnews.tg\/wp-content\/uploads\/2025\/04\/ENV-3-1024x768.jpg\" alt=\"\" class=\"wp-image-10134\" srcset=\"https:\/\/corpsdiplomaticnews.tg\/wp-content\/uploads\/2025\/04\/ENV-3-1024x768.jpg 1024w, https:\/\/corpsdiplomaticnews.tg\/wp-content\/uploads\/2025\/04\/ENV-3-300x225.jpg 300w, https:\/\/corpsdiplomaticnews.tg\/wp-content\/uploads\/2025\/04\/ENV-3-768x576.jpg 768w, https:\/\/corpsdiplomaticnews.tg\/wp-content\/uploads\/2025\/04\/ENV-3-1536x1152.jpg 1536w, https:\/\/corpsdiplomaticnews.tg\/wp-content\/uploads\/2025\/04\/ENV-3-860x645.jpg 860w, https:\/\/corpsdiplomaticnews.tg\/wp-content\/uploads\/2025\/04\/ENV-3.jpg 2048w\" sizes=\"auto, (max-width: 1024px) 100vw, 1024px\" \/><\/figure>\n\n\n\n<p>Pour sa part, Monsieur Joseph SENNINGER, Charg\u00e9&nbsp; d\u2019affaires \u00e0 l\u2019Ambassade du Grand-Duch\u00e9 de&nbsp; Luxembourg au B\u00e9nin, a salu\u00e9 la \u00ab&nbsp;collaboration fructueuse entre le minist\u00e8re togolais de l\u2019Environnement et des Ressources foresti\u00e8res, la coop\u00e9ration allemande ainsi que toutes parties prenantes&nbsp; qui ont contribu\u00e9 \u00e0 rendre cette initiative possible&nbsp;\u00bb.<\/p>\n\n\n\n<p>Pour lui, le lancement du projet Forests4Future au Togo marque une \u00e9tape cl\u00e9 dans leur volont\u00e9 partag\u00e9e de promouvoir une gestion durable des ressources naturelles, de lutter contre les effets du changement climatique&nbsp; et de pr\u00e9server la biodiversit\u00e9&nbsp; qui sont \u00ables priorit\u00e9s incontournables sur la sc\u00e8ne internationale.\u00bb<\/p>\n\n\n\n<p>En tant que membre actif de l\u2019Equipe Europe, \u00ab&nbsp;le Luxembourg s\u2019attache \u00e0 promouvoir &nbsp;une coop\u00e9ration efficace, coh\u00e9rente et compl\u00e9mentaire. Il nous semble essentiel que les efforts de nos partenaires convergent, se renforcent mutuellement et r\u00e9pondent aux priorit\u00e9s d\u00e9finies par les pays partenaires eux-m\u00eames. Le Togo, en l\u2019occurrence, a exprim\u00e9 une ambition claire et forte en mati\u00e8re de durabilit\u00e9 environnementale.&nbsp; C\u2019est cette ambition qui a suscit\u00e9 l\u2019engagement du Luxembourg \u00e0 cofinancer&nbsp; le projet Forests4Future&nbsp;\u00bb, &nbsp;a martel\u00e9 le diplomate luxembourgeois.<\/p>\n\n\n\n<p>Monsieur \u00a0SENNINGER \u00a0a \u00a0conclu \u00a0ses propos en soutenant que \u00ab\u00a0le chemin vers un avenir plus vert, plus juste et plus r\u00e9silient\u00a0 exige de la constance, de l\u2019innovation et de la solidarit\u00e9. Ensemble, nous avons l\u2019opportunit\u00e9 de faire de Forests4Future, un mod\u00e8le de coop\u00e9ration r\u00e9ussie, au service des g\u00e9n\u00e9rations pr\u00e9sentes et futures\u00a0\u00bb. <\/p>\n\n\n\n<figure class=\"wp-block-image size-full\"><img loading=\"lazy\" loading=\"lazy\" decoding=\"async\" width=\"600\" height=\"450\" src=\"https:\/\/corpsdiplomaticnews.tg\/wp-content\/uploads\/2025\/04\/ENV-1.jpg\" alt=\"\" class=\"wp-image-10135\" srcset=\"https:\/\/corpsdiplomaticnews.tg\/wp-content\/uploads\/2025\/04\/ENV-1.jpg 600w, https:\/\/corpsdiplomaticnews.tg\/wp-content\/uploads\/2025\/04\/ENV-1-300x225.jpg 300w\" sizes=\"auto, (max-width: 600px) 100vw, 600px\" \/><\/figure>\n\n\n\n<p>Par ailleurs, le\u00a0 lancement officiel de\u00a0 cette deuxi\u00e8me phase du projet a \u00e9t\u00e9 l\u2019\u0153uvre du ministre FOLI-BAZI Katari, de l\u2019environnement et des ressources foresti\u00e8res (<strong>en habit jaune, photo ci-dessus<\/strong>) .<\/p>\n\n\n\n<p>Le ministre&nbsp; a&nbsp; saisi &nbsp;cette opportunit\u00e9 pour exprimer sa gratitude \u00ab \u00e0 tous les participants pour leur constante disponibilit\u00e9 \u00e0 soutenir la politique gouvernementale en mati\u00e8re de protection de l\u2019environnement et de d\u00e9veloppement du secteur forestier\u00bb. Aussi, le ministre a-t-il t\u00e9moign\u00e9&nbsp; une reconnaissance particuli\u00e8re \u00e0 la coop\u00e9ration luxembourgeoise, dont la pr\u00e9sence est une marque des relations privil\u00e9gi\u00e9es qui unissent le Togo et le Luxembourg&nbsp;&nbsp; qui a cofinanc\u00e9 cette phase&nbsp; du&nbsp; projet \u00e0 hauteur de 3 millions d\u2019euros.<\/p>\n\n\n\n<p>Et&nbsp; le ministre&nbsp; a salu\u00e9 \u00e0 juste&nbsp; titre&nbsp; la coop\u00e9ration Luxembourgeoise,&nbsp; qui selon lui,&nbsp; vient \u00e0 point nomm\u00e9, \u00abapporter des solutions compl\u00e9mentaires \u00e0 la restauration des paysages forestiers d\u00e9grad\u00e9s&nbsp;\u00bb.&nbsp; En effet&nbsp; la deuxi\u00e8me phase du projet sera ax\u00e9e&nbsp; sur&nbsp;&nbsp; la formation et l\u2019\u00e9ducation sur les pratiques durables de la restauration des paysages forestiers, notamment l\u2019agroforesterie et la production de fourrage; l\u2019\u00e9laboration de 3 plans de d\u00e9veloppement local (PDL) de 3 communes et la mise en \u0153uvre des mesures de restauration des paysages forestiers sur une superficie de 700 ha; le soutien aux groupes de producteurs suppl\u00e9mentaires pour le miel, le karit\u00e9 et le n\u00e9r\u00e9 ;&nbsp; l\u2019identification du potentiel de revenus li\u00e9s \u00e0 l&rsquo;utilisation des for\u00eats galeries;&nbsp; le soutien au processus de d\u00e9centralisation \u00e0 travers la planification et les \u00e9changes d\u2019exp\u00e9riences entre les municipalit\u00e9s pour l\u2019atteinte des engagements dans le cadre de l\u2019initiative AFR100&nbsp;&nbsp; dont l&rsquo;ambition du Togo est de restaurer 1,4 million d&rsquo;hectares de paysages forestiers d\u00e9grad\u00e9s d&rsquo;ici 2030.<\/p>\n\n\n\n<p>Il sied&nbsp; de rappeler&nbsp; que le projet&nbsp; Forests4Future&nbsp;&nbsp; va&nbsp; contribuer directement \u00e0 l&rsquo;atteinte des Objectifs de D\u00e9veloppement Durable, notamment les objectifs 13 et 15, qui visent respectivement&nbsp; l&rsquo;adoption de mesures urgentes pour faire face au changement climatique et \u00e0 ses effets;&nbsp; la protection, la restauration et la promotion d&rsquo;une exploitation durable des \u00e9cosyst\u00e8mes terrestres, ainsi que la gestion durable des for\u00eats.<\/p>\n\n\n\n<p>Le projet Forests4Future d\u2019un co\u00fbt global de 8 millions d\u2019euros est cofinanc\u00e9 par l\u2019Allemagne et le Luxembourg et mis en \u0153uvre par la GIZ. D\u00e9but\u00e9 &nbsp;en 2020, il vise \u00e0 aider le Togo \u00e0 reboiser 1,4 million d\u2019hectares de terres. Son impl\u00e9mentation s\u2019\u00e9tend jusqu\u2019en mars 2027 dans la r\u00e9gion centrale.<\/p>\n\n\n\n<p><strong>Jean-Baptiste ATTISSO<\/strong><\/p>\n\n\n\n<p><a id=\"_msocom_4\"><\/a><\/p>\n\n\n\n<p>\u00a0 <\/p>\n\n\n\n<hr class=\"wp-block-separator has-alpha-channel-opacity\"\/>\n\n\n\n<p><a id=\"_msocom_1\"><\/a><\/p>\n\n\n\n<p><\/p>\n\n\n\n<p><a id=\"_msocom_2\"><\/a><\/p>\n\n\n\n<p><\/p>\n\n\n\n<p><a id=\"_msocom_3\"><\/a><\/p>\n\n\n\n<p><\/p>\n\n\n\n<p><a id=\"_msocom_4\"><\/a><\/p>\n\n\n\n<p><\/p>\n\n\n\n<p><\/p>\n","protected":false},"excerpt":{"rendered":"<p>Le jeudi 24 avril 2025, le minist\u00e8re togolais de l\u2019environnement et des ressources foresti\u00e8res, en partenariat avec l\u2019Ambassade d\u2019Allemagne et celle du Luxembourg, a proc\u00e9d\u00e9 au lancement officiel\u00a0 de la deuxi\u00e8me phase du projet Forests4Future.\u00a0 Cette c\u00e9r\u00e9monie est intervenue au cours d\u2019un atelier qui a lieu dans\u00a0 la capitale togolaise en pr\u00e9sence des parties prenantes\u00a0 [&hellip;]<\/p>\n","protected":false},"author":2,"featured_media":10131,"comment_status":"open","ping_status":"open","sticky":false,"template":"","format":"standard","meta":{"footnotes":""},"categories":[9,106,124,1],"tags":[],"class_list":{"0":"post-10129","1":"post","2":"type-post","3":"status-publish","4":"format-standard","5":"has-post-thumbnail","7":"category-azimuts","8":"category-environnement","9":"category-la-une","10":"category-non-classe"},"_links":{"self":[{"href":"https:\/\/corpsdiplomaticnews.tg\/index.php\/wp-json\/wp\/v2\/posts\/10129","targetHints":{"allow":["GET"]}}],"collection":[{"href":"https:\/\/corpsdiplomaticnews.tg\/index.php\/wp-json\/wp\/v2\/posts"}],"about":[{"href":"https:\/\/corpsdiplomaticnews.tg\/index.php\/wp-json\/wp\/v2\/types\/post"}],"author":[{"embeddable":true,"href":"https:\/\/corpsdiplomaticnews.tg\/index.php\/wp-json\/wp\/v2\/users\/2"}],"replies":[{"embeddable":true,"href":"https:\/\/corpsdiplomaticnews.tg\/index.php\/wp-json\/wp\/v2\/comments?post=10129"}],"version-history":[{"count":3,"href":"https:\/\/corpsdiplomaticnews.tg\/index.php\/wp-json\/wp\/v2\/posts\/10129\/revisions"}],"predecessor-version":[{"id":10137,"href":"https:\/\/corpsdiplomaticnews.tg\/index.php\/wp-json\/wp\/v2\/posts\/10129\/revisions\/10137"}],"wp:featuredmedia":[{"embeddable":true,"href":"https:\/\/corpsdiplomaticnews.tg\/index.php\/wp-json\/wp\/v2\/media\/10131"}],"wp:attachment":[{"href":"https:\/\/corpsdiplomaticnews.tg\/index.php\/wp-json\/wp\/v2\/media?parent=10129"}],"wp:term":[{"taxonomy":"category","embeddable":true,"href":"https:\/\/corpsdiplomaticnews.tg\/index.php\/wp-json\/wp\/v2\/categories?post=10129"},{"taxonomy":"post_tag","embeddable":true,"href":"https:\/\/corpsdiplomaticnews.tg\/index.php\/wp-json\/wp\/v2\/tags?post=10129"}],"curies":[{"name":"wp","href":"https:\/\/api.w.org\/{rel}","templated":true}]}}