{"id":10050,"date":"2025-04-16T02:07:36","date_gmt":"2025-04-16T02:07:36","guid":{"rendered":"https:\/\/corpsdiplomaticnews.tg\/?p=10050"},"modified":"2025-04-16T02:07:37","modified_gmt":"2025-04-16T02:07:37","slug":"la-cci-togo-a-inaugure-ses-locaux-dans-la-region-centrale","status":"publish","type":"post","link":"https:\/\/corpsdiplomaticnews.tg\/index.php\/2025\/04\/16\/la-cci-togo-a-inaugure-ses-locaux-dans-la-region-centrale\/","title":{"rendered":"La \u00a0CCI-Togo \u00a0a inaugur\u00e9 \u00a0ses locaux dans \u00a0la r\u00e9gion centrale"},"content":{"rendered":"\n<p>La \u00a0Chambre de commerce et d\u2019industrie du Togo (CCI-Togo) a inaugur\u00e9, \u00e0 Sokod\u00e9, le 09 avril dernier,\u00a0 \u00a0ses nouveaux bureaux de la d\u00e9l\u00e9gation r\u00e9gionale Centrale. Cette c\u00e9r\u00e9monie s\u2019est d\u00e9roul\u00e9e\u00a0 sous les regards bienveillants \u00a0du pr\u00e9fet de Tchaoudjo, Tchimbiandja Yendoukoa Douti, et le pr\u00e9sident de la CCI-Togo, Dr\u00a0 Jos\u00e9 Kwassi Sym\u00e9nouh, en pr\u00e9sence de la directrice g\u00e9n\u00e9rale de cette institution, des \u00e9lus consulaires r\u00e9gionaux, des maires de Tchaoudjo, notamment.  <\/p>\n\n\n\n<figure class=\"wp-block-image size-full\"><img loading=\"lazy\" loading=\"lazy\" decoding=\"async\" width=\"640\" height=\"360\" src=\"https:\/\/corpsdiplomaticnews.tg\/wp-content\/uploads\/2025\/04\/SYM-12.jpg\" alt=\"\" class=\"wp-image-10051\" srcset=\"https:\/\/corpsdiplomaticnews.tg\/wp-content\/uploads\/2025\/04\/SYM-12.jpg 640w, https:\/\/corpsdiplomaticnews.tg\/wp-content\/uploads\/2025\/04\/SYM-12-300x169.jpg 300w\" sizes=\"auto, (max-width: 640px) 100vw, 640px\" \/><\/figure>\n\n\n\n<p>La CCI-Togo, qui&nbsp;&nbsp;&nbsp; ambitionne&nbsp; de moderniser&nbsp;&nbsp; ses infrastructures, a construit ce nouveau b\u00e2timenten r\u00e9ponse au souhait exprim\u00e9 par le personnel d\u2019avoir des installations plus modernes et mieux adapt\u00e9es aux besoins de son organisation, favorisant ainsi leur productivit\u00e9.La proximit\u00e9 strat\u00e9gique en bordure de la nationale N\u00b01 fait de ce nouveau site, un endroit plus accessible aux partenaires, aux usagers et aux autres institutions avec lesquelles la d\u00e9l\u00e9gation collabore.<\/p>\n\n\n\n<p>La c\u00e9r\u00e9monie d\u2019inauguration a connu son apoth\u00e9ose avec la  coupure du ruban symbolique suivie de la visite des locaux par les officiels et le public invit\u00e9 pour la circonstance. <\/p>\n\n\n\n<figure class=\"wp-block-image size-full\"><img loading=\"lazy\" loading=\"lazy\" decoding=\"async\" width=\"640\" height=\"360\" src=\"https:\/\/corpsdiplomaticnews.tg\/wp-content\/uploads\/2025\/04\/SYM-11.jpg\" alt=\"\" class=\"wp-image-10052\" srcset=\"https:\/\/corpsdiplomaticnews.tg\/wp-content\/uploads\/2025\/04\/SYM-11.jpg 640w, https:\/\/corpsdiplomaticnews.tg\/wp-content\/uploads\/2025\/04\/SYM-11-300x169.jpg 300w\" sizes=\"auto, (max-width: 640px) 100vw, 640px\" \/><\/figure>\n\n\n\n<p><strong>Le Pr\u00e9fet et Dr SYMENOUH lors de la coupure du ruban <\/strong><\/p>\n\n\n\n<p>Il sied de pr\u00e9ciser qu&rsquo;avant cette inauguration, le pr\u00e9sident de la CCI-Togo et sa d\u00e9l\u00e9gation se sont rendus \u00e0 la pr\u00e9fecture o\u00f9 Dr \u00a0Sym\u00e9nouh a pr\u00e9sent\u00e9 au pr\u00e9fet Tchimbiandja, et aux maires de Tchaoudjo, les trois \u00e9lus consulaires de la r\u00e9gion charg\u00e9s des services, de l\u2019industrie et du commerce. Ils ont pour mission de promouvoir les actions de la chambre dans la r\u00e9gion et surtout d\u2019accompagner les acteurs \u00e9conomiques locaux dans le d\u00e9veloppement de leurs activit\u00e9s. <\/p>\n\n\n\n<p><\/p>\n","protected":false},"excerpt":{"rendered":"<p>La \u00a0Chambre de commerce et d\u2019industrie du Togo (CCI-Togo) a inaugur\u00e9, \u00e0 Sokod\u00e9, le 09 avril dernier,\u00a0 \u00a0ses nouveaux bureaux de la d\u00e9l\u00e9gation r\u00e9gionale Centrale. Cette c\u00e9r\u00e9monie s\u2019est d\u00e9roul\u00e9e\u00a0 sous les regards bienveillants \u00a0du pr\u00e9fet de Tchaoudjo, Tchimbiandja Yendoukoa Douti, et le pr\u00e9sident de la CCI-Togo, Dr\u00a0 Jos\u00e9 Kwassi Sym\u00e9nouh, en pr\u00e9sence de la directrice [&hellip;]<\/p>\n","protected":false},"author":2,"featured_media":10052,"comment_status":"open","ping_status":"open","sticky":false,"template":"","format":"standard","meta":{"footnotes":""},"categories":[9,104,124],"tags":[],"class_list":{"0":"post-10050","1":"post","2":"type-post","3":"status-publish","4":"format-standard","5":"has-post-thumbnail","7":"category-azimuts","8":"category-economie","9":"category-la-une"},"_links":{"self":[{"href":"https:\/\/corpsdiplomaticnews.tg\/index.php\/wp-json\/wp\/v2\/posts\/10050","targetHints":{"allow":["GET"]}}],"collection":[{"href":"https:\/\/corpsdiplomaticnews.tg\/index.php\/wp-json\/wp\/v2\/posts"}],"about":[{"href":"https:\/\/corpsdiplomaticnews.tg\/index.php\/wp-json\/wp\/v2\/types\/post"}],"author":[{"embeddable":true,"href":"https:\/\/corpsdiplomaticnews.tg\/index.php\/wp-json\/wp\/v2\/users\/2"}],"replies":[{"embeddable":true,"href":"https:\/\/corpsdiplomaticnews.tg\/index.php\/wp-json\/wp\/v2\/comments?post=10050"}],"version-history":[{"count":1,"href":"https:\/\/corpsdiplomaticnews.tg\/index.php\/wp-json\/wp\/v2\/posts\/10050\/revisions"}],"predecessor-version":[{"id":10053,"href":"https:\/\/corpsdiplomaticnews.tg\/index.php\/wp-json\/wp\/v2\/posts\/10050\/revisions\/10053"}],"wp:featuredmedia":[{"embeddable":true,"href":"https:\/\/corpsdiplomaticnews.tg\/index.php\/wp-json\/wp\/v2\/media\/10052"}],"wp:attachment":[{"href":"https:\/\/corpsdiplomaticnews.tg\/index.php\/wp-json\/wp\/v2\/media?parent=10050"}],"wp:term":[{"taxonomy":"category","embeddable":true,"href":"https:\/\/corpsdiplomaticnews.tg\/index.php\/wp-json\/wp\/v2\/categories?post=10050"},{"taxonomy":"post_tag","embeddable":true,"href":"https:\/\/corpsdiplomaticnews.tg\/index.php\/wp-json\/wp\/v2\/tags?post=10050"}],"curies":[{"name":"wp","href":"https:\/\/api.w.org\/{rel}","templated":true}]}}