{"id":10044,"date":"2025-04-16T01:49:36","date_gmt":"2025-04-16T01:49:36","guid":{"rendered":"https:\/\/corpsdiplomaticnews.tg\/?p=10044"},"modified":"2025-04-16T02:21:07","modified_gmt":"2025-04-16T02:21:07","slug":"developpement-economique-et-social-la-ccit-togo-et-lassemblee-nationale-vibrent-au-meme-diapason","status":"publish","type":"post","link":"https:\/\/corpsdiplomaticnews.tg\/index.php\/2025\/04\/16\/developpement-economique-et-social-la-ccit-togo-et-lassemblee-nationale-vibrent-au-meme-diapason\/","title":{"rendered":"D\u00e9veloppement \u00e9conomique et social: la CCI-Togo et l\u2019Assembl\u00e9e nationale vibrent au m\u00eame diapason\u00a0"},"content":{"rendered":"\n<p>Une d\u00e9l\u00e9gation de la Chambre de Commerce et d\u2019Industrie du Togo (CCI-Togo), conduite par son Pr\u00e9sident, Dr Jos\u00e9 Kwassi SYMENOUH a \u00e9t\u00e9\u00a0 re\u00e7ue\u00a0 en audience\u00a0 le jeudi 10 avril 2025\u00a0 par \u00a0le\u00a0 Pr\u00e9sident de l\u2019Assembl\u00e9e nationale, Sevon-T\u00e9p\u00e9 Kodjo Ad\u00e9dz\u00e9. Cette rencontre s\u2019inscrit dans une dynamique de dialogue institutionnel renforc\u00e9 en faveur du d\u00e9veloppement \u00e9conomique et social du Togo. <\/p>\n\n\n\n<figure class=\"wp-block-image size-full\"><img loading=\"lazy\" loading=\"lazy\" decoding=\"async\" width=\"1024\" height=\"587\" src=\"https:\/\/corpsdiplomaticnews.tg\/wp-content\/uploads\/2025\/04\/sym-00.jpg\" alt=\"\" class=\"wp-image-10045\" srcset=\"https:\/\/corpsdiplomaticnews.tg\/wp-content\/uploads\/2025\/04\/sym-00.jpg 1024w, https:\/\/corpsdiplomaticnews.tg\/wp-content\/uploads\/2025\/04\/sym-00-300x172.jpg 300w, https:\/\/corpsdiplomaticnews.tg\/wp-content\/uploads\/2025\/04\/sym-00-768x440.jpg 768w, https:\/\/corpsdiplomaticnews.tg\/wp-content\/uploads\/2025\/04\/sym-00-860x493.jpg 860w\" sizes=\"auto, (max-width: 1024px) 100vw, 1024px\" \/><\/figure>\n\n\n\n<p>Les \u00e9changes avec le Pr\u00e9sident de l\u2019Assembl\u00e9e nationale ont port\u00e9 sur les grands axes de coop\u00e9ration entre les deux institutions, notamment en mati\u00e8re d\u2019appui l\u00e9gislatif aux r\u00e9formes \u00e9conomiques, de promotion de l\u2019investissement priv\u00e9, de digitalisation et de partenariat international.<\/p>\n\n\n\n<figure class=\"wp-block-image size-large\"><img loading=\"lazy\" loading=\"lazy\" decoding=\"async\" width=\"1024\" height=\"739\" src=\"https:\/\/corpsdiplomaticnews.tg\/wp-content\/uploads\/2025\/04\/SYMENOUH-2-1024x739.jpg\" alt=\"\" class=\"wp-image-10047\" srcset=\"https:\/\/corpsdiplomaticnews.tg\/wp-content\/uploads\/2025\/04\/SYMENOUH-2-1024x739.jpg 1024w, https:\/\/corpsdiplomaticnews.tg\/wp-content\/uploads\/2025\/04\/SYMENOUH-2-300x216.jpg 300w, https:\/\/corpsdiplomaticnews.tg\/wp-content\/uploads\/2025\/04\/SYMENOUH-2-768x554.jpg 768w, https:\/\/corpsdiplomaticnews.tg\/wp-content\/uploads\/2025\/04\/SYMENOUH-2-860x620.jpg 860w, https:\/\/corpsdiplomaticnews.tg\/wp-content\/uploads\/2025\/04\/SYMENOUH-2.jpg 1080w\" sizes=\"auto, (max-width: 1024px) 100vw, 1024px\" \/><\/figure>\n\n\n\n<p><strong>Dr  SYMENOUH et le Pr\u00e9sident de l&rsquo;Assembl\u00e9e nationale  ADEDZE <\/strong><\/p>\n\n\n\n<p><em>\u00ab Nous souhaitons \u00eatre v\u00e9ritablement un partenaire de l\u2019\u00c9tat. \u00c0 ce titre, nous avons soumis plusieurs projets, en mettant l\u2019accent sur le d\u00e9veloppement des initiatives endog\u00e8nes, c\u2019est-\u00e0-dire soutenir les petites et moyennes entreprises, les accompagner pour qu\u2019elles grandissent, qu\u2019elles deviennent des entreprises importantes et p\u00e9rennes \u00bb.<\/em> <\/p>\n\n\n\n<p>La d\u00e9l\u00e9gation de la CCI-Togo a \u00e9galement partag\u00e9 sa vision pour le renforcement des capacit\u00e9s des op\u00e9rateurs \u00e9conomiques togolais \u00e0 travers la mise en place d\u2019un Centre de \u00ab\u00a0Business Languages\u00a0\u00bb. Ce centre vise \u00e0 lever la barri\u00e8re linguistique en offrant des formations en anglais et en chinois aux op\u00e9rateurs \u00e9conomiques, dans l\u2019optique de favoriser les \u00e9changes internationaux. <\/p>\n\n\n\n<p><em>\u00ab Savez-vous que les op\u00e9rateurs \u00e9conomiques sont parfois confront\u00e9s \u00e0 des probl\u00e8mes de langues ? (\u2026) Le plus grand projet pour y rem\u00e9dier, c\u2019est de rompre cette barri\u00e8re et de cr\u00e9er un centre de business languages \u00bb,<\/em>&nbsp;a expliqu\u00e9 le Pr\u00e9sident de la CCI-Togo.<\/p>\n\n\n\n<figure class=\"wp-block-image size-large\"><img loading=\"lazy\" loading=\"lazy\" decoding=\"async\" width=\"1024\" height=\"886\" src=\"https:\/\/corpsdiplomaticnews.tg\/wp-content\/uploads\/2025\/04\/SYMENOUH-1-1024x886.jpg\" alt=\"\" class=\"wp-image-10046\" srcset=\"https:\/\/corpsdiplomaticnews.tg\/wp-content\/uploads\/2025\/04\/SYMENOUH-1-1024x886.jpg 1024w, https:\/\/corpsdiplomaticnews.tg\/wp-content\/uploads\/2025\/04\/SYMENOUH-1-300x259.jpg 300w, https:\/\/corpsdiplomaticnews.tg\/wp-content\/uploads\/2025\/04\/SYMENOUH-1-768x664.jpg 768w, https:\/\/corpsdiplomaticnews.tg\/wp-content\/uploads\/2025\/04\/SYMENOUH-1-860x744.jpg 860w, https:\/\/corpsdiplomaticnews.tg\/wp-content\/uploads\/2025\/04\/SYMENOUH-1.jpg 1080w\" sizes=\"auto, (max-width: 1024px) 100vw, 1024px\" \/><\/figure>\n\n\n\n<p>Autre priorit\u00e9 \u00e9voqu\u00e9e : la digitalisation des services de la Chambre et l\u2019accompagnement des entreprises \u00e0 l\u2019\u00e8re du num\u00e9rique.<\/p>\n\n\n\n<p><em>\u00ab Lorsqu\u2019on ne prend pas le progr\u00e8s en main, il risque de vous prendre par la gorge. \u00bb<\/em>, a-t-il illustr\u00e9.<\/p>\n\n\n\n<p>Le Pr\u00e9sident de la CCI-Togo a enfin exprim\u00e9 sa confiance dans l\u2019avenir et la capacit\u00e9 du pays \u00e0 relever les d\u00e9fis, avec l\u2019engagement des institutions de la R\u00e9publique.<\/p>\n\n\n\n<p><em>\u00ab Nous sommes incontestablement ambitieux pour le Togo, parce que le Chef de l\u2019\u00c9tat a beaucoup d\u2019ambitions et compte sur un d\u00e9veloppement \u00e9conomique solide. Et c\u2019est pourquoi nous sommes pr\u00eats, en tant qu\u2019institution, \u00e0 l\u2019accompagner dans sa noble vision. \u00bb<\/em><\/p>\n\n\n\n<p>Cette audience marque un pas important dans le renforcement de la synergie entre les institutions et les acteurs du secteur priv\u00e9, dans la mise en \u0153uvre des r\u00e9formes et politiques publiques pour un Togo prosp\u00e8re, inclusif et \u00e9mergent.<\/p>\n\n\n\n<figure class=\"wp-block-image size-large\"><img loading=\"lazy\" loading=\"lazy\" decoding=\"async\" width=\"1024\" height=\"796\" src=\"https:\/\/corpsdiplomaticnews.tg\/wp-content\/uploads\/2025\/04\/SYMENOUH-3-1024x796.jpg\" alt=\"\" class=\"wp-image-10048\" srcset=\"https:\/\/corpsdiplomaticnews.tg\/wp-content\/uploads\/2025\/04\/SYMENOUH-3-1024x796.jpg 1024w, https:\/\/corpsdiplomaticnews.tg\/wp-content\/uploads\/2025\/04\/SYMENOUH-3-300x233.jpg 300w, https:\/\/corpsdiplomaticnews.tg\/wp-content\/uploads\/2025\/04\/SYMENOUH-3-768x597.jpg 768w, https:\/\/corpsdiplomaticnews.tg\/wp-content\/uploads\/2025\/04\/SYMENOUH-3-860x669.jpg 860w, https:\/\/corpsdiplomaticnews.tg\/wp-content\/uploads\/2025\/04\/SYMENOUH-3.jpg 1080w\" sizes=\"auto, (max-width: 1024px) 100vw, 1024px\" \/><\/figure>\n\n\n\n<p>Au cours de la rencontre, la d\u00e9l\u00e9gation de la CCI-Togo a officiellement pr\u00e9sent\u00e9 le nouveau bureau de l\u2019institution consulaire, compos\u00e9 de cinq membres, dont un Commissaire r\u00e9gional, une innovation majeure introduite dans la nouvelle gouvernance de la Chambre.<\/p>\n\n\n\n<p>Au sortir de l\u2019audience, Dr Symenouh a soulign\u00e9 l\u2019ambition de la CCI-Togo \u00a0laquelle consiste \u00e0 jouer \u00a0un r\u00f4le actif dans la transformation \u00e9conomique du pays. <\/p>\n","protected":false},"excerpt":{"rendered":"<p>Une d\u00e9l\u00e9gation de la Chambre de Commerce et d\u2019Industrie du Togo (CCI-Togo), conduite par son Pr\u00e9sident, Dr Jos\u00e9 Kwassi SYMENOUH a \u00e9t\u00e9\u00a0 re\u00e7ue\u00a0 en audience\u00a0 le jeudi 10 avril 2025\u00a0 par \u00a0le\u00a0 Pr\u00e9sident de l\u2019Assembl\u00e9e nationale, Sevon-T\u00e9p\u00e9 Kodjo Ad\u00e9dz\u00e9. Cette rencontre s\u2019inscrit dans une dynamique de dialogue institutionnel renforc\u00e9 en faveur du d\u00e9veloppement \u00e9conomique et [&hellip;]<\/p>\n","protected":false},"author":2,"featured_media":10047,"comment_status":"open","ping_status":"open","sticky":false,"template":"","format":"standard","meta":{"footnotes":""},"categories":[105,104,124],"tags":[],"class_list":{"0":"post-10044","1":"post","2":"type-post","3":"status-publish","4":"format-standard","5":"has-post-thumbnail","7":"category-developpement","8":"category-economie","9":"category-la-une"},"_links":{"self":[{"href":"https:\/\/corpsdiplomaticnews.tg\/index.php\/wp-json\/wp\/v2\/posts\/10044","targetHints":{"allow":["GET"]}}],"collection":[{"href":"https:\/\/corpsdiplomaticnews.tg\/index.php\/wp-json\/wp\/v2\/posts"}],"about":[{"href":"https:\/\/corpsdiplomaticnews.tg\/index.php\/wp-json\/wp\/v2\/types\/post"}],"author":[{"embeddable":true,"href":"https:\/\/corpsdiplomaticnews.tg\/index.php\/wp-json\/wp\/v2\/users\/2"}],"replies":[{"embeddable":true,"href":"https:\/\/corpsdiplomaticnews.tg\/index.php\/wp-json\/wp\/v2\/comments?post=10044"}],"version-history":[{"count":2,"href":"https:\/\/corpsdiplomaticnews.tg\/index.php\/wp-json\/wp\/v2\/posts\/10044\/revisions"}],"predecessor-version":[{"id":10054,"href":"https:\/\/corpsdiplomaticnews.tg\/index.php\/wp-json\/wp\/v2\/posts\/10044\/revisions\/10054"}],"wp:featuredmedia":[{"embeddable":true,"href":"https:\/\/corpsdiplomaticnews.tg\/index.php\/wp-json\/wp\/v2\/media\/10047"}],"wp:attachment":[{"href":"https:\/\/corpsdiplomaticnews.tg\/index.php\/wp-json\/wp\/v2\/media?parent=10044"}],"wp:term":[{"taxonomy":"category","embeddable":true,"href":"https:\/\/corpsdiplomaticnews.tg\/index.php\/wp-json\/wp\/v2\/categories?post=10044"},{"taxonomy":"post_tag","embeddable":true,"href":"https:\/\/corpsdiplomaticnews.tg\/index.php\/wp-json\/wp\/v2\/tags?post=10044"}],"curies":[{"name":"wp","href":"https:\/\/api.w.org\/{rel}","templated":true}]}}