{"id":10041,"date":"2025-04-16T01:08:01","date_gmt":"2025-04-16T01:08:01","guid":{"rendered":"https:\/\/corpsdiplomaticnews.tg\/?p=10041"},"modified":"2025-04-16T01:08:03","modified_gmt":"2025-04-16T01:08:03","slug":"luprad-togo-forme-ses-membres-sur-les-regimes-et-contentieux-douaniers","status":"publish","type":"post","link":"https:\/\/corpsdiplomaticnews.tg\/index.php\/2025\/04\/16\/luprad-togo-forme-ses-membres-sur-les-regimes-et-contentieux-douaniers\/","title":{"rendered":"L\u2019UPRAD-Togo \u00a0forme\u00a0 ses membres\u00a0 sur les r\u00e9gimes et contentieux douaniers"},"content":{"rendered":"\n<p>Les Commissionnaires en Douane Agr\u00e9\u00e9s (CDA) affili\u00e9s \u00e0 l\u2019Union Professionnelle des Agr\u00e9\u00e9s en Douane du Togo (UPRAD-Togo) ont pris part, du lundi 7 \u00a0au mercredi\u00a0 09 avril 2025, \u00e0 une session  de renforcement des capacit\u00e9s.<\/p>\n\n\n\n<figure class=\"wp-block-image size-full\"><img loading=\"lazy\" loading=\"lazy\" decoding=\"async\" width=\"600\" height=\"363\" src=\"https:\/\/corpsdiplomaticnews.tg\/wp-content\/uploads\/2025\/04\/COMMISSIONNAIRES.jpg\" alt=\"\" class=\"wp-image-10042\" srcset=\"https:\/\/corpsdiplomaticnews.tg\/wp-content\/uploads\/2025\/04\/COMMISSIONNAIRES.jpg 600w, https:\/\/corpsdiplomaticnews.tg\/wp-content\/uploads\/2025\/04\/COMMISSIONNAIRES-300x182.jpg 300w\" sizes=\"auto, (max-width: 600px) 100vw, 600px\" \/><\/figure>\n\n\n\n<p><strong>Photo de famille des participants <\/strong><\/p>\n\n\n\n<p>&nbsp;Ladite formation \u00e9tait plac\u00e9e&nbsp; sous le th\u00e8me&nbsp;: \u00ab<em>\u202fOptimisation des comp\u00e9tences douani\u00e8res des CDA pour une meilleure performance professionnelle\u202f<\/em>\u00bb. Elle &nbsp;vise \u00e0&nbsp; permettre aux participants&nbsp; de revisiter les fondements du m\u00e9tier, les r\u00e9gimes et contentieux douaniers, tout en consolidant la ma\u00eetrise des proc\u00e9dures de d\u00e9douanement.<\/p>\n\n\n\n<p>L\u2019initiative est salu\u00e9e par Patrick Magnon, le pr\u00e9sident de l\u2019UPRAD, qui rappelle l\u2019imp\u00e9ratif pour les CDA de \u00ab<em>\u202fr\u00e9duire leur vuln\u00e9rabilit\u00e9\u202f<\/em>\u00bb face aux d\u00e9fis r\u00e9glementaires et op\u00e9rationnels.<\/p>\n\n\n\n<p>Selon Koffigan Dodji Akakpo, Secr\u00e9taire g\u00e9n\u00e9ral de cette association, la rencontre \u00ab<em>\u202fs\u2019inscrit dans la vision du renforcement continu des comp\u00e9tences de nos membres\u202f<\/em>\u00bb.<\/p>\n\n\n\n<p>Pour sa part, le formateur principal, le Col. Kpatcha Kedessim (inspecteur des douanes \u00e0 la retraite), pointe les lacunes fr\u00e9quentes: classification des marchandises, erreurs d\u00e9claratives, m\u00e9connaissance des r\u00e9gimes douaniers.<\/p>\n\n\n\n<p>Pendant ces trois jours, les participants auront \u00e0\u00a0 \u00e9changer \u00a0sur des th\u00e9matiques comme \u00ab<em>\u202fles fondements du m\u00e9tier de commissionnaire\u202f<\/em>\u00bb, \u00ab<em>\u202fles missions et l\u2019organisation des services des douanes\u202f<\/em>\u00bb, \u00ab<em>\u202fla l\u00e9gislation et les r\u00e8glements douaniers\u202f<\/em>\u00bb, \u00ab<em>\u202fles r\u00e9gimes douaniers\u202f<\/em>\u00bb ou encore \u00ab<em>\u202fles contentieux douaniers\u202f<\/em>\u00bb. <\/p>\n","protected":false},"excerpt":{"rendered":"<p>Les Commissionnaires en Douane Agr\u00e9\u00e9s (CDA) affili\u00e9s \u00e0 l\u2019Union Professionnelle des Agr\u00e9\u00e9s en Douane du Togo (UPRAD-Togo) ont pris part, du lundi 7 \u00a0au mercredi\u00a0 09 avril 2025, \u00e0 une session de renforcement des capacit\u00e9s. Photo de famille des participants &nbsp;Ladite formation \u00e9tait plac\u00e9e&nbsp; sous le th\u00e8me&nbsp;: \u00ab\u202fOptimisation des comp\u00e9tences douani\u00e8res des CDA pour une [&hellip;]<\/p>\n","protected":false},"author":2,"featured_media":10042,"comment_status":"open","ping_status":"open","sticky":false,"template":"","format":"standard","meta":{"footnotes":""},"categories":[9,124],"tags":[],"class_list":{"0":"post-10041","1":"post","2":"type-post","3":"status-publish","4":"format-standard","5":"has-post-thumbnail","7":"category-azimuts","8":"category-la-une"},"_links":{"self":[{"href":"https:\/\/corpsdiplomaticnews.tg\/index.php\/wp-json\/wp\/v2\/posts\/10041","targetHints":{"allow":["GET"]}}],"collection":[{"href":"https:\/\/corpsdiplomaticnews.tg\/index.php\/wp-json\/wp\/v2\/posts"}],"about":[{"href":"https:\/\/corpsdiplomaticnews.tg\/index.php\/wp-json\/wp\/v2\/types\/post"}],"author":[{"embeddable":true,"href":"https:\/\/corpsdiplomaticnews.tg\/index.php\/wp-json\/wp\/v2\/users\/2"}],"replies":[{"embeddable":true,"href":"https:\/\/corpsdiplomaticnews.tg\/index.php\/wp-json\/wp\/v2\/comments?post=10041"}],"version-history":[{"count":1,"href":"https:\/\/corpsdiplomaticnews.tg\/index.php\/wp-json\/wp\/v2\/posts\/10041\/revisions"}],"predecessor-version":[{"id":10043,"href":"https:\/\/corpsdiplomaticnews.tg\/index.php\/wp-json\/wp\/v2\/posts\/10041\/revisions\/10043"}],"wp:featuredmedia":[{"embeddable":true,"href":"https:\/\/corpsdiplomaticnews.tg\/index.php\/wp-json\/wp\/v2\/media\/10042"}],"wp:attachment":[{"href":"https:\/\/corpsdiplomaticnews.tg\/index.php\/wp-json\/wp\/v2\/media?parent=10041"}],"wp:term":[{"taxonomy":"category","embeddable":true,"href":"https:\/\/corpsdiplomaticnews.tg\/index.php\/wp-json\/wp\/v2\/categories?post=10041"},{"taxonomy":"post_tag","embeddable":true,"href":"https:\/\/corpsdiplomaticnews.tg\/index.php\/wp-json\/wp\/v2\/tags?post=10041"}],"curies":[{"name":"wp","href":"https:\/\/api.w.org\/{rel}","templated":true}]}}